{"id":758785,"date":"2026-02-25T12:52:12","date_gmt":"2026-02-25T12:52:12","guid":{"rendered":"https:\/\/www.europesays.com\/fr\/758785\/"},"modified":"2026-02-25T12:52:12","modified_gmt":"2026-02-25T12:52:12","slug":"les-titis-que-le-psg-ne-compte-pas-voir-partir-cet-ete","status":"publish","type":"post","link":"https:\/\/www.europesays.com\/fr\/758785\/","title":{"rendered":"Les titis que le PSG ne compte pas voir partir cet \u00e9t\u00e9"},"content":{"rendered":"<p>Le PSG poss\u00e8de l\u2019un des meilleurs centres de formation de<br \/>\nFrance. Beaucoup de titis frappent \u00e0 la porte de l\u2019\u00e9quipe premi\u00e8re.<br \/>\nPour certains d\u2019entre eux, le PSG ne veut pas entendre parler d\u2019un<br \/>\nd\u00e9part.<\/p>\n<p>Depuis son arriv\u00e9e au <strong>PSG<\/strong> durant l\u2019\u00e9t\u00e9 2023,<br \/>\n<strong>Luis Enrique<\/strong> n\u2019a pas h\u00e9sit\u00e9 \u00e0 faire confiance \u00e0 de<br \/>\nnombreux titis en leur donnant du temps de jeu ou en les lan\u00e7ant<br \/>\ndans le grand bain. Si le club de la capitale aimerait conserver<br \/>\ntous ses titis, ce n\u2019est \u00e9videmment pas possible. Certains d\u00e9cident<br \/>\nde quitter leur club formateur afin d\u2019avoir du temps de jeu et de<br \/>\nlancer leur carri\u00e8re, sachant que cela serait difficile pour eux au<br \/>\nsein du <strong>PSG<\/strong>, alors que d\u2019autres arrivent \u00e0 se<br \/>\nfaire une place dans l\u2019effectif de <strong>Luis Enrique<\/strong>.<br \/>\nLe <strong>PSG<\/strong> tente de conserver plusieurs titis qui sont<br \/>\nfortement courtis\u00e9s.\u00a0<\/p>\n<p>Mathis Jangeal,<br \/>\nun titi fortement courtis\u00e9<\/p>\n<p>Comme le rapporte <a href=\"https:\/\/www.lequipe.fr\/Football\/Article\/Mathis-jangeal-le-milieu-a-la-technique-tres-aboutie-et-les-autres-jeunes-talents-que-le-psg-ne-veut-pas-voir-partir\/1654839\" target=\"_blank\" rel=\"noopener nofollow\" title=\"\">L\u2019Equipe<\/a>, le PSG<br \/>\nesp\u00e8re convaincre <strong>Mathis Jangeal<\/strong>, pilier de<br \/>\nl\u2019\u00e9quipe <strong>Youth League<\/strong> des Rouge &amp; Bleu et qui a<br \/>\nfait deux apparitions en professionnel, contre<br \/>\n<strong>Auxerre<\/strong> en septembre dernier et face \u00e0<br \/>\n<strong>Fontenay<\/strong> (N3) en <strong>Coupe de France<\/strong><br \/>\nfin d\u00e9cembre. En fin de contrat en juin prochain, le titi attise<br \/>\nles convoitises en <strong><a href=\"https:\/\/canal-supporters.com\/mercato-vers-un-depart-libre-de-mathis-jangeal-lete-prochain\/\" title=\"\" rel=\"nofollow noopener\" target=\"_blank\">Allemagne<\/a><\/strong> et en <strong>Espagne<\/strong>.<br \/>\nConscient de la concurrence, le <strong>PSG<\/strong> lui a fait une<br \/>\nproposition de contrat professionnel en fin d\u2019ann\u00e9e. Sans r\u00e9ponse,<br \/>\npour l\u2019instant, assure le quotidien sportif. \u00ab\u00a0L\u2019enjeu<br \/>\nsymbolique est fort \u00e0 <strong>Paris<\/strong> pour un joueur qui,<br \/>\nsur ses qualit\u00e9s intrins\u00e8ques, peut avoir une projection en \u00e9quipe<br \/>\npremi\u00e8re. Certains de ses formateurs l\u2019ont per\u00e7u<br \/>\nsur\u00a0\u00ab\u00a0courant alternatif\u00a0\u00bb\u00a0ces derni\u00e8res<br \/>\nsemaines. Comme si les questions autour de son avenir commen\u00e7aient<br \/>\n\u00e0 peser, consciemment ou non. L\u2019int\u00e9ress\u00e9, qui fait partie de<br \/>\nl\u2019\u00e9curie de <strong>Jorge Mendes<\/strong>, va devoir trancher dans<br \/>\nles mois \u00e0 venir. Dans son entourage, on rappelle<br \/>\nl\u2019attachement\u00a0\u00ab\u00a0profond\u00a0\u00bb\u00a0du joueur et de sa<br \/>\nfamille au <strong>PSG<\/strong> et une volont\u00e9 de rester \u00e0<br \/>\n<strong>Paris<\/strong>. Tout en s\u2019interrogeant \u2013 l\u00e9gitimement \u2013 sur<br \/>\nla place potentielle laiss\u00e9e dans une \u00e9quipe premi\u00e8re o\u00f9 sur ces<br \/>\npostes, au-del\u00e0 de <strong>Quentin Ndjantou<\/strong><br \/>\n(18\u00a0ans),\u00a0<strong>Paris<\/strong> a recrut\u00e9 cet hiver le<br \/>\nBarcelonais <strong>Dro Fernandez<\/strong><br \/>\n(18\u00a0ans).\u00a0\u00bb<\/p>\n<p><a href=\"https:\/\/x.com\/CanalSupporters\" target=\"_blank\" rel=\"noopener nofollow\" title=\"\">canalsupporters.com<\/a><\/p>\n<p>Le PSG veut<br \/>\nstopper la fuite des talents<\/p>\n<p>Le d\u00e9part, l\u2019\u00e9t\u00e9 dernier, d\u2019un certain nombre de talents<br \/>\n(<strong>Axel Tape, Oumar Camara, Mahamadou Sangar\u00e9<\/strong>) avait<br \/>\nsuscit\u00e9 des interrogations. Jusqu\u2019au plus haut sommet du club, o\u00f9<br \/>\n<strong>Nasser al-Khela\u00effi<\/strong> avait demand\u00e9 des explications.<br \/>\nLe <strong>PSG<\/strong> est d\u00e9sormais d\u00e9cid\u00e9 \u00e0 anticiper ce type de<br \/>\nsituations. Les \u00e9quipes de <strong>Yohan Cabaye<\/strong> ont donc<br \/>\nopt\u00e9, cette ann\u00e9e, pour une politique de propositions de contrats<br \/>\nprofessionnels plus restrictive (en parall\u00e8le de contrats<br \/>\nstagiaires pros), mais avec des d\u00e9lais anticip\u00e9s. Pour ce qui est<br \/>\nde la g\u00e9n\u00e9ration 2008, dont les membres arrivent en fin de contrat<br \/>\naspirant, le <strong>PSG<\/strong> a, au-del\u00e0 de <strong>Mathis<br \/>\nJangeal<\/strong>, formul\u00e9 des propositions de contrats pros d\u00e8s la<br \/>\nfin de l\u2019ann\u00e9e 2025. \u00c0 destination, notamment, de deux<br \/>\ngardiens\u00a0:\u00a0<strong>Martin<br \/>\nJames<\/strong>\u00a0(18\u00a0ans), apparu ponctuellement sur le<br \/>\nbanc de l\u2019\u00e9quipe premi\u00e8re, et\u00a0<strong>Arthur<br \/>\nVignaud<\/strong>\u00a0(18\u00a0ans), l\u2019habituel portier des U19,<br \/>\ntr\u00e8s \u00e0 son aise face \u00e0 Bilbao en <strong>Youth League<\/strong><br \/>\n(1-1). Alors que <strong>Renato Marin<\/strong> (19\u00a0ans) est<br \/>\narriv\u00e9 l\u2019\u00e9t\u00e9 dernier, aucun des deux n\u2019a d\u00e9finitivement tranch\u00e9.<br \/>\n<strong>Emmanuel Mbemba<br \/>\n(17\u00a0ans)<\/strong>et\u00a0<strong>Hermann Malonga<br \/>\n(18\u00a0ans)<\/strong>\u00a0sont per\u00e7us comme de tr\u00e8s solides<br \/>\nespoirs.\u00a0<strong>Samba Coulibaly<br \/>\n(17\u00a0ans)<\/strong>\u00a0dispose \u00e9galement d\u2019une offre de<br \/>\ncontrat pro. Le premier, sollicit\u00e9 par le <strong>Bayern<br \/>\nMunich<\/strong> ou plus r\u00e9cemment par le <strong>Paris FC<\/strong>,<br \/>\nne devrait pas rester au <strong>PSG<\/strong>. Le second, bless\u00e9<br \/>\naux ischios en fin d\u2019ann\u00e9e, a affich\u00e9 une volont\u00e9 de prolonger son<br \/>\naventure dans le club de la capitale. Mais aucun accord n\u2019a encore<br \/>\n\u00e9t\u00e9 trouv\u00e9. Il est sollicit\u00e9 par de solides clubs allemands et<br \/>\nanglais, indique L\u2019Equipe. Enfin, <strong><a href=\"https:\/\/canal-supporters.com\/pierre-mounguengue-bientot-professionnel-au-psg\/\" title=\"\" rel=\"nofollow noopener\" target=\"_blank\">Pierre Mounguengue<\/a> (18\u00a0ans)<\/strong>\u00a0est<br \/>\nl\u2019une des r\u00e9v\u00e9lations de la saison. Le <strong>PSG<\/strong> a fait<br \/>\nsavoir qu\u2019il entendait le faire signer professionnel.<br \/>\nL\u2019international U18 dispose parall\u00e8lement d\u2019une proposition d\u2019un<br \/>\nclub anglais, d\u2019un club belge et d\u2019int\u00e9r\u00eats fran\u00e7ais.<\/p>\n<p>Sept joueurs de<br \/>\nla formation vont recevoir une offre de premier contrat<br \/>\nprofessionnel<\/p>\n<p>De son c\u00f4t\u00e9, <a href=\"https:\/\/www.leparisien.fr\/sports\/football\/psg\/psg-pourquoi-les-jeunes-du-centre-de-formation-tardent-a-signer-leur-premier-contrat-professionnel-24-02-2026-B36NXI35M5A3VBQPDPT4DGKNOY.php\" target=\"_blank\" rel=\"noopener nofollow\" title=\"\">Le Parisien<\/a> tente<br \/>\nd\u2019expliquer pourquoi les titis du <strong>PSG<\/strong> tardent \u00e0<br \/>\nsigner leur premier contrat professionnel. Le club de la capitale a<br \/>\njusqu\u2019au 30\u00a0avril pour envoyer ses propositions, sous peine de<br \/>\nprendre le risque de les voir partir sans indemnit\u00e9 de formation.<br \/>\nMais les dirigeants n\u2019ont pas attendu cette date pour d\u00e9voiler<br \/>\nleurs intentions, indique le quotidien francilien. Ce dernier<br \/>\nexplique que, selon ses informations, sept joueurs de la formation<br \/>\nont \u00e9t\u00e9 inform\u00e9s qu\u2019ils se verront proposer un premier contrat<br \/>\nprofessionnel\u00a0: <strong>Mathis Jangeal<\/strong> (milieu<br \/>\noffensif, 17\u00a0ans), <strong>Hermann Diandaga<\/strong><br \/>\n(d\u00e9fenseur, 18\u00a0ans), <strong>Samba Coulibaly<\/strong><br \/>\n(d\u00e9fenseur, 17\u00a0ans), <strong><a href=\"https:\/\/canal-supporters.com\/mercato-un-nouveau-titi-sur-le-depart-du-psg\/\" title=\"\" rel=\"nofollow noopener\" target=\"_blank\">Emmanuel Mbemba<\/a><\/strong> (d\u00e9fenseur, 17\u00a0ans),<br \/>\n<strong>Pierre Mounguengue<\/strong> (attaquant, 18\u00a0ans),<br \/>\n<strong>Martin James<\/strong> (gardien, 18\u00a0ans) et Arthur<br \/>\nVignaud (gardien, 18\u00a0ans). Pour le moment, aucun n\u2019y a r\u00e9pondu<br \/>\nfavorablement, mais, comme chaque ann\u00e9e, c\u2019est \u00e0 l\u2019approche du<br \/>\nprintemps que les \u00e9changes devraient s\u2019acc\u00e9l\u00e9rer.<br \/>\n<strong>Paris<\/strong> doit \u00e9galement composer avec les int\u00e9r\u00eats de<br \/>\nclubs \u00e9trangers qui essayeraient de les d\u00e9tourner de la capitale<br \/>\nfran\u00e7aise, assure le quotidien francilien. Certains comme<br \/>\n<strong>Jangeal<\/strong> et <strong>Diandaga<\/strong> ont une offre<br \/>\nentre les mains depuis plusieurs mois. Ils donnent leur priorit\u00e9 au<br \/>\n<strong>PSG<\/strong> et avancent sereinement dans les n\u00e9gociations,<br \/>\ntout en ayant en t\u00eate que d\u2019autres clubs sont sur les rangs.<br \/>\nL\u2019heure n\u2019est pas \u00e0 la pr\u00e9cipitation, ni pour le<br \/>\n<strong>PSG<\/strong>, ni pour ses jeunes. Mais le money-time<br \/>\napproche et l\u2019espace de d\u00e9veloppement \u00e0 l\u2019\u00e9tage sup\u00e9rieur sera l\u2019un<br \/>\ndes principaux arguments au moment de trancher leur avenir. Un<br \/>\nenjeu pour le club parisien qui esp\u00e8re les convaincre de<br \/>\nrester.<\/p><\/p>\n","protected":false},"excerpt":{"rendered":"Le PSG poss\u00e8de l\u2019un des meilleurs centres de formation de France. Beaucoup de titis frappent \u00e0 la porte&hellip;\n","protected":false},"author":2,"featured_media":657452,"comment_status":"","ping_status":"","sticky":false,"template":"","format":"standard","meta":{"footnotes":"","_share_on_mastodon":"0"},"categories":[1410],"tags":[84303,81,787,84304,63,1011,27,84305,84306,55242,1434,1435,626,91,92,84307,93,84308,60,1616,1617,1618,1619,96],"class_list":["post-758785","post","type-post","status-publish","format-standard","has-post-thumbnail","category-football","tag-arthur-vignaud","tag-canal-supporters","tag-cs","tag-emmanuel-mbemba","tag-football","tag-fr","tag-france","tag-hermann-diandaga","tag-martin-james","tag-mathis-jangeal","tag-mercato","tag-mercato-psg","tag-paris","tag-paris-saint-germain","tag-paris-sg","tag-pierre-mounguengue","tag-psg","tag-samba-coulibaly","tag-sports","tag-titis","tag-titis-du-psg","tag-titis-parisiens","tag-titis-psg","tag-une"],"share_on_mastodon":{"url":"https:\/\/pubeurope.com\/@fr\/116131368040867472","error":""},"_links":{"self":[{"href":"https:\/\/www.europesays.com\/fr\/wp-json\/wp\/v2\/posts\/758785","targetHints":{"allow":["GET"]}}],"collection":[{"href":"https:\/\/www.europesays.com\/fr\/wp-json\/wp\/v2\/posts"}],"about":[{"href":"https:\/\/www.europesays.com\/fr\/wp-json\/wp\/v2\/types\/post"}],"author":[{"embeddable":true,"href":"https:\/\/www.europesays.com\/fr\/wp-json\/wp\/v2\/users\/2"}],"replies":[{"embeddable":true,"href":"https:\/\/www.europesays.com\/fr\/wp-json\/wp\/v2\/comments?post=758785"}],"version-history":[{"count":0,"href":"https:\/\/www.europesays.com\/fr\/wp-json\/wp\/v2\/posts\/758785\/revisions"}],"wp:featuredmedia":[{"embeddable":true,"href":"https:\/\/www.europesays.com\/fr\/wp-json\/wp\/v2\/media\/657452"}],"wp:attachment":[{"href":"https:\/\/www.europesays.com\/fr\/wp-json\/wp\/v2\/media?parent=758785"}],"wp:term":[{"taxonomy":"category","embeddable":true,"href":"https:\/\/www.europesays.com\/fr\/wp-json\/wp\/v2\/categories?post=758785"},{"taxonomy":"post_tag","embeddable":true,"href":"https:\/\/www.europesays.com\/fr\/wp-json\/wp\/v2\/tags?post=758785"}],"curies":[{"name":"wp","href":"https:\/\/api.w.org\/{rel}","templated":true}]}}