{"id":75887,"date":"2025-05-05T05:25:04","date_gmt":"2025-05-05T05:25:04","guid":{"rendered":"https:\/\/www.europesays.com\/fr\/75887\/"},"modified":"2025-05-05T05:25:04","modified_gmt":"2025-05-05T05:25:04","slug":"pourquoi-le-crous-est-oblige-dexpulser-de-plus-en-plus-detudiants-a-rouen","status":"publish","type":"post","link":"https:\/\/www.europesays.com\/fr\/75887\/","title":{"rendered":"Pourquoi le Crous est oblig\u00e9 d&rsquo;expulser de plus en plus d&rsquo;\u00e9tudiants \u00e0 Rouen"},"content":{"rendered":"<p>            Par<br \/>\n        <strong><br \/>\n            <a href=\"https:\/\/actu.fr\/auteur\/thomas-rideau\" title=\"Consulter tous les articles de Thomas Rideau\" target=\"_blank\" rel=\"noopener\">Thomas Rideau<\/a><br \/>\n        <\/strong><\/p>\n<p>        Publi\u00e9 le<\/p>\n<p>            5 mai 2025 \u00e0 7h02        <\/p>\n<p>Les appartements sont-ils si <strong>confortables<\/strong> qu\u2019ils ne veulent plus les quitter\u2009? Depuis quelques ann\u00e9es, du c\u00f4t\u00e9 du <a href=\"https:\/\/actu.fr\/tag\/crous\" target=\"_blank\" rel=\"noopener\">Crous<\/a> (Centre r\u00e9gional des \u0153uvres universitaires et scolaires) de Normandie, on remarque une recrudescence d\u2019\u00e9tudiants qui ne <strong>partent pas de leur appartement<\/strong>. Un ph\u00e9nom\u00e8ne que l\u2019institution a du mal \u00e0 \u00e9valuer d\u2019ailleurs, \u00ab\u2009c\u2019est t\u00f4t pour dire si c\u2019est une vraie tendance ou un <strong>ph\u00e9nom\u00e8ne ponctuel<\/strong>\u2009\u00bb. Reste que pour l\u2019ann\u00e9e 2025, \u00ab\u2009le nombre est cons\u00e9quent\u2009\u00bb et que le Crous \u00e9tait au tribunal administratif ce lundi 28 avril 2025 avec une liasse de dossiers d\u2019\u00e9tudiants de <a href=\"https:\/\/actu.fr\/normandie\/rouen_76540\" target=\"_blank\" rel=\"noopener\">Rouen (Seine-Maritime)<\/a> \u00e0 expulser sous le bras.<\/p>\n<p>Le nombre d\u2019\u00e9tudiants \u00e0 expulser double<\/p>\n<p class=\" wall-content\">Cette ann\u00e9e, le<strong> directeur juridique<\/strong> du Crous de Normandie s\u2019est donc pr\u00e9sent\u00e9 avec 22 dossiers d\u2019\u00e9tudiants du secteur de Rouen \u00e0 exclure de leur r\u00e9sidence. Contre 10 l\u2019ann\u00e9e derni\u00e8re et encore moins pour les ann\u00e9es ant\u00e9rieures \u00e0 la crise du <strong>Covid-19<\/strong>.<\/p>\n<p class=\" wall-content\">\u00ab\u2009Ce qui est certain, c\u2019est qu\u2019il y a un nombre croissant d\u2019\u00e9tudiants internationaux. Et lorsque pour ceux dont le cursus se solde malheureusement par un \u00e9chec, ils se retrouvent seuls sur le territoire fran\u00e7ais. <strong>C\u2019est assez m\u00e9canique<\/strong>\u2009\u00bb, pr\u00e9sente le Crous, le lendemain de l\u2019audience (qui a \u00e9t\u00e9 en partie report\u00e9e). Et en effet, la grosse majorit\u00e9 de ces \u00e9tudiants expuls\u00e9s de leur logement sont des <strong>internationaux<\/strong>.<\/p>\n<p>\u00ab\u2009Beaucoup plus de demandes que de place\u2009\u00bb<\/p>\n<p class=\" wall-content\">\u00c0 noter que la non-pr\u00e9sentation de justificatif du statut d\u2019\u00e9tudiant et le non-paiement du loyer repr\u00e9sentent<strong> 90\u2009% des causes<\/strong> de l\u2019expulsion d\u2019un \u00e9tudiant de son logement.<\/p>\n<p>Le nombre de places dans l&rsquo;agglo de Rouen<\/p>\n<p>Rouen : 977 places sur 9 r\u00e9sidences<br \/>Mont-Saint-Aignan : 3040 places sur 4 r\u00e9sidences<br \/>Saint-Etienne-du-Rouvray : 280 places sur 2 r\u00e9sidences<\/p>\n<p class=\" wall-content\">\u00ab\u2009Comme dans tous les Crous de France, on a besoin d\u2019un turn-over\u2009\u00bb, pr\u00e9cise l\u2019organisation. \u00ab\u2009On a beaucoup <a href=\"https:\/\/actu.fr\/tag\/precarite-etudiante\" target=\"_blank\" rel=\"noopener\">plus de demandes que de places<\/a>.\u2009\u00bb D\u2019ailleurs, \u00e0 l\u2019audience, le directeur juridique rappelle qu\u2019en 2014, il y a eu 17\u2009600 demandes et que 9\u2009059 seulement ont pu \u00eatre honor\u00e9es. \u00ab\u2009Il faut qu\u2019on puisse satisfaire ces demandes pour les nouveaux \u00e9tudiants internationaux qui arrivent.\u2009\u00bb<\/p>\n<p class=\" wall-content\">Parmi ces locataires qui ne sont plus du tout \u00e9tudiants, on retrouve parfois des individus \u00e2g\u00e9s de 40\u00a0ans qui survivent gr\u00e2ce \u00e0 des petits boulots. \u00ab\u2009On essaie toujours de trouver des solutions <strong>avant d\u2019en arriver l\u00e0<\/strong>. Il y a des entretiens, des courriers.\u2009\u00bb<\/p>\n<p class=\" wall-content\">Mais avant que ces expulsions puissent aboutir, il faut le temps que le tribunal rende sa d\u00e9cision. Ensuite, un huissier va passer dans les logements concern\u00e9s pour avertir de l\u2019expulsion. Cette s\u00e9quence dure deux mois. Et si l\u2019\u00e9tudiant n\u2019est pas encore parti, alors le Crous <strong>alerte la pr\u00e9fecture<\/strong>. Mais, \u00e0 cette \u00e9tape, l\u2019individu peut formuler un nouvel appel. \u00ab\u2009\u00c7a prend entre quatre et cinq mois\u2009\u00bb, indique la Crous. De quoi presque arriver jusqu\u2019\u00e0 la tr\u00eave hivernale.<\/p>\n<p>Suivez l\u2019actualit\u00e9 de Rouen <a href=\"https:\/\/www.whatsapp.com\/channel\/0029VaKfnf99hXF2ddApFB1D\" target=\"_blank\" rel=\"noopener\">sur notre cha\u00eene WhatsApp<\/a> et <a href=\"https:\/\/www.tiktok.com\/@76actu.fr?lang=fr\" target=\"_blank\" rel=\"noopener\">sur notre compte TikTok<\/a><\/p>\n<p class=\" wall-content\">Suivez toute l\u2019actualit\u00e9 de vos villes et m\u00e9dias favoris en vous inscrivant \u00e0 <a href=\"https:\/\/moncompte.actu.fr\" title=\"D\u00e9couvez Mon Actu\" rel=\"nofollow noopener\" data-trk=\"{&quot;cta&quot;:{&quot;action&quot;:&quot;https:\\\/\\\/moncompte.actu.fr&quot;,&quot;category&quot;:&quot;mon compte&quot;,&quot;from&quot;:&quot;article footer&quot;,&quot;name&quot;:&quot;Mon actu&quot;,&quot;type&quot;:&quot;cta&quot;}}\" target=\"_blank\">Mon Actu<\/a>.<\/p>\n<p>                    <script async src=\"\/\/www.tiktok.com\/embed.js\"><\/script><\/p>\n","protected":false},"excerpt":{"rendered":"Par Thomas Rideau Publi\u00e9 le 5 mai 2025 \u00e0 7h02 Les appartements sont-ils si confortables qu\u2019ils ne veulent&hellip;\n","protected":false},"author":2,"featured_media":75888,"comment_status":"","ping_status":"","sticky":false,"template":"","format":"standard","meta":{"footnotes":""},"categories":[9587],"tags":[1111,11,13684,1777,674,1011,27,12,5161,11090,25,9590,104,18094],"class_list":{"0":"post-75887","1":"post","2":"type-post","3":"status-publish","4":"format-standard","5":"has-post-thumbnail","7":"category-rouen","8":"tag-actu","9":"tag-actualites","10":"tag-crous","11":"tag-eu","12":"tag-europe","13":"tag-fr","14":"tag-france","15":"tag-news","16":"tag-normandie","17":"tag-precarite-etudiante","18":"tag-republique-francaise","19":"tag-rouen","20":"tag-societe","21":"tag-universite-de-rouen"},"share_on_mastodon":{"url":"https:\/\/pubeurope.com\/@fr\/114453566204045509","error":""},"_links":{"self":[{"href":"https:\/\/www.europesays.com\/fr\/wp-json\/wp\/v2\/posts\/75887","targetHints":{"allow":["GET"]}}],"collection":[{"href":"https:\/\/www.europesays.com\/fr\/wp-json\/wp\/v2\/posts"}],"about":[{"href":"https:\/\/www.europesays.com\/fr\/wp-json\/wp\/v2\/types\/post"}],"author":[{"embeddable":true,"href":"https:\/\/www.europesays.com\/fr\/wp-json\/wp\/v2\/users\/2"}],"replies":[{"embeddable":true,"href":"https:\/\/www.europesays.com\/fr\/wp-json\/wp\/v2\/comments?post=75887"}],"version-history":[{"count":0,"href":"https:\/\/www.europesays.com\/fr\/wp-json\/wp\/v2\/posts\/75887\/revisions"}],"wp:featuredmedia":[{"embeddable":true,"href":"https:\/\/www.europesays.com\/fr\/wp-json\/wp\/v2\/media\/75888"}],"wp:attachment":[{"href":"https:\/\/www.europesays.com\/fr\/wp-json\/wp\/v2\/media?parent=75887"}],"wp:term":[{"taxonomy":"category","embeddable":true,"href":"https:\/\/www.europesays.com\/fr\/wp-json\/wp\/v2\/categories?post=75887"},{"taxonomy":"post_tag","embeddable":true,"href":"https:\/\/www.europesays.com\/fr\/wp-json\/wp\/v2\/tags?post=75887"}],"curies":[{"name":"wp","href":"https:\/\/api.w.org\/{rel}","templated":true}]}}