{"id":75920,"date":"2025-05-05T05:42:07","date_gmt":"2025-05-05T05:42:07","guid":{"rendered":"https:\/\/www.europesays.com\/fr\/75920\/"},"modified":"2025-05-05T05:42:07","modified_gmt":"2025-05-05T05:42:07","slug":"a-marseille-le-marche-de-limmobilier-profite-de-leclaircie-printaniere","status":"publish","type":"post","link":"https:\/\/www.europesays.com\/fr\/75920\/","title":{"rendered":"\u00c0 Marseille, le march\u00e9 de l&rsquo;immobilier profite de l&rsquo;\u00e9claircie printani\u00e8re"},"content":{"rendered":"<p>Dans son agence immobili\u00e8re Le Marquis, rue Grignan, \u00e0 <a href=\"https:\/\/www.laprovence.com\/ville\/marseille\" target=\"_blank\" rel=\"noopener\">Marseille<\/a> (1er), Didier Bertrand le sait, cette p\u00e9riode va donner <a href=\"https:\/\/www.laprovence.com\/article\/region\/76194841760573\/immobilier-a-marseille-entre-acheteurs-et-vendeurs-ca-matche-a-nouveau?logora_drawer=%2Fespace-debat%2Fcommentaires%2F76194841760573\" target=\"_blank\" rel=\"noopener\">la tendance 2025 du march\u00e9<\/a>. \u00ab\u00a0Comme \u00e0 chaque printemps, c\u2019est le moment de v\u00e9rit\u00e9. Nous pouvons \u00eatre optimistes m\u00eame si la situation reste fragile\u00a0\u00bb, assure le professionnel, \u00e9galement pr\u00e9sident de la Fnaim Paca.<\/p>\n<p><a href=\"https:\/\/www.laprovence.com\/article\/economie\/913778473909514\/la-baisse-des-taux-de-prets-immobiliers-va-t-elle-relancer-le-marche-dans-la-region-paca\" target=\"_blank\" rel=\"noopener\">Les taux d\u2019int\u00e9r\u00eat, avoisinant les 3%<\/a>, ne sont plus un sujet pour les acheteurs. \u00ab\u00a0En face, nous n\u2019avons affaire qu\u2019\u00e0 de v\u00e9ritables vendeurs qui ne cherchent pas \u00e0 vendre au plus haut, loin de toute euphorie, le march\u00e9 est extr\u00eamement sain. Tous les indicateurs sont donc au vert\u00a0: le volume est reconstitu\u00e9 et les biens repartent tr\u00e8s vite. Nous sommes \u00e0 une moyenne de 99\u00a0jours. Ces trois mois restent une moyenne, la semaine derni\u00e8re, sur les cinq nouveaux appartements que nous venions de recevoir \u00e0 l\u2019agence, trois ont \u00e9t\u00e9 vendus \u00e0 la fin de la semaine\u00a0\u00bb, rel\u00e8ve l\u2019agent.<\/p>\n<p>Petites surfaces dans le centre, haut de gamme dans le Sud<\/p>\n<p>\u00c0 Marseille, les prix sont rest\u00e9s stables et op\u00e8rent en moyenne une l\u00e9g\u00e8re augmentation (+\u00a02%). Mais certains secteurs se distinguent d\u00e9j\u00e0. La start-up marseillaise Lycaon pointe en effet les arrondissements du centre-ville (Op\u00e9ra, <a href=\"https:\/\/www.laprovence.com\/article\/region\/6169344304249814\/une-population-qui-se-renouvelle-des-travaux-a-venir-cure-de-jouvence-pour-les-cinq-avenues-a-marseille\" target=\"_blank\" rel=\"noopener\">Cinq-Avenues<\/a>, La Conception) sur lesquels les investisseurs ou les primo-acc\u00e9dants se partagent les petites surfaces. \u00ab\u00a0Des ventes entre 200\u00a0000 et 300\u00a0000\u00a0euros qui redynamisent le march\u00e9 et qui ont \u00e9t\u00e9 possibles gr\u00e2ce \u00e0 la baisse des taux\u00a0\u00bb, pr\u00e9cise St\u00e9phane Daumillare, patron de l\u2019entreprise sp\u00e9cialis\u00e9e dans la data immobili\u00e8re.<\/p>\n","protected":false},"excerpt":{"rendered":"Dans son agence immobili\u00e8re Le Marquis, rue Grignan, \u00e0 Marseille (1er), Didier Bertrand le sait, cette p\u00e9riode va&hellip;\n","protected":false},"author":2,"featured_media":75921,"comment_status":"","ping_status":"","sticky":false,"template":"","format":"standard","meta":{"footnotes":""},"categories":[2814],"tags":[17,1111,11,1777,674,1011,27,4508,18104,2089,884,12,2141,882,12348,16,4114,25],"class_list":{"0":"post-75920","1":"post","2":"type-post","3":"status-publish","4":"format-standard","5":"has-post-thumbnail","7":"category-marseille","8":"tag-17","9":"tag-actu","10":"tag-actualites","11":"tag-eu","12":"tag-europe","13":"tag-fr","14":"tag-france","15":"tag-hausse","16":"tag-limmobilier","17":"tag-marche","18":"tag-marseille","19":"tag-news","20":"tag-prix","21":"tag-provence-alpes-cote-dazur","22":"tag-quels","23":"tag-region","24":"tag-repart","25":"tag-republique-francaise"},"share_on_mastodon":{"url":"https:\/\/pubeurope.com\/@fr\/114453633228478579","error":""},"_links":{"self":[{"href":"https:\/\/www.europesays.com\/fr\/wp-json\/wp\/v2\/posts\/75920","targetHints":{"allow":["GET"]}}],"collection":[{"href":"https:\/\/www.europesays.com\/fr\/wp-json\/wp\/v2\/posts"}],"about":[{"href":"https:\/\/www.europesays.com\/fr\/wp-json\/wp\/v2\/types\/post"}],"author":[{"embeddable":true,"href":"https:\/\/www.europesays.com\/fr\/wp-json\/wp\/v2\/users\/2"}],"replies":[{"embeddable":true,"href":"https:\/\/www.europesays.com\/fr\/wp-json\/wp\/v2\/comments?post=75920"}],"version-history":[{"count":0,"href":"https:\/\/www.europesays.com\/fr\/wp-json\/wp\/v2\/posts\/75920\/revisions"}],"wp:featuredmedia":[{"embeddable":true,"href":"https:\/\/www.europesays.com\/fr\/wp-json\/wp\/v2\/media\/75921"}],"wp:attachment":[{"href":"https:\/\/www.europesays.com\/fr\/wp-json\/wp\/v2\/media?parent=75920"}],"wp:term":[{"taxonomy":"category","embeddable":true,"href":"https:\/\/www.europesays.com\/fr\/wp-json\/wp\/v2\/categories?post=75920"},{"taxonomy":"post_tag","embeddable":true,"href":"https:\/\/www.europesays.com\/fr\/wp-json\/wp\/v2\/tags?post=75920"}],"curies":[{"name":"wp","href":"https:\/\/api.w.org\/{rel}","templated":true}]}}