{"id":759232,"date":"2026-02-25T17:10:11","date_gmt":"2026-02-25T17:10:11","guid":{"rendered":"https:\/\/www.europesays.com\/fr\/759232\/"},"modified":"2026-02-25T17:10:11","modified_gmt":"2026-02-25T17:10:11","slug":"en-mars-un-cinema-parisien-organise-une-nuit-charli-xcx-avec-lavant-premiere-de-son-prochain-film","status":"publish","type":"post","link":"https:\/\/www.europesays.com\/fr\/759232\/","title":{"rendered":"En mars, un cin\u00e9ma parisien organise une nuit Charli XCX avec l\u2019avant-premi\u00e8re de son prochain film"},"content":{"rendered":"<p>En 2026, Charli XCX sera encore une fois partout ! Alors qu\u2019elle vient tout juste de d\u00e9voiler son album en lien avec la relecture filmique des Hauts de Hurlevent d&rsquo;Emily Bront\u00eb, l\u2019(hyper)popstar britannique continuera \u00e0 occuper le terrain avec la sortie le 17 juin de Eruption, ce film r\u00e9alis\u00e9 par Peter Ohs dont elle joue le r\u00f4le-titre &#8211; son premier -, celui d\u2019une femme tiraill\u00e9e entre son conjoint un peu chiant et une\u00a0ancienne connaissance\u00a0n\u2019engendrant pas la monotonie.<\/p>\n<p><strong>Deux avant-premi\u00e8res exceptionnelles<\/strong><\/p>\n<p>Une telle omnipr\u00e9sence que le cin\u00e9ma Le Majestic \u00e0 Bastille a voulu c\u00e9l\u00e9brer en lui consacrant sa nuit (ou plut\u00f4t sa soir\u00e9e) du 6 mars en forme de double avant-premi\u00e8res : celle d\u2019Eruption \u00e0 22 h ; et avant elle, celle d\u2019Alone Together de Bradley Bell et Pablo Jones-Soler, documentaire retra\u00e7ant la cr\u00e9ation chronom\u00e9tr\u00e9e de l\u2019album How I\u2019m Feeling pendant le premier confinement en 2020.<\/p>\n<p>Pour animer les entractes, Le Majestic a pr\u00e9vu plusieurs d\u2019animations entre <a href=\"https:\/\/www.timeout.fr\/paris\/restaurants-et-bars\" rel=\"nofollow noopener\" target=\"_blank\">bar<\/a>, jeux avec lots \u00e0 gagner et playlist garantie 100 % Charli. Et si l\u2019envie de poursuivre la\u00a0soir\u00e9e\u00a0vous prend, une noce\u00a0B.Rave Party elle aussi tout de Charli v\u00eatue est annonc\u00e9e au <a href=\"https:\/\/www.timeout.fr\/paris\/clubbing\/clubs-boite-de-nuit\" rel=\"nofollow noopener\" target=\"_blank\">club<\/a>\u00a0La Nuit. Vous avez capt\u00e9 : ici, c\u2019est Charli !<\/p>\n<p><strong>Quand ?<\/strong> Vendredi 6 mars 2026, de 20 h \u00e0 6 h<br \/><strong> O\u00f9 ?<\/strong> Le Majestic Bastille, 4 boulevard Richard-Lenoir, Paris 11e ; La Nuit, 8 boulevard de la Madeleine, Paris 9e<br \/><strong> Combien ?<\/strong> De 20 \u00e0 30 \u20ac (<a href=\"https:\/\/dulaccinemas.com\/article\/une-soiree-avec-charli-xcx-avant-premieres-exceptionnlles-projection-en-avant-premiere#reservation-seances-block\" rel=\"nofollow noopener\" target=\"_blank\">billetterie ici<\/a>)<\/p>\n","protected":false},"excerpt":{"rendered":"En 2026, Charli XCX sera encore une fois partout ! Alors qu\u2019elle vient tout juste de d\u00e9voiler son&hellip;\n","protected":false},"author":2,"featured_media":759233,"comment_status":"","ping_status":"","sticky":false,"template":"","format":"standard","meta":{"footnotes":"","_share_on_mastodon":"0"},"categories":[1888],"tags":[11,9296,9295,1777,674,58905,84335,1011,27,873,12,626,25],"class_list":["post-759232","post","type-post","status-publish","format-standard","has-post-thumbnail","category-paris","tag-actualites","tag-actualites-musique","tag-categories-musique","tag-eu","tag-europe","tag-evenement-concerts","tag-evenement-projections-de-films","tag-fr","tag-france","tag-musique","tag-news","tag-paris","tag-republique-francaise"],"share_on_mastodon":{"url":"https:\/\/pubeurope.com\/@fr\/116132382222645434","error":""},"_links":{"self":[{"href":"https:\/\/www.europesays.com\/fr\/wp-json\/wp\/v2\/posts\/759232","targetHints":{"allow":["GET"]}}],"collection":[{"href":"https:\/\/www.europesays.com\/fr\/wp-json\/wp\/v2\/posts"}],"about":[{"href":"https:\/\/www.europesays.com\/fr\/wp-json\/wp\/v2\/types\/post"}],"author":[{"embeddable":true,"href":"https:\/\/www.europesays.com\/fr\/wp-json\/wp\/v2\/users\/2"}],"replies":[{"embeddable":true,"href":"https:\/\/www.europesays.com\/fr\/wp-json\/wp\/v2\/comments?post=759232"}],"version-history":[{"count":0,"href":"https:\/\/www.europesays.com\/fr\/wp-json\/wp\/v2\/posts\/759232\/revisions"}],"wp:featuredmedia":[{"embeddable":true,"href":"https:\/\/www.europesays.com\/fr\/wp-json\/wp\/v2\/media\/759233"}],"wp:attachment":[{"href":"https:\/\/www.europesays.com\/fr\/wp-json\/wp\/v2\/media?parent=759232"}],"wp:term":[{"taxonomy":"category","embeddable":true,"href":"https:\/\/www.europesays.com\/fr\/wp-json\/wp\/v2\/categories?post=759232"},{"taxonomy":"post_tag","embeddable":true,"href":"https:\/\/www.europesays.com\/fr\/wp-json\/wp\/v2\/tags?post=759232"}],"curies":[{"name":"wp","href":"https:\/\/api.w.org\/{rel}","templated":true}]}}