{"id":75932,"date":"2025-05-05T05:48:07","date_gmt":"2025-05-05T05:48:07","guid":{"rendered":"https:\/\/www.europesays.com\/fr\/75932\/"},"modified":"2025-05-05T05:48:07","modified_gmt":"2025-05-05T05:48:07","slug":"le-terminus-porte-de-versailles-ne-rouvrira-pas-avant-2026","status":"publish","type":"post","link":"https:\/\/www.europesays.com\/fr\/75932\/","title":{"rendered":"le terminus Porte de Versailles ne rouvrira pas avant 2026"},"content":{"rendered":"<p>            Par<br \/>\n        <strong><br \/>\n            <a href=\"https:\/\/actu.fr\/auteur\/dorinegoth\" title=\"Consulter tous les articles de Dorine Goth\" rel=\"nofollow noopener\" target=\"_blank\">Dorine Goth<\/a><br \/>\n        <\/strong><\/p>\n<p>        Publi\u00e9 le<\/p>\n<p>            5 mai 2025 \u00e0 7h10        <\/p>\n<p>Mauvaise nouvelle pour les usagers du tramway T2. Un premier temps annonc\u00e9 pour novembre\u00a02025, l\u2019ouverture du nouveau <a href=\"https:\/\/actu.fr\/ile-de-france\/paris_75056\/tram-t2-plus-de-vegetalisation-moins-de-mobilier-les-images-du-futur-terminus-de-la-porte-de-versailles_62393060.html\" rel=\"nofollow noopener\" target=\"_blank\">terminus <strong>porte de Versailles<\/strong><\/a> \u00e0 Paris interviendra finalement en <strong>f\u00e9vrier\u00a02026<\/strong>. \u00c0 la RATP, on pr\u00e9cise qu\u2019il ne s\u2019agit pas l\u00e0 d\u2019un retard mais du<strong> calendrier initial d\u00e9voil\u00e9 en deux temps<\/strong>. Le terminus provisoire reste Suzanne Lenglen. Pour rallier la Porte de Versailles, elle recommande de rejoindre \u00e0 pied la station Balard du T3a.<\/p>\n<p>Nouveau terminus<\/p>\n<p class=\" wall-content\">Depuis mars\u00a02025, d\u2019importants travaux sont men\u00e9s sur la ligne pour lui permettre de \u00ab\u2009g\u00e9rer l\u2019ensemble des al\u00e9as d\u2019exploitation\u2009\u00bb. Ce chantier, d\u2019une <strong>dur\u00e9e de quasiment un an<\/strong>, doit permettre la cr\u00e9ation de voies de retournement \u00e0 la station Porte de Versailles, de nouveaux cheminements pi\u00e9tons et de quais lat\u00e9raux. Au final, le futur terminus sera d\u00e9cal\u00e9 \u00ab\u2009d\u2019une centaine de m\u00e8tres\u2009\u00bb.<\/p>\n<p class=\" wall-content\">Dans le m\u00eame temps, une nouvelle interruption, <strong>entre les stations Porte de Versailles et Issy \u2013 Val de Seine<\/strong> est de nouveau pr\u00e9vue du<strong> 3 au 23\u00a0novembre 2025 inclus<\/strong>. Apr\u00e8s les travaux, d\u2019autres am\u00e9liorations sont au programme, comme l\u2019ajout de rames suppl\u00e9mentaires qui permettront de renforcer la fr\u00e9quence \u00e0 3 mn 30 aux heures de pointe.<\/p>\n<p class=\" wall-content\">Suivez toute l\u2019actualit\u00e9 de vos villes et m\u00e9dias favoris en vous inscrivant \u00e0 <a href=\"https:\/\/moncompte.actu.fr\" title=\"D\u00e9couvez Mon Actu\" rel=\"nofollow noopener\" data-trk=\"{&quot;cta&quot;:{&quot;action&quot;:&quot;https:\\\/\\\/moncompte.actu.fr&quot;,&quot;category&quot;:&quot;mon compte&quot;,&quot;from&quot;:&quot;article footer&quot;,&quot;name&quot;:&quot;Mon actu&quot;,&quot;type&quot;:&quot;cta&quot;}}\" target=\"_blank\">Mon Actu<\/a>.<\/p>\n","protected":false},"excerpt":{"rendered":"Par Dorine Goth Publi\u00e9 le 5 mai 2025 \u00e0 7h10 Mauvaise nouvelle pour les usagers du tramway T2.&hellip;\n","protected":false},"author":2,"featured_media":75933,"comment_status":"","ping_status":"","sticky":false,"template":"","format":"standard","meta":{"footnotes":""},"categories":[1888],"tags":[1111,1928,11,1927,1777,674,1011,27,12,1926,626,1925,625,25,104,2803],"class_list":{"0":"post-75932","1":"post","2":"type-post","3":"status-publish","4":"format-standard","5":"has-post-thumbnail","7":"category-paris","8":"tag-actu","9":"tag-actu-paris","10":"tag-actualites","11":"tag-actualites-paris","12":"tag-eu","13":"tag-europe","14":"tag-fr","15":"tag-france","16":"tag-news","17":"tag-news-paris","18":"tag-paris","19":"tag-paris-news","20":"tag-ratp","21":"tag-republique-francaise","22":"tag-societe","23":"tag-transport"},"share_on_mastodon":{"url":"https:\/\/pubeurope.com\/@fr\/114453656641888118","error":""},"_links":{"self":[{"href":"https:\/\/www.europesays.com\/fr\/wp-json\/wp\/v2\/posts\/75932","targetHints":{"allow":["GET"]}}],"collection":[{"href":"https:\/\/www.europesays.com\/fr\/wp-json\/wp\/v2\/posts"}],"about":[{"href":"https:\/\/www.europesays.com\/fr\/wp-json\/wp\/v2\/types\/post"}],"author":[{"embeddable":true,"href":"https:\/\/www.europesays.com\/fr\/wp-json\/wp\/v2\/users\/2"}],"replies":[{"embeddable":true,"href":"https:\/\/www.europesays.com\/fr\/wp-json\/wp\/v2\/comments?post=75932"}],"version-history":[{"count":0,"href":"https:\/\/www.europesays.com\/fr\/wp-json\/wp\/v2\/posts\/75932\/revisions"}],"wp:featuredmedia":[{"embeddable":true,"href":"https:\/\/www.europesays.com\/fr\/wp-json\/wp\/v2\/media\/75933"}],"wp:attachment":[{"href":"https:\/\/www.europesays.com\/fr\/wp-json\/wp\/v2\/media?parent=75932"}],"wp:term":[{"taxonomy":"category","embeddable":true,"href":"https:\/\/www.europesays.com\/fr\/wp-json\/wp\/v2\/categories?post=75932"},{"taxonomy":"post_tag","embeddable":true,"href":"https:\/\/www.europesays.com\/fr\/wp-json\/wp\/v2\/tags?post=75932"}],"curies":[{"name":"wp","href":"https:\/\/api.w.org\/{rel}","templated":true}]}}