{"id":759665,"date":"2026-02-25T21:41:19","date_gmt":"2026-02-25T21:41:19","guid":{"rendered":"https:\/\/www.europesays.com\/fr\/759665\/"},"modified":"2026-02-25T21:41:19","modified_gmt":"2026-02-25T21:41:19","slug":"rennes-cedric-le-guern-cest-une-chance-unique-de-pouvoir-rencontrer-ce-jury","status":"publish","type":"post","link":"https:\/\/www.europesays.com\/fr\/759665\/","title":{"rendered":"RENNES : C\u00e9dric LE GUERN : \u00ab C\u2019est une chance unique de pouvoir rencontrer ce jury \u00bb"},"content":{"rendered":"<p style=\"text-align: left;\"><strong>Ce soir sur M6, les fondateurs de la start-up rennaise Lizia pr\u00e9sentent leur lampe de lecture 3-en-1 face au jury de Qui veut \u00eatre mon associ\u00e9 ?.<\/strong><\/p>\n<p style=\"text-align: left;\">C\u2019est une \u00e9tape majeure pour la jeune pousse bretonne. Ce jeudi 19 f\u00e9vrier 2026, \u00e0 21h10, C\u00e9dric Le Guern et Lucas Moysan affrontent les feux de la rampe. Les deux ing\u00e9nieurs, cr\u00e9ateurs de la marque Lizia, d\u00e9fendent leur projet entrepreneurial sur le plateau de l\u2019\u00e9mission phare de M6, \u00ab Qui veut \u00eatre mon associ\u00e9 ? \u00bb. <strong>Leur objectif est clair :<\/strong> convaincre des investisseurs aguerris de miser sur leur innovation d\u00e9di\u00e9e au confort de lecture et \u00e0 la d\u00e9connexion des \u00e9crans.<\/p>\n<p style=\"text-align: left;\"><strong>Une innovation n\u00e9e sur les bancs de l\u2019\u00e9cole<\/strong><\/p>\n<p style=\"text-align: left;\">L\u2019histoire de Lizia d\u00e9bute bien avant les projecteurs de la t\u00e9l\u00e9vision, dans les salles de classe de l\u2019INSA Rennes. C\u2019est durant leurs \u00e9tudes d\u2019ing\u00e9nieurs que C\u00e9dric Le Guern et Lucas Moysan identifient un besoin personnel qui se transformera en projet industriel. Ils cherchent \u00e0 rendre la lecture plus agr\u00e9able, plus accessible, mais aussi plus \u00e9thique.<\/p>\n<p style=\"text-align: left;\"><strong>De cette r\u00e9flexion na\u00eet un accessoire \u00ab 3-en-1 \u00bb astucieux :<\/strong> un objet combinant une lampe \u00e0 l\u2019\u00e9clairage doux, un support ergonomique pour le livre et un marque-page. Le duo d\u00e9veloppe plus de 200 prototypes avant d\u2019aboutir au produit final. En 2022, ils testent l\u2019app\u00e9tence du march\u00e9 via une campagne de pr\u00e9vente sur la plateforme Ulule. Le succ\u00e8s est imm\u00e9diat et d\u00e9passe leurs esp\u00e9rances : plus de 100 000 euros sont collect\u00e9s correspondant \u00e0 4 000 commandes. La machine est lanc\u00e9e.<\/p>\n<p style=\"text-align: left;\"><strong>Croissance exponentielle et ancrage local<\/strong><\/p>\n<p style=\"text-align: left;\">Depuis ce lancement, la trajectoire de l\u2019entreprise affiche une courbe ascendante impressionnante. <strong>Les chiffres parlent d\u2019eux-m\u00eames :<\/strong> le chiffre d\u2019affaires a tripl\u00e9 en l\u2019espace d\u2019un an, passant de 250 000 euros en 2023 \u00e0 760 000 euros en 2024. \u00c0 ce jour, plus de 100 000 produits ont \u00e9t\u00e9 vendus.<\/p>\n<p style=\"text-align: left;\">Lizia a su s\u00e9duire la grande distribution sp\u00e9cialis\u00e9e. L\u2019accessoire est d\u00e9sormais r\u00e9f\u00e9renc\u00e9 dans 700 points de vente \u00e0 travers la France, incluant des enseignes majeures comme la Fnac, Cultura ou encore Nature &amp; D\u00e9couvertes. Au-del\u00e0 des fronti\u00e8res hexagonales, la marque a amorc\u00e9 son d\u00e9ploiement en Belgique, en Suisse et en Espagne.<\/p>\n<p style=\"text-align: left;\">Malgr\u00e9 cette expansion rapide, les fondateurs restent fid\u00e8les \u00e0 leurs valeurs initiales. Le produit se distingue par une fabrication 100 % fran\u00e7aise. Dans une d\u00e9marche d\u2019\u00e9conomie sociale et solidaire, l\u2019assemblage est r\u00e9alis\u00e9 au sein d\u2019un \u00c9tablissement et Service d\u2019Aide par le Travail (ESAT) \u00e0 Rennes. De plus, l\u2019objet est con\u00e7u \u00e0 partir de mat\u00e9riaux recycl\u00e9s, est rechargeable et fonctionne sans pile, r\u00e9pondant ainsi aux exigences environnementales actuelles.<\/p>\n<p style=\"text-align: left;\"><strong>S\u00e9duire pour acc\u00e9l\u00e9rer l\u2019export<\/strong><\/p>\n<p style=\"text-align: left;\">Le passage devant le jury de M6 repr\u00e9sente bien plus qu\u2019une simple op\u00e9ration de communication. Pour C\u00e9dric Le Guern et Lucas Moysan, il s\u2019agit de franchir un cap strat\u00e9gique. Ils comptent sur l\u2019expertise et le r\u00e9seau des \u00ab Business Angels \u00bb pour structurer leur croissance et conqu\u00e9rir de nouveaux march\u00e9s internationaux.<\/p>\n<p style=\"text-align: left;\">Les enjeux sont importants, comme le souligne l\u2019un des porteurs du projet. \u00ab C\u2019est une chance unique de pouvoir rencontrer ce jury et de b\u00e9n\u00e9ficier de la visibilit\u00e9 de cette \u00e9mission pour pr\u00e9senter notre innovation. En plus de leurs conseils, leurs investissements peuvent changer la donne dans notre strat\u00e9gie de d\u00e9veloppement sur de nouveaux march\u00e9s ! \u00bb, <strong>confie C\u00e9dric Le Guern, co-fondateur de Lizia.<\/strong><\/p>\n<p style=\"text-align: left;\">L\u2019\u00e9mission de ce soir dira si les investisseurs ont \u00e9t\u00e9 sensibles \u00e0 cet argumentaire m\u00ealant innovation d\u2019usage, performance \u00e9conomique et responsabilit\u00e9 soci\u00e9tale. Pour les t\u00e9l\u00e9spectateurs et les lecteurs curieux, les d\u00e9tails de l\u2019offre et les produits sont visibles sur le site officiel de l\u2019entreprise (<a href=\"https:\/\/lizia.fr\/\" rel=\"nofollow noopener\" target=\"_blank\">https:\/\/lizia.fr\/<\/a>).<\/p>\n","protected":false},"excerpt":{"rendered":"Ce soir sur M6, les fondateurs de la start-up rennaise Lizia pr\u00e9sentent leur lampe de lecture 3-en-1 face&hellip;\n","protected":false},"author":2,"featured_media":759666,"comment_status":"","ping_status":"","sticky":false,"template":"","format":"standard","meta":{"footnotes":"","_share_on_mastodon":"0"},"categories":[2821],"tags":[1111,11,829,1777,674,1011,27,12,584,25],"class_list":["post-759665","post","type-post","status-publish","format-standard","has-post-thumbnail","category-rennes","tag-actu","tag-actualites","tag-bretagne","tag-eu","tag-europe","tag-fr","tag-france","tag-news","tag-rennes","tag-republique-francaise"],"share_on_mastodon":{"url":"https:\/\/pubeurope.com\/@fr\/116133447957942519","error":""},"_links":{"self":[{"href":"https:\/\/www.europesays.com\/fr\/wp-json\/wp\/v2\/posts\/759665","targetHints":{"allow":["GET"]}}],"collection":[{"href":"https:\/\/www.europesays.com\/fr\/wp-json\/wp\/v2\/posts"}],"about":[{"href":"https:\/\/www.europesays.com\/fr\/wp-json\/wp\/v2\/types\/post"}],"author":[{"embeddable":true,"href":"https:\/\/www.europesays.com\/fr\/wp-json\/wp\/v2\/users\/2"}],"replies":[{"embeddable":true,"href":"https:\/\/www.europesays.com\/fr\/wp-json\/wp\/v2\/comments?post=759665"}],"version-history":[{"count":0,"href":"https:\/\/www.europesays.com\/fr\/wp-json\/wp\/v2\/posts\/759665\/revisions"}],"wp:featuredmedia":[{"embeddable":true,"href":"https:\/\/www.europesays.com\/fr\/wp-json\/wp\/v2\/media\/759666"}],"wp:attachment":[{"href":"https:\/\/www.europesays.com\/fr\/wp-json\/wp\/v2\/media?parent=759665"}],"wp:term":[{"taxonomy":"category","embeddable":true,"href":"https:\/\/www.europesays.com\/fr\/wp-json\/wp\/v2\/categories?post=759665"},{"taxonomy":"post_tag","embeddable":true,"href":"https:\/\/www.europesays.com\/fr\/wp-json\/wp\/v2\/tags?post=759665"}],"curies":[{"name":"wp","href":"https:\/\/api.w.org\/{rel}","templated":true}]}}