{"id":75967,"date":"2025-05-05T06:11:09","date_gmt":"2025-05-05T06:11:09","guid":{"rendered":"https:\/\/www.europesays.com\/fr\/75967\/"},"modified":"2025-05-05T06:11:09","modified_gmt":"2025-05-05T06:11:09","slug":"lhomme-de-lombre-qui-a-mis-sheila-et-karen-cheryl-en-pleine-lumiere","status":"publish","type":"post","link":"https:\/\/www.europesays.com\/fr\/75967\/","title":{"rendered":"l\u2019homme de l\u2019ombre qui a mis Sheila et Karen Cheryl en pleine lumi\u00e8re"},"content":{"rendered":"<p>Celui qui \u00e9tait surnomm\u00e9 affectueusement M\u00e9m\u00e9 Ibach s\u2019est \u00e9teint \u00e0 l\u2019\u00e2ge de 88 ans. Il \u00e9tait \u00e9galement le producteur de l\u2019\u00e9mission \u00abLes grands du rire\u00bb.<\/p>\n<p class=\"fig-paragraph\">\u00abLes grands du rire\u00bb le pleurent aujourd\u2019hui. Humbert Ibach, nous a quitt\u00e9s ce week-end. Cet homme de l\u2019ombre s\u2019\u00e9tait r\u00e9guli\u00e8rement retrouv\u00e9 en pleine lumi\u00e8re gr\u00e2ce \u00e0 Sheila, qui l\u2019avait affectueusement surnomm\u00e9 \u00ab M\u00e9m\u00e9\u00a0\u00bb.<\/p>\n<p class=\"fig-paragraph\">\u00c0 88 ans, il d\u00e9veloppait de nouveaux projets et ne songeait pas \u00e0 la retraite . Entre 2003 et 2019, il a produit \u00ab Les grands du rire\u00a0\u00bb, une \u00e9mission diffus\u00e9e chaque samedi sur France 3. Pr\u00e9sent\u00e9 par\u00a0<a href=\"http:\/\/tvmag.lefigaro.fr\/programme-tv\/actu-tele\/il-fallait-que-je-trouve-l-argent-en-24-heures-yves-lecoq-se-livre-sur-ses-problemes-financiers-dans-tpmp-people-20230527\" target=\"_blank\" data-fig-type=\"Article\" rel=\"noopener\" data-gtm-custom-categorie=\"navigation\" data-gtm-custom-action=\"crossclick\" data-gtm-custom-label=\"Contextuel\" data-gtm-event=\"customEventSPE\" data-fig-domain=\"TVMAG\">Yves Lecoq<\/a>, avec des interventions de\u00a0<a href=\"http:\/\/www.lefigaro.fr\/musique\/isabelle-morizet-si-j-avais-continue-a-etre-karen-cheryl-j-aurais-tourne-nostalgique-20250312\" target=\"_blank\" data-fig-type=\"Article\" rel=\"noopener\" data-gtm-custom-categorie=\"navigation\" data-gtm-custom-action=\"crossclick\" data-gtm-custom-label=\"Contextuel\" data-gtm-event=\"customEventSPE\" data-fig-domain=\"LEFIGARO\">Karen Cheryl<\/a>\u00a0et Henri-Jean Servat, ce rendez-vous r\u00e9solument populaire a innov\u00e9 en un temps o\u00f9 les humoristes et les archives n\u2019avaient gu\u00e8re droit de cit\u00e9 sur les petits \u00e9crans.<\/p>\n<p class=\"fig-paragraph\">L\u2019an dernier, il a repris cette formule, le temps de dix \u00e9missions sur C8. Une suite avait \u00e9t\u00e9 envisag\u00e9e avant la disparition de la cha\u00eene. Convaincu que la nostalgie serait toujours ce qu\u2019elle \u00e9tait, il a \u00e9galement eu l\u2019id\u00e9e, bien avant la naissance de la tourn\u00e9e Age tendre de faire de Salut les copains un divertissement en prime time.<\/p>\n<p>Une passion pour la chanson<\/p>\n<p class=\"fig-paragraph\">Son parcours d\u00e9bute dans les ann\u00e9es 60 \u00e0 Lyon o\u00f9 il ouvre un salon de coiffure pour femmes qui affiche tr\u00e8s vite complet. Il s\u2019est fait une place dans la profession en remportant des troph\u00e9es prestigieux, parmi lesquels un grand prix international. Sa vraie passion, c\u2019est la chanson. Poussant la note devant ses clientes, il devient le \u00ab coiffeur chantant\u00a0\u00bb.<\/p>\n<p class=\"fig-paragraph\">Dans les coulisses du Palais d\u2019hiver, il fait la connaissance de Jacques Brel qui le prend en sympathie et lui conseille de tenter sa chance \u00e0 Paris. C\u2019est ainsi qu\u2019il fait la connaissance de Claude Carr\u00e8re qui lui propose de devenir le \u00ab chauffeur nounou\u00a0\u00bb de Sheila. En un temps o\u00f9 la chanteuse enregistre tous les trois mois un 45 tours \u00e0 succ\u00e8s, il va s\u2019occuper de sa carri\u00e8re, de sa communication et de bien des d\u00e9tails de sa vie quotidienne.<\/p>\n<p class=\"fig-paragraph\">En 1975, fort d\u2019un m\u00e9tier dont il a parfaitement assimil\u00e9 les r\u00e8gles, il d\u00e9couvre une adolescente de 17 ans dont il croit imm\u00e9diatement au potentiel. Il vend sa voiture am\u00e9ricaine et hypoth\u00e8que sa maison pour disposer des fonds n\u00e9cessaires \u00e0 la production du premier disque d\u2019 Isabelle Morizet qu\u2019il rebaptise Car\u00e8ne Cheryl, puis Karen Cheryl quand, au temps du disco, il lui fait enregistrer un 33 tours en anglais. Le destin fait que ces albums, r\u00e9cemment sortis dans une version remasteris\u00e9e, figurent aujourd\u2019hui dans le classement des meilleures ventes. Il ne pouvait r\u00eaver plus bel adieu.<\/p>\n<p>\u00a0\u00bb<br \/>\n        data-script=\u00a0\u00bbhttps:\/\/static.lefigaro.fr\/widget-video\/short-ttl\/video\/index.js\u00a0\u00bb<br \/>\n    &gt;<\/p>\n","protected":false},"excerpt":{"rendered":"Celui qui \u00e9tait surnomm\u00e9 affectueusement M\u00e9m\u00e9 Ibach s\u2019est \u00e9teint \u00e0 l\u2019\u00e2ge de 88 ans. Il \u00e9tait \u00e9galement le&hellip;\n","protected":false},"author":2,"featured_media":75968,"comment_status":"","ping_status":"","sticky":false,"template":"","format":"standard","meta":{"footnotes":""},"categories":[1359],"tags":[976,1000,58,59,1011,27,1714,1718,1713,973,1717,1715,1716,10830],"class_list":{"0":"post-75967","1":"post","2":"type-post","3":"status-publish","4":"format-standard","5":"has-post-thumbnail","7":"category-people","8":"tag-actu-people","9":"tag-celebrites","10":"tag-divertissement","11":"tag-entertainment","12":"tag-fr","13":"tag-france","14":"tag-info-people","15":"tag-infos-people-du-jour","16":"tag-news-people","17":"tag-people","18":"tag-photo-people","19":"tag-potins-de-stars","20":"tag-potins-people","21":"tag-sheila"},"share_on_mastodon":{"url":"https:\/\/pubeurope.com\/@fr\/114453747059669965","error":""},"_links":{"self":[{"href":"https:\/\/www.europesays.com\/fr\/wp-json\/wp\/v2\/posts\/75967","targetHints":{"allow":["GET"]}}],"collection":[{"href":"https:\/\/www.europesays.com\/fr\/wp-json\/wp\/v2\/posts"}],"about":[{"href":"https:\/\/www.europesays.com\/fr\/wp-json\/wp\/v2\/types\/post"}],"author":[{"embeddable":true,"href":"https:\/\/www.europesays.com\/fr\/wp-json\/wp\/v2\/users\/2"}],"replies":[{"embeddable":true,"href":"https:\/\/www.europesays.com\/fr\/wp-json\/wp\/v2\/comments?post=75967"}],"version-history":[{"count":0,"href":"https:\/\/www.europesays.com\/fr\/wp-json\/wp\/v2\/posts\/75967\/revisions"}],"wp:featuredmedia":[{"embeddable":true,"href":"https:\/\/www.europesays.com\/fr\/wp-json\/wp\/v2\/media\/75968"}],"wp:attachment":[{"href":"https:\/\/www.europesays.com\/fr\/wp-json\/wp\/v2\/media?parent=75967"}],"wp:term":[{"taxonomy":"category","embeddable":true,"href":"https:\/\/www.europesays.com\/fr\/wp-json\/wp\/v2\/categories?post=75967"},{"taxonomy":"post_tag","embeddable":true,"href":"https:\/\/www.europesays.com\/fr\/wp-json\/wp\/v2\/tags?post=75967"}],"curies":[{"name":"wp","href":"https:\/\/api.w.org\/{rel}","templated":true}]}}