{"id":759692,"date":"2026-02-25T21:56:13","date_gmt":"2026-02-25T21:56:13","guid":{"rendered":"https:\/\/www.europesays.com\/fr\/759692\/"},"modified":"2026-02-25T21:56:13","modified_gmt":"2026-02-25T21:56:13","slug":"le-velodrome-se-vide-grosse-inquietude-a-marseille","status":"publish","type":"post","link":"https:\/\/www.europesays.com\/fr\/759692\/","title":{"rendered":"Le V\u00e9lodrome se vide, grosse inqui\u00e9tude \u00e0 Marseille"},"content":{"rendered":"<p><b>Malgr\u00e9 l\u2019\u00e9v\u00e8nement, l\u2019Olympique de Marseille peine \u00e0 remplir le V\u00e9lodrome pour le quart de finale de la <a href=\"https:\/\/www.foot01.com\/coupe-de-france\" title=\"Coupe de France\" rel=\"nofollow noopener\" target=\"_blank\">Coupe de France<\/a> contre Toulouse dans une semaine. <\/b>L\u2019Olympique de Marseille n\u2019a plus remport\u00e9 le moindre troph\u00e9e depuis 14 ans et en ce sens, l\u2019affiche contre Toulouse la semaine prochaine est primordiale. <a href=\"https:\/\/www.foot01.com\/marseille\/ces-trois-joueurs-que-beye-ne-doit-absolument-pas-virer\" target=\"_self\" rel=\"nofollow noopener\">Les hommes d\u2019Habib Beye<\/a> ont une belle occasion de se hisser en demi-finale de la Coupe de France en affrontant Toulouse en quart de finale. Un match que les co\u00e9quipiers de Mason Greenwood doivent aborder le couteau entre les dents pour se rattraper aupr\u00e8s de leurs supporters de ce d\u00e9but d\u2019ann\u00e9e 2026 tout simplement cataclysmique.Le V\u00e9lodrome peine \u00e0 se remplir pour OM-TFC<\/p>\n<p>Depuis plusieurs ann\u00e9es, le V\u00e9lodrome affiche complet, \u00e0 l\u2019exception du match contre Strasbourg il y a une semaine. Mais la tendance est malheureusement pour l\u2019OM en train de s\u2019inverser. La preuve, le club phoc\u00e9en peine \u00e0 remplir son stade pour le quart de finale contre le TFC le 4 mars prochain. La preuve, l\u2019Olympique de Marseille a annonc\u00e9 ce mercredi une tr\u00e8s grosse promotion avec -40% ainsi que des packs de 4 places \u00e0 prix r\u00e9duit \u00ab pour vivre cette soir\u00e9e d\u00e9cisive \u00bb comme le publie le club phoc\u00e9en sur X.<\/p>\n<p>Une tr\u00e8s grosse promo \u00e0 une semaine du match qui inqui\u00e8te le journaliste Anthony Aub\u00e8s de BFM Marseille. \u00ab Le club lance une promotion sur les places jusqu\u2019\u00e0 -40%. L\u2019OM a beaucoup de mal \u00e0 vendre ses billets pour le match de mercredi prochain. Trop cher ou d\u00e9sint\u00e9r\u00eat des supporters ? \u00bb s\u2019interroge-t-il. Une explication r\u00e9side peut-\u00eatre dans le fait que le match se disputera en pleine semaine, mercredi soir. Mais cet argument valait aussi pour les affiches de Ligue des Champions et l\u2019OM n\u2019a jamais eu \u00e0 effectuer de telles promotions pour remplir son stade en C1 cette saison.<\/p>\n<p>\u00ab A une semaine de la rencontre c&rsquo;est d\u00e9j\u00e0 bien rempli, rien d&rsquo;alarmant. Ils veulent \u00eatre s\u00fbrs de faire guichet ferm\u00e9 et esp\u00e8rent vendre des places avant Lyon qui pourrait \u00eatre un frein \u00e0 la vente si d\u00e9faite il y a \u00bb ajoute un internaute, pour qui l\u2019OM anticipe un mauvais r\u00e9sultat face \u00e0 l\u2019Olympique Lyonnais afin de s\u2019assurer un stade bien rempli contre Toulouse quoi qu\u2019il arrive. En pleine crise de r\u00e9sultats, Frank McCourt se serait certainement bien pass\u00e9 de voir l\u2019affluence et les prix du V\u00e9lodrome baisser en ce d\u00e9but d\u2019ann\u00e9e 2026.<\/p>\n","protected":false},"excerpt":{"rendered":"Malgr\u00e9 l\u2019\u00e9v\u00e8nement, l\u2019Olympique de Marseille peine \u00e0 remplir le V\u00e9lodrome pour le quart de finale de la Coupe&hellip;\n","protected":false},"author":2,"featured_media":759693,"comment_status":"","ping_status":"","sticky":false,"template":"","format":"standard","meta":{"footnotes":"","_share_on_mastodon":"0"},"categories":[2814],"tags":[1111,11,83,1777,674,1011,27,884,12,149,882,25],"class_list":["post-759692","post","type-post","status-publish","format-standard","has-post-thumbnail","category-marseille","tag-actu","tag-actualites","tag-coupe-de-france","tag-eu","tag-europe","tag-fr","tag-france","tag-marseille","tag-news","tag-om","tag-provence-alpes-cote-dazur","tag-republique-francaise"],"share_on_mastodon":{"url":"https:\/\/pubeurope.com\/@fr\/116133506990369500","error":""},"_links":{"self":[{"href":"https:\/\/www.europesays.com\/fr\/wp-json\/wp\/v2\/posts\/759692","targetHints":{"allow":["GET"]}}],"collection":[{"href":"https:\/\/www.europesays.com\/fr\/wp-json\/wp\/v2\/posts"}],"about":[{"href":"https:\/\/www.europesays.com\/fr\/wp-json\/wp\/v2\/types\/post"}],"author":[{"embeddable":true,"href":"https:\/\/www.europesays.com\/fr\/wp-json\/wp\/v2\/users\/2"}],"replies":[{"embeddable":true,"href":"https:\/\/www.europesays.com\/fr\/wp-json\/wp\/v2\/comments?post=759692"}],"version-history":[{"count":0,"href":"https:\/\/www.europesays.com\/fr\/wp-json\/wp\/v2\/posts\/759692\/revisions"}],"wp:featuredmedia":[{"embeddable":true,"href":"https:\/\/www.europesays.com\/fr\/wp-json\/wp\/v2\/media\/759693"}],"wp:attachment":[{"href":"https:\/\/www.europesays.com\/fr\/wp-json\/wp\/v2\/media?parent=759692"}],"wp:term":[{"taxonomy":"category","embeddable":true,"href":"https:\/\/www.europesays.com\/fr\/wp-json\/wp\/v2\/categories?post=759692"},{"taxonomy":"post_tag","embeddable":true,"href":"https:\/\/www.europesays.com\/fr\/wp-json\/wp\/v2\/tags?post=759692"}],"curies":[{"name":"wp","href":"https:\/\/api.w.org\/{rel}","templated":true}]}}