{"id":75998,"date":"2025-05-05T06:30:30","date_gmt":"2025-05-05T06:30:30","guid":{"rendered":"https:\/\/www.europesays.com\/fr\/75998\/"},"modified":"2025-05-05T06:30:30","modified_gmt":"2025-05-05T06:30:30","slug":"des-halles-gourmandes-vont-bientot-ouvrir-dans-cette-commune-a-lest-de-toulon","status":"publish","type":"post","link":"https:\/\/www.europesays.com\/fr\/75998\/","title":{"rendered":"Des halles gourmandes vont bient\u00f4t ouvrir dans cette commune \u00e0 l\u2019est de Toulon"},"content":{"rendered":"<p>\u00ab\u00a0On revient \u00e0 la notion de partage, de convivialit\u00e9, de solidarit\u00e9.\u00a0\u00bb \u00c0 quelques semaines de l\u2019ouverture des Halles d\u2019Annabelle en entr\u00e9e de ville, avenue L\u00e9on-Amic, Jean-Michel Decret, directeur ex\u00e9cutif de la holding qui g\u00e9rera ce lieu compos\u00e9 de deux b\u00e2timents de pr\u00e8s de 600m2 reli\u00e9s par un patio est enthousiaste. Bernard Mouttet, le maire de la ville aussi. \u00ab\u00a0C\u2019est un beau projet, un projet qui retient l\u2019attention des Cuersois. Il y a une grosse attente. C\u2019est un projet 100% priv\u00e9, soutenue par la commune et o\u00f9 il y a aura des places de parking (50), insiste-t-il. \u00c7a rentre dans le cadre de l\u2019am\u00e9lioration du cadre de vie et de l\u2019architecture de l\u2019entr\u00e9e de ville. Et on n\u2019oublie pas le centre-ville qui est en train de se redynamiser. Il y a une demande, on multiplie l\u2019offre\u2026\u00a0\u00bb<\/p>\n<p>Le site qui ouvrira d\u00e9but juillet proposera d\u2019un c\u00f4t\u00e9 des halles marchandes alimentaires \u00ab\u00a0traditionnelles\u00a0\u00bb, de l\u2019autre un food court \u2013 une aire de restauration \u2013, qui r\u00e9unira 10 restaurants, un bar brasserie et un bar \u00e0 bi\u00e8res (lire ci-apr\u00e8s). Au milieu un patio avec \u00ab\u00a0des tables de 8\/10\/12 personnes pour favoriser le partage.\u00a0\u00bb<\/p>\n<p>\u00ab Il y aura 282 places assises, moiti\u00e9 en int\u00e9rieur, moiti\u00e9 en ext\u00e9rieur, indique Pascale Hery, directrice de la communication. Nous sommes les seuls sur la r\u00e9gion \u00e0 prendre le parti de faire deux b\u00e2timents s\u00e9<\/p>\n<p>par\u00e9s. On veut rester des halles traditionnelles \u00bb, ajoute Jean-Michel Decret qui mise sur les notions de proximit\u00e9, de d\u00e9veloppement durable pour le lieu. \u00ab\u00a0On a impos\u00e9 que 40% de l\u2019achat frais des restaurants soit fait dans le march\u00e9 couvert. \u00c7a entre dans la notion de partage.\u00a0\u00bb<\/p>\n<p>Quant \u00e0 la concurrence possible des Halles d\u2019Annabelle avec les commerces du centre-ville, Bernard Mouttet n\u2019est pas inquiet. \u00ab\u00a0En centre-ville il y a aura toujours une client\u00e8le. Il n\u2019y a plus de locaux disponibles \u00e0 l\u2019heure actuelle. Le monde attire le monde, et la concurrence fait du bien aussi, elle permet d\u2019\u00e9voluer\u00a0\u00bb, pr\u00e9cise le maire qui mise sur les habitants des communes alentour et les retours de travail pour remplir les tables\u2026<\/p>\n<p>            10 restaurants et des halles marchandes<\/p>\n<p>Si la location des derniers espaces disponibles est en cours de finalisation (un appel est lanc\u00e9 aux personnes int\u00e9ress\u00e9es), on conna\u00eet d\u00e9j\u00e0 l\u2019essentiel des restaurants et marchands qui investiront le lieu.<\/p>\n<p> \u00ab Cot\u00e9 restaurant on mise sur la cuisine du monde, explique Jean-Michel Decret. Sont d\u00e9j\u00e0 pr\u00e9vus : un restaurant turc traditionnel, un restaurant \u00e0 burger, un restaurant ap\u00e9ro\/planches, une pizzeria, un tacos, un bar \u00e0 viande, un bar a bi\u00e8res, et la brasserie (bar). On donne l\u2019exclusivit\u00e9, il n\u2019y aura pas d\u2019autre concurrence dans le food-court. Le bar a bi\u00e8res va vendre des bi\u00e8res brass\u00e9es sur place, cot\u00e9 halles marchandes, ce sera une cr\u00e9ation. \u00bb Les halles marchandes accueilleront \u00e9galement \u00ab primeurs, \u00e9cailler, boucher, fromager, caviste locaux. \u00bb<\/p>\n<p>Un point d\u00e9p\u00f4t-retrait de 13 m lin\u00e9aires et 200 casiers sera \u00e9galement install\u00e9 sur place.<\/p>\n<p>Halles d\u2019Annabelle, avenue Leon Amic. Tous les jours sauf le mardi. Halles Gourmandes : 9 h 30-23 h ; Halles marchandes : 8 h-20 h<\/p>\n","protected":false},"excerpt":{"rendered":"\u00ab\u00a0On revient \u00e0 la notion de partage, de convivialit\u00e9, de solidarit\u00e9.\u00a0\u00bb \u00c0 quelques semaines de l\u2019ouverture des Halles&hellip;\n","protected":false},"author":2,"featured_media":75999,"comment_status":"","ping_status":"","sticky":false,"template":"","format":"standard","meta":{"footnotes":""},"categories":[9619],"tags":[1111,11,1777,674,1011,27,12,882,25,2310,3366],"class_list":{"0":"post-75998","1":"post","2":"type-post","3":"status-publish","4":"format-standard","5":"has-post-thumbnail","7":"category-toulon","8":"tag-actu","9":"tag-actualites","10":"tag-eu","11":"tag-europe","12":"tag-fr","13":"tag-france","14":"tag-news","15":"tag-provence-alpes-cote-dazur","16":"tag-republique-francaise","17":"tag-toulon","18":"tag-vie-locale"},"share_on_mastodon":{"url":"https:\/\/pubeurope.com\/@fr\/114453821779666013","error":""},"_links":{"self":[{"href":"https:\/\/www.europesays.com\/fr\/wp-json\/wp\/v2\/posts\/75998","targetHints":{"allow":["GET"]}}],"collection":[{"href":"https:\/\/www.europesays.com\/fr\/wp-json\/wp\/v2\/posts"}],"about":[{"href":"https:\/\/www.europesays.com\/fr\/wp-json\/wp\/v2\/types\/post"}],"author":[{"embeddable":true,"href":"https:\/\/www.europesays.com\/fr\/wp-json\/wp\/v2\/users\/2"}],"replies":[{"embeddable":true,"href":"https:\/\/www.europesays.com\/fr\/wp-json\/wp\/v2\/comments?post=75998"}],"version-history":[{"count":0,"href":"https:\/\/www.europesays.com\/fr\/wp-json\/wp\/v2\/posts\/75998\/revisions"}],"wp:featuredmedia":[{"embeddable":true,"href":"https:\/\/www.europesays.com\/fr\/wp-json\/wp\/v2\/media\/75999"}],"wp:attachment":[{"href":"https:\/\/www.europesays.com\/fr\/wp-json\/wp\/v2\/media?parent=75998"}],"wp:term":[{"taxonomy":"category","embeddable":true,"href":"https:\/\/www.europesays.com\/fr\/wp-json\/wp\/v2\/categories?post=75998"},{"taxonomy":"post_tag","embeddable":true,"href":"https:\/\/www.europesays.com\/fr\/wp-json\/wp\/v2\/tags?post=75998"}],"curies":[{"name":"wp","href":"https:\/\/api.w.org\/{rel}","templated":true}]}}