{"id":760451,"date":"2026-02-26T06:04:12","date_gmt":"2026-02-26T06:04:12","guid":{"rendered":"https:\/\/www.europesays.com\/fr\/760451\/"},"modified":"2026-02-26T06:04:12","modified_gmt":"2026-02-26T06:04:12","slug":"vern-sur-seiche-une-repetition-publique-du-bagad-avant-son-concours","status":"publish","type":"post","link":"https:\/\/www.europesays.com\/fr\/760451\/","title":{"rendered":"Vern-sur-Seiche. Une r\u00e9p\u00e9tition publique du bagad avant son concours"},"content":{"rendered":"<p>Le bagad Kadoudal a entrepris un travail s\u00e9rieux, depuis plusieurs semaines, autour d\u2019une suite du pays Nantais qu\u2019il pr\u00e9sentera en avant-premi\u00e8re demain, lors d\u2019une r\u00e9p\u00e9tition publique.<\/p>\n<p>Cette prestation dirig\u00e9e par H\u00e9l\u00e9na Boistard sera pr\u00e9sent\u00e9e en concours de 3e cat\u00e9gorie Sonerion, dimanche 1er\u00a0mars au Palais des congr\u00e8s de Pontivy (Morbihan). L\u2019enjeu est grand\u00a0!<\/p>\n<p>Ywen Gauvain, penn bombarde, explique. \u00a0Cette suite d\u2019airs traditionnels, arrang\u00e9s par le bagad et ses responsables de pupitres dont je fais partie, est compos\u00e9e de trois suites de danses. &#8230;<\/p>\n<p>\u00a0<\/p>\n","protected":false},"excerpt":{"rendered":"Le bagad Kadoudal a entrepris un travail s\u00e9rieux, depuis plusieurs semaines, autour d\u2019une suite du pays Nantais qu\u2019il&hellip;\n","protected":false},"author":2,"featured_media":760452,"comment_status":"","ping_status":"","sticky":false,"template":"","format":"standard","meta":{"footnotes":"","_share_on_mastodon":"0"},"categories":[2821],"tags":[1111,11,34680,829,903,1777,674,1011,27,12,12299,3086,584,31611,25,9310],"class_list":["post-760451","post","type-post","status-publish","format-standard","has-post-thumbnail","category-rennes","tag-actu","tag-actualites","tag-bagad","tag-bretagne","tag-concours","tag-eu","tag-europe","tag-fr","tag-france","tag-news","tag-publique","tag-redon","tag-rennes","tag-repetition","tag-republique-francaise","tag-vern-sur-seiche"],"share_on_mastodon":{"url":"https:\/\/pubeurope.com\/@fr\/116135425864701426","error":""},"_links":{"self":[{"href":"https:\/\/www.europesays.com\/fr\/wp-json\/wp\/v2\/posts\/760451","targetHints":{"allow":["GET"]}}],"collection":[{"href":"https:\/\/www.europesays.com\/fr\/wp-json\/wp\/v2\/posts"}],"about":[{"href":"https:\/\/www.europesays.com\/fr\/wp-json\/wp\/v2\/types\/post"}],"author":[{"embeddable":true,"href":"https:\/\/www.europesays.com\/fr\/wp-json\/wp\/v2\/users\/2"}],"replies":[{"embeddable":true,"href":"https:\/\/www.europesays.com\/fr\/wp-json\/wp\/v2\/comments?post=760451"}],"version-history":[{"count":0,"href":"https:\/\/www.europesays.com\/fr\/wp-json\/wp\/v2\/posts\/760451\/revisions"}],"wp:featuredmedia":[{"embeddable":true,"href":"https:\/\/www.europesays.com\/fr\/wp-json\/wp\/v2\/media\/760452"}],"wp:attachment":[{"href":"https:\/\/www.europesays.com\/fr\/wp-json\/wp\/v2\/media?parent=760451"}],"wp:term":[{"taxonomy":"category","embeddable":true,"href":"https:\/\/www.europesays.com\/fr\/wp-json\/wp\/v2\/categories?post=760451"},{"taxonomy":"post_tag","embeddable":true,"href":"https:\/\/www.europesays.com\/fr\/wp-json\/wp\/v2\/tags?post=760451"}],"curies":[{"name":"wp","href":"https:\/\/api.w.org\/{rel}","templated":true}]}}