{"id":76051,"date":"2025-05-05T06:59:08","date_gmt":"2025-05-05T06:59:08","guid":{"rendered":"https:\/\/www.europesays.com\/fr\/76051\/"},"modified":"2025-05-05T06:59:08","modified_gmt":"2025-05-05T06:59:08","slug":"bobigny-six-ans-apres-lincendie-qui-a-tue-sa-compagne-le-combat-sans-fin-de-christ","status":"publish","type":"post","link":"https:\/\/www.europesays.com\/fr\/76051\/","title":{"rendered":"Bobigny\u00a0: six ans apr\u00e8s l\u2019incendie qui a tu\u00e9 sa compagne, le combat sans fin de Christ"},"content":{"rendered":"<p class=\"paragraph text_align_left\">\u00ab Si je me bats, c\u2019est surtout pour mon fils \u00bb, glisse Christ Makela, 32 ans. Le petit Kylian n\u2019avait qu\u20191 an et demi quand il a perdu sa maman. Christelle Gadou a p\u00e9ri dans <a href=\"https:\/\/www.leparisien.fr\/seine-saint-denis-93\/bobigny-93000\/trois-morts-dont-deux-enfants-dans-un-incendie-a-bobigny-27-12-2018-7977417.php\" target=\"_blank\" rel=\"nofollow noopener\">le terrible feu survenu dans un immeuble d\u2019habitation<\/a> de la cit\u00e9 Paul-\u00c9luard, \u00e0 Bobigny (Seine-Saint-Denis), fin 2018. Elle n\u2019avait que 25 ans. Quatre autres personnes sont d\u00e9c\u00e9d\u00e9es, dont deux petites filles.<\/p>\n<p class=\"paragraph text_align_left\">Six ans apr\u00e8s, le drame a laiss\u00e9 place \u00e0 un combat judiciaire. \u00ab Je veux au moins qu\u2019on reconnaisse au petit un pr\u00e9judice moral. Il vient tout juste d\u2019avoir 8 ans et il grandit sans conna\u00eetre sa maman. Il faut qu\u2019un responsable soit d\u00e9sign\u00e9. \u00bb \u00c0 ce jour, il est le seul \u00e0 m\u00e9diatiser son combat pour tenter de faire reconna\u00eetre une responsabilit\u00e9 p\u00e9nale dans ce sinistre cinq fois meurtrier.<\/p>\n","protected":false},"excerpt":{"rendered":"\u00ab Si je me bats, c\u2019est surtout pour mon fils \u00bb, glisse Christ Makela, 32 ans. Le petit&hellip;\n","protected":false},"author":2,"featured_media":76052,"comment_status":"","ping_status":"","sticky":false,"template":"","format":"standard","meta":{"footnotes":""},"categories":[1888],"tags":[11,1777,674,118,1011,27,1944,12,626,25,1945],"class_list":{"0":"post-76051","1":"post","2":"type-post","3":"status-publish","4":"format-standard","5":"has-post-thumbnail","7":"category-paris","8":"tag-actualites","9":"tag-eu","10":"tag-europe","11":"tag-faits-divers","12":"tag-fr","13":"tag-france","14":"tag-ma-ville","15":"tag-news","16":"tag-paris","17":"tag-republique-francaise","18":"tag-seine-saint-denis"},"share_on_mastodon":{"url":"https:\/\/pubeurope.com\/@fr\/114453935842490653","error":""},"_links":{"self":[{"href":"https:\/\/www.europesays.com\/fr\/wp-json\/wp\/v2\/posts\/76051","targetHints":{"allow":["GET"]}}],"collection":[{"href":"https:\/\/www.europesays.com\/fr\/wp-json\/wp\/v2\/posts"}],"about":[{"href":"https:\/\/www.europesays.com\/fr\/wp-json\/wp\/v2\/types\/post"}],"author":[{"embeddable":true,"href":"https:\/\/www.europesays.com\/fr\/wp-json\/wp\/v2\/users\/2"}],"replies":[{"embeddable":true,"href":"https:\/\/www.europesays.com\/fr\/wp-json\/wp\/v2\/comments?post=76051"}],"version-history":[{"count":0,"href":"https:\/\/www.europesays.com\/fr\/wp-json\/wp\/v2\/posts\/76051\/revisions"}],"wp:featuredmedia":[{"embeddable":true,"href":"https:\/\/www.europesays.com\/fr\/wp-json\/wp\/v2\/media\/76052"}],"wp:attachment":[{"href":"https:\/\/www.europesays.com\/fr\/wp-json\/wp\/v2\/media?parent=76051"}],"wp:term":[{"taxonomy":"category","embeddable":true,"href":"https:\/\/www.europesays.com\/fr\/wp-json\/wp\/v2\/categories?post=76051"},{"taxonomy":"post_tag","embeddable":true,"href":"https:\/\/www.europesays.com\/fr\/wp-json\/wp\/v2\/tags?post=76051"}],"curies":[{"name":"wp","href":"https:\/\/api.w.org\/{rel}","templated":true}]}}