{"id":76123,"date":"2025-05-05T07:38:09","date_gmt":"2025-05-05T07:38:09","guid":{"rendered":"https:\/\/www.europesays.com\/fr\/76123\/"},"modified":"2025-05-05T07:38:09","modified_gmt":"2025-05-05T07:38:09","slug":"un-lundi-entre-pluie-et-nuages-dans-le-var","status":"publish","type":"post","link":"https:\/\/www.europesays.com\/fr\/76123\/","title":{"rendered":"Un lundi entre pluie et nuages dans le Var"},"content":{"rendered":"<p>Le temps sera tr\u00e8s nuageux ce lundi matin, avec des averses attendues du c\u00f4t\u00e9 de Salernes, Seillans et Trigance.<\/p>\n<p>La grisaille persistera au cours de l&rsquo;apr\u00e8s-midi sur l&rsquo;ensemble du territoire.<\/p>\n<p>C\u00f4t\u00e9 temp\u00e9ratures, il fera entre 14 et 19\u00b0C ce lundi matin et jusqu&rsquo;\u00e0 23\u00b0C \u00e0 Fr\u00e9jus au plus chaud de la journ\u00e9e.<\/p>\n<p>Le\u00a0vent\u00a0se l\u00e8vera progressivement et les rafales atteindront 60 km\/h \u00e0 Toulon, et entre 40 et 60 km\/h partout ailleurs.\u00a0<\/p>\n","protected":false},"excerpt":{"rendered":"Le temps sera tr\u00e8s nuageux ce lundi matin, avec des averses attendues du c\u00f4t\u00e9 de Salernes, Seillans et&hellip;\n","protected":false},"author":2,"featured_media":76124,"comment_status":"","ping_status":"","sticky":false,"template":"","format":"standard","meta":{"footnotes":""},"categories":[9619],"tags":[1111,11,1777,674,1011,27,2487,12,882,25,2310],"class_list":{"0":"post-76123","1":"post","2":"type-post","3":"status-publish","4":"format-standard","5":"has-post-thumbnail","7":"category-toulon","8":"tag-actu","9":"tag-actualites","10":"tag-eu","11":"tag-europe","12":"tag-fr","13":"tag-france","14":"tag-meteo","15":"tag-news","16":"tag-provence-alpes-cote-dazur","17":"tag-republique-francaise","18":"tag-toulon"},"share_on_mastodon":{"url":"https:\/\/pubeurope.com\/@fr\/114454089100171931","error":""},"_links":{"self":[{"href":"https:\/\/www.europesays.com\/fr\/wp-json\/wp\/v2\/posts\/76123","targetHints":{"allow":["GET"]}}],"collection":[{"href":"https:\/\/www.europesays.com\/fr\/wp-json\/wp\/v2\/posts"}],"about":[{"href":"https:\/\/www.europesays.com\/fr\/wp-json\/wp\/v2\/types\/post"}],"author":[{"embeddable":true,"href":"https:\/\/www.europesays.com\/fr\/wp-json\/wp\/v2\/users\/2"}],"replies":[{"embeddable":true,"href":"https:\/\/www.europesays.com\/fr\/wp-json\/wp\/v2\/comments?post=76123"}],"version-history":[{"count":0,"href":"https:\/\/www.europesays.com\/fr\/wp-json\/wp\/v2\/posts\/76123\/revisions"}],"wp:featuredmedia":[{"embeddable":true,"href":"https:\/\/www.europesays.com\/fr\/wp-json\/wp\/v2\/media\/76124"}],"wp:attachment":[{"href":"https:\/\/www.europesays.com\/fr\/wp-json\/wp\/v2\/media?parent=76123"}],"wp:term":[{"taxonomy":"category","embeddable":true,"href":"https:\/\/www.europesays.com\/fr\/wp-json\/wp\/v2\/categories?post=76123"},{"taxonomy":"post_tag","embeddable":true,"href":"https:\/\/www.europesays.com\/fr\/wp-json\/wp\/v2\/tags?post=76123"}],"curies":[{"name":"wp","href":"https:\/\/api.w.org\/{rel}","templated":true}]}}