{"id":76131,"date":"2025-05-05T07:42:11","date_gmt":"2025-05-05T07:42:11","guid":{"rendered":"https:\/\/www.europesays.com\/fr\/76131\/"},"modified":"2025-05-05T07:42:11","modified_gmt":"2025-05-05T07:42:11","slug":"explosion-feu-de-voiture-que-sest-il-passe-dans-cette-commune-pres-de-rouen","status":"publish","type":"post","link":"https:\/\/www.europesays.com\/fr\/76131\/","title":{"rendered":"Explosion, feu de voiture ? Que s&rsquo;est-il pass\u00e9 dans cette commune pr\u00e8s de Rouen"},"content":{"rendered":"<p>            Par<br \/>\n        <strong><br \/>\n            <a href=\"https:\/\/actu.fr\/auteur\/vanessa-leroy\" title=\"Consulter tous les articles de Vanessa Leroy\" rel=\"nofollow noopener\" target=\"_blank\">Vanessa Leroy<\/a><br \/>\n        <\/strong><\/p>\n<p>        Publi\u00e9 le<\/p>\n<p>            5 mai 2025 \u00e0 7h38        <\/p>\n<p>Il est aux alentours de <strong>20 heures, dimanche 4 mai 2025<\/strong>, quand des riverains de la rue Henri-Matisse, au <a href=\"https:\/\/actu.fr\/normandie\/le-grand-quevilly_76322\" rel=\"nofollow noopener\" target=\"_blank\">Grand-Quevilly, pr\u00e8s de Rouen<\/a>, entendent comme <strong>\u00ab\u00a0une explosion de gaz\u00a0\u00bb<\/strong>. D\u2019autres \u00e9voquent un feu de voiture.<\/p>\n<p class=\" wall-content\">Appel\u00e9s, les pompiers interviennent sur les lieux du sinistre. A leur arriv\u00e9e, \u00ab\u00a0ils constatent <strong>une fuite de gaz enflamm\u00e9e<\/strong> sur un compteur gaz cons\u00e9cutive \u00e0 un feu de d\u00e9tritus\u00a0\u00bb, indique le Service d\u00e9partemental d\u2019incendie et de secours (Sdis).<\/p>\n<p class=\" wall-content\">L\u2019action des secours a permis d\u2019\u00e9viter la propagation sur des v\u00e9hicules en stationnement. Le gaz a \u00e9t\u00e9 coup\u00e9 dans le b\u00e2timent de temps de la r\u00e9paration du compteur.<\/p>\n<p>Suivez l\u2019actualit\u00e9 de Rouen <a href=\"https:\/\/www.whatsapp.com\/channel\/0029VaKfnf99hXF2ddApFB1D\" rel=\"nofollow noopener\" target=\"_blank\">sur notre cha\u00eene WhatsApp<\/a> et <a href=\"https:\/\/www.tiktok.com\/@76actu.fr?lang=fr\" rel=\"nofollow noopener\" target=\"_blank\">sur notre compte TikTok<\/a><\/p>\n<p class=\" wall-content\">Suivez toute l\u2019actualit\u00e9 de vos villes et m\u00e9dias favoris en vous inscrivant \u00e0 <a href=\"https:\/\/moncompte.actu.fr\" title=\"D\u00e9couvez Mon Actu\" rel=\"nofollow noopener\" data-trk=\"{&quot;cta&quot;:{&quot;action&quot;:&quot;https:\\\/\\\/moncompte.actu.fr&quot;,&quot;category&quot;:&quot;mon compte&quot;,&quot;from&quot;:&quot;article footer&quot;,&quot;name&quot;:&quot;Mon actu&quot;,&quot;type&quot;:&quot;cta&quot;}}\" target=\"_blank\">Mon Actu<\/a>.<\/p>\n<p>                    <script async src=\"\/\/www.tiktok.com\/embed.js\"><\/script><\/p>\n","protected":false},"excerpt":{"rendered":"Par Vanessa Leroy Publi\u00e9 le 5 mai 2025 \u00e0 7h38 Il est aux alentours de 20 heures, dimanche&hellip;\n","protected":false},"author":2,"featured_media":76132,"comment_status":"","ping_status":"","sticky":false,"template":"","format":"standard","meta":{"footnotes":""},"categories":[9587],"tags":[1111,11,1777,674,118,1011,27,1310,12,5161,1311,25,9590],"class_list":{"0":"post-76131","1":"post","2":"type-post","3":"status-publish","4":"format-standard","5":"has-post-thumbnail","7":"category-rouen","8":"tag-actu","9":"tag-actualites","10":"tag-eu","11":"tag-europe","12":"tag-faits-divers","13":"tag-fr","14":"tag-france","15":"tag-incendie","16":"tag-news","17":"tag-normandie","18":"tag-pompiers","19":"tag-republique-francaise","20":"tag-rouen"},"share_on_mastodon":{"url":"https:\/\/pubeurope.com\/@fr\/114454104800744143","error":""},"_links":{"self":[{"href":"https:\/\/www.europesays.com\/fr\/wp-json\/wp\/v2\/posts\/76131","targetHints":{"allow":["GET"]}}],"collection":[{"href":"https:\/\/www.europesays.com\/fr\/wp-json\/wp\/v2\/posts"}],"about":[{"href":"https:\/\/www.europesays.com\/fr\/wp-json\/wp\/v2\/types\/post"}],"author":[{"embeddable":true,"href":"https:\/\/www.europesays.com\/fr\/wp-json\/wp\/v2\/users\/2"}],"replies":[{"embeddable":true,"href":"https:\/\/www.europesays.com\/fr\/wp-json\/wp\/v2\/comments?post=76131"}],"version-history":[{"count":0,"href":"https:\/\/www.europesays.com\/fr\/wp-json\/wp\/v2\/posts\/76131\/revisions"}],"wp:featuredmedia":[{"embeddable":true,"href":"https:\/\/www.europesays.com\/fr\/wp-json\/wp\/v2\/media\/76132"}],"wp:attachment":[{"href":"https:\/\/www.europesays.com\/fr\/wp-json\/wp\/v2\/media?parent=76131"}],"wp:term":[{"taxonomy":"category","embeddable":true,"href":"https:\/\/www.europesays.com\/fr\/wp-json\/wp\/v2\/categories?post=76131"},{"taxonomy":"post_tag","embeddable":true,"href":"https:\/\/www.europesays.com\/fr\/wp-json\/wp\/v2\/tags?post=76131"}],"curies":[{"name":"wp","href":"https:\/\/api.w.org\/{rel}","templated":true}]}}