{"id":76135,"date":"2025-05-05T07:45:11","date_gmt":"2025-05-05T07:45:11","guid":{"rendered":"https:\/\/www.europesays.com\/fr\/76135\/"},"modified":"2025-05-05T07:45:11","modified_gmt":"2025-05-05T07:45:11","slug":"grenoble-un-accident-entre-un-tram-et-une-voiture-perturbe-la-circulation-sur-cette-ligne","status":"publish","type":"post","link":"https:\/\/www.europesays.com\/fr\/76135\/","title":{"rendered":"Grenoble. Un accident entre un tram et une voiture perturbe la circulation sur cette ligne"},"content":{"rendered":"<p>            Par<br \/>\n        <strong><br \/>\n            <a href=\"https:\/\/actu.fr\/auteur\/lisa-rodrigues\" title=\"Consulter tous les articles de Lisa Rodrigues\" target=\"_blank\" rel=\"noopener\">Lisa Rodrigues<\/a><br \/>\n        <\/strong><\/p>\n<p>        Publi\u00e9 le<\/p>\n<p>            5 mai 2025 \u00e0 9h26        <\/p>\n<p>D\u00e9but de journ\u00e9e complexe sur la <a href=\"https:\/\/actu.fr\/auvergne-rhone-alpes\/grenoble_38185\/grenoble-plusieurs-perturbations-sur-cette-ligne-de-tramway-voici-a-quoi-s-attendre_62565928.html\" target=\"_blank\" rel=\"noopener\">ligne A du tramway<\/a> \u00e0 Grenoble, lundi 5 mai. Il \u00e9tait aux alentours de 7h30 lorsqu\u2019un accident est survenu \u00e0 <a href=\"https:\/\/actu.fr\/auvergne-rhone-alpes\/echirolles_38151\" target=\"_blank\" rel=\"noopener\">\u00c9chirolles<\/a>, au sud de l\u2019agglom\u00e9ration, au niveau de l\u2019avenue du 8 Mai 1945.<\/p>\n<p>    <a href=\"https:\/\/www.google.com\/maps\/embed?pb=!1m18!1m12!1m3!1d1989.8191489025915!2d5.716080341194997!3d45.14600432703099!2m3!1f0!2f0!3f0!3m2!1i1024!2i768!4f13.1!3m3!1m2!1s0x478a8b45a336b5cf%3A0x46a1c18d16bea1dd!2sAv.%20du%208%20Mai%201945%2C%2038130%20%C3%89chirolles!5e0!3m2!1sfr!2sfr!4v1746429280178!5m2!1sfr!2sfr\" title=\"Ouvrie le lien\" target=\"_blank\" rel=\"noopener\">Cliquez ici pour visualiser le contenu<\/a><\/p>\n<p class=\" wall-content\">Une voiture et un tramway <strong>se seraient percut\u00e9s<\/strong>, dans des circonstances encore inconnues.<\/p>\n<p>Reprise progressive du trafic<\/p>\n<p class=\" wall-content\">Les sapeurs-pompiers ont pris en charge sur place le conducteur du v\u00e9hicule, <strong>l\u00e9g\u00e8rement bless\u00e9<\/strong>. Aucune victime n\u2019est \u00e0 d\u00e9plorer parmi les passagers du tramway.<\/p>\n<p class=\" wall-content\">En cons\u00e9quence, la circulation a \u00e9t\u00e9 <strong>compl\u00e8tement stopp\u00e9e<\/strong> en d\u00e9but de matin\u00e9e pendant une demi-heure sur la ligne A du tramway.<\/p>\n<p>Vid\u00e9os : en ce moment sur Actu<\/p>\n<p class=\" wall-content\">\u00c0 9 heures, le trafic avait repris sur l\u2019enti\u00e8ret\u00e9 de la ligne, mais des retards et perturbations ne sont pas \u00e0 exclure, pr\u00e9vient <a href=\"https:\/\/actu.fr\/auvergne-rhone-alpes\/grenoble_38185\/grenoble-nouveaux-bus-tramways-les-transports-de-la-metropole-changent-de-visage_62518849.html\" target=\"_blank\" rel=\"noopener\">M\u2019R\u00e9so<\/a> sur son site internet.\u00a0<\/p>\n<p class=\" wall-content\">Suivez toute l\u2019actualit\u00e9 de vos villes et m\u00e9dias favoris en vous inscrivant \u00e0 <a href=\"https:\/\/moncompte.actu.fr\" title=\"D\u00e9couvez Mon Actu\" rel=\"nofollow noopener\" data-trk=\"{&quot;cta&quot;:{&quot;action&quot;:&quot;https:\\\/\\\/moncompte.actu.fr&quot;,&quot;category&quot;:&quot;mon compte&quot;,&quot;from&quot;:&quot;article footer&quot;,&quot;name&quot;:&quot;Mon actu&quot;,&quot;type&quot;:&quot;cta&quot;}}\" target=\"_blank\">Mon Actu<\/a>.<\/p>\n","protected":false},"excerpt":{"rendered":"Par Lisa Rodrigues Publi\u00e9 le 5 mai 2025 \u00e0 9h26 D\u00e9but de journ\u00e9e complexe sur la ligne A&hellip;\n","protected":false},"author":2,"featured_media":52147,"comment_status":"","ping_status":"","sticky":false,"template":"","format":"standard","meta":{"footnotes":""},"categories":[9566],"tags":[119,1111,11,2430,1777,674,118,1011,27,2731,12,1311,25,8194],"class_list":{"0":"post-76135","1":"post","2":"type-post","3":"status-publish","4":"format-standard","5":"has-post-thumbnail","7":"category-grenoble","8":"tag-accident","9":"tag-actu","10":"tag-actualites","11":"tag-auvergne-rhone-alpes","12":"tag-eu","13":"tag-europe","14":"tag-faits-divers","15":"tag-fr","16":"tag-france","17":"tag-grenoble","18":"tag-news","19":"tag-pompiers","20":"tag-republique-francaise","21":"tag-transport-de-lagglomeration-grenobloise-tag"},"share_on_mastodon":{"url":"https:\/\/pubeurope.com\/@fr\/114454116741648106","error":""},"_links":{"self":[{"href":"https:\/\/www.europesays.com\/fr\/wp-json\/wp\/v2\/posts\/76135","targetHints":{"allow":["GET"]}}],"collection":[{"href":"https:\/\/www.europesays.com\/fr\/wp-json\/wp\/v2\/posts"}],"about":[{"href":"https:\/\/www.europesays.com\/fr\/wp-json\/wp\/v2\/types\/post"}],"author":[{"embeddable":true,"href":"https:\/\/www.europesays.com\/fr\/wp-json\/wp\/v2\/users\/2"}],"replies":[{"embeddable":true,"href":"https:\/\/www.europesays.com\/fr\/wp-json\/wp\/v2\/comments?post=76135"}],"version-history":[{"count":0,"href":"https:\/\/www.europesays.com\/fr\/wp-json\/wp\/v2\/posts\/76135\/revisions"}],"wp:featuredmedia":[{"embeddable":true,"href":"https:\/\/www.europesays.com\/fr\/wp-json\/wp\/v2\/media\/52147"}],"wp:attachment":[{"href":"https:\/\/www.europesays.com\/fr\/wp-json\/wp\/v2\/media?parent=76135"}],"wp:term":[{"taxonomy":"category","embeddable":true,"href":"https:\/\/www.europesays.com\/fr\/wp-json\/wp\/v2\/categories?post=76135"},{"taxonomy":"post_tag","embeddable":true,"href":"https:\/\/www.europesays.com\/fr\/wp-json\/wp\/v2\/tags?post=76135"}],"curies":[{"name":"wp","href":"https:\/\/api.w.org\/{rel}","templated":true}]}}