{"id":76169,"date":"2025-05-05T08:06:08","date_gmt":"2025-05-05T08:06:08","guid":{"rendered":"https:\/\/www.europesays.com\/fr\/76169\/"},"modified":"2025-05-05T08:06:08","modified_gmt":"2025-05-05T08:06:08","slug":"ile-de-france-trafic-tres-perturbe-sur-les-rer-b-et-c","status":"publish","type":"post","link":"https:\/\/www.europesays.com\/fr\/76169\/","title":{"rendered":"Ile-de-France\u00a0: trafic tr\u00e8s perturb\u00e9 sur les RER B et C"},"content":{"rendered":"<p>Le trafic est fortement perturb\u00e9 lundi matin en Ile-de-France sur les RER B et C ainsi que sur certains Transiliens, conform\u00e9ment aux pr\u00e9visions de la SNCF, au premier jour d\u2019une semaine d\u2019appels \u00e0 la gr\u00e8ve.<\/p>\n<p>Lundi est le premier jour d\u2019une semaine marqu\u00e9e par plusieurs appels \u00e0 la gr\u00e8ve de Sud-Rail et de la CGT-Cheminots sur des questions de r\u00e9mun\u00e9ration et d\u2019organisation du travail, avec en point d\u2019orgue une gr\u00e8ve des contr\u00f4leurs qui s\u2019annonce suivie en plein week-end de pont du 8-mai.<\/p>\n<p>Sur la ligne B du RER, \u201cle trafic est fortement perturb\u00e9\u201d lundi matin avec \u201cun train sur deux sur la partie nord de la ligne, et deux trains sur trois sur la partie sud\u201d, selon le site internet transilien.com. Il n\u2019y a cependant \u201caucun changement de train n\u00e9cessaire \u00e0 Paris gare du Nord\u201d.<\/p>\n<p>Concernant le RER C, le trafic est \u00e9galement \u201cfortement perturb\u00e9\u201d, avec un train sur deux. Sur le RER E, le trafic est \u201cl\u00e9g\u00e8rement perturb\u00e9\u201d avec quatre trains sur cinq qui devraient \u00eatre assur\u00e9s.<\/p>\n<p>Le trafic est en revanche normal sur le RER A, la ligne la plus fr\u00e9quent\u00e9e.<\/p>\n<p>Une m\u00eame fr\u00e9quence d\u2019un train sur 2 est constat\u00e9e sur lignes N, U et V du Transilien, o\u00f9 il est fait \u00e9tat d\u2019un trafic \u201cfortement perturb\u00e9\u201d.<\/p>\n","protected":false},"excerpt":{"rendered":"Le trafic est fortement perturb\u00e9 lundi matin en Ile-de-France sur les RER B et C ainsi que sur&hellip;\n","protected":false},"author":2,"featured_media":24058,"comment_status":"","ping_status":"","sticky":false,"template":"","format":"standard","meta":{"footnotes":""},"categories":[1592],"tags":[1111,11,1777,674,1011,27,6151,662,12,626,25,2216],"class_list":{"0":"post-76169","1":"post","2":"type-post","3":"status-publish","4":"format-standard","5":"has-post-thumbnail","7":"category-ile-de-france","8":"tag-actu","9":"tag-actualites","10":"tag-eu","11":"tag-europe","12":"tag-fr","13":"tag-france","14":"tag-greve","15":"tag-ile-de-france","16":"tag-news","17":"tag-paris","18":"tag-republique-francaise","19":"tag-transports-en-commun"},"share_on_mastodon":{"url":"https:\/\/pubeurope.com\/@fr\/114454199221527168","error":""},"_links":{"self":[{"href":"https:\/\/www.europesays.com\/fr\/wp-json\/wp\/v2\/posts\/76169","targetHints":{"allow":["GET"]}}],"collection":[{"href":"https:\/\/www.europesays.com\/fr\/wp-json\/wp\/v2\/posts"}],"about":[{"href":"https:\/\/www.europesays.com\/fr\/wp-json\/wp\/v2\/types\/post"}],"author":[{"embeddable":true,"href":"https:\/\/www.europesays.com\/fr\/wp-json\/wp\/v2\/users\/2"}],"replies":[{"embeddable":true,"href":"https:\/\/www.europesays.com\/fr\/wp-json\/wp\/v2\/comments?post=76169"}],"version-history":[{"count":0,"href":"https:\/\/www.europesays.com\/fr\/wp-json\/wp\/v2\/posts\/76169\/revisions"}],"wp:featuredmedia":[{"embeddable":true,"href":"https:\/\/www.europesays.com\/fr\/wp-json\/wp\/v2\/media\/24058"}],"wp:attachment":[{"href":"https:\/\/www.europesays.com\/fr\/wp-json\/wp\/v2\/media?parent=76169"}],"wp:term":[{"taxonomy":"category","embeddable":true,"href":"https:\/\/www.europesays.com\/fr\/wp-json\/wp\/v2\/categories?post=76169"},{"taxonomy":"post_tag","embeddable":true,"href":"https:\/\/www.europesays.com\/fr\/wp-json\/wp\/v2\/tags?post=76169"}],"curies":[{"name":"wp","href":"https:\/\/api.w.org\/{rel}","templated":true}]}}