{"id":76188,"date":"2025-05-05T08:16:11","date_gmt":"2025-05-05T08:16:11","guid":{"rendered":"https:\/\/www.europesays.com\/fr\/76188\/"},"modified":"2025-05-05T08:16:11","modified_gmt":"2025-05-05T08:16:11","slug":"uber-veut-lancer-ses-robotaxis-en-europe-des-2026-mais-ou-exactement","status":"publish","type":"post","link":"https:\/\/www.europesays.com\/fr\/76188\/","title":{"rendered":"Uber veut lancer ses robotaxis en Europe d\u00e8s 2026, mais o\u00f9 exactement\u00a0?"},"content":{"rendered":"<p>                    <b>D\u00e8s d\u00e9but 2026, Uber pr\u00e9voit de d\u00e9ployer des v\u00e9hicules autonomes en Europe gr\u00e2ce \u00e0 un partenariat strat\u00e9gique avec une startup chinoise, r\u00e9pondant au doux nom de Momenta. C\u2019est une premi\u00e8re pour la plateforme de VTC, en dehors des \u00c9tats-Unis et de la Chine.<\/b><\/p>\n<p>                                                                                                                                                        <img decoding=\"async\" src=\"https:\/\/www.europesays.com\/fr\/wp-content\/uploads\/2025\/05\/23230ae9ca_uber-veut-lancer-ses-robotaxis-en-europe-des-2026.webp.webp\" alt=\"Uber veut lancer ses robotaxis en Europe d\u00e8s 2026, mais o\u00f9 exactement\u00a0?\" width=\"1200\" height=\"675\" loading=\"lazy\"\/>        <\/p>\n<p>Cap sur l\u2019Europe<\/p>\n<p><a href=\"https:\/\/www.mac4ever.com\/mobilite\/188775-lyon-les-livreurs-en-scooter-bientot-exclus-deliveroo-et-uber-eats-en-panique\" target=\"_blank\" rel=\"noopener\">Uber<\/a> vient donc d\u2019annoncer un accord strat\u00e9gique avec Momenta, une soci\u00e9t\u00e9 chinoise sp\u00e9cialis\u00e9e dans la conduite autonome, pour lancer un service de robotaxis en Europe \u00e0 partir de d\u00e9but 2026. \u00c7a sera la premi\u00e8re incursion d\u2019Uber dans ce domaine \u00e0 l\u2019international, en dehors de ses exp\u00e9rimentations en Chine et aux \u00c9tats-Unis. <b>Les premiers v\u00e9hicules int\u00e9greront un op\u00e9rateur de s\u00e9curit\u00e9 \u00e0 bord, \u00e9tape classique avant un d\u00e9ploiement totalement autonome.<\/b><br \/>La course \u00e0 la voiture autonome s\u2019intensifie, avec Waymo, Tesla ou encore Lyft d\u00e9j\u00e0 actifs sur le segment. Pour Uber, l\u2019objectif est clair\u00a0: rester comp\u00e9titif sur ce march\u00e9 en plein boum.<\/p>\n<p>                                                                                                                                                        <img decoding=\"async\" src=\"https:\/\/www.europesays.com\/fr\/wp-content\/uploads\/2025\/05\/c7d3a89ac4_uber-veut-lancer-ses-robotaxis-en-europe-des-2026.webp.webp\" alt=\"Uber veut lancer ses robotaxis en Europe d\u00e8s 2026, mais o\u00f9 exactement\u00a0?\" width=\"1200\" height=\"673\" loading=\"lazy\"\/>        <\/p>\n<p>Momenta, l\u2019alli\u00e9 technologique venu de Chine<\/p>\n<p>Fond\u00e9e \u00e0 P\u00e9kin, Momenta s\u2019est impos\u00e9e comme un acteur cl\u00e9 de la conduite autonome. L\u2019entreprise a con\u00e7u une approche dite\u00a0\u201cAI-first\u201d, qui repose sur des mod\u00e8les d\u2019IA \u00e0 grande \u00e9chelle et une strat\u00e9gie dite du\u00a0\u201cflywheel\u201d, qui combine collecte de donn\u00e9es, it\u00e9ration logicielle continue et production en masse. <b>Deux produits structurent son offre\u00a0: Mpilot, un syst\u00e8me d\u2019aide \u00e0 la conduite pr\u00eat pour la production, et MSD, sa solution de conduite enti\u00e8rement autonome.<\/b><br \/>D\u00e9j\u00e0 implant\u00e9e en Chine, Momenta travaille avec plusieurs constructeurs de poids (GM, Toyota, SAIC, Honda\u2026) et revendique plus de 130 mod\u00e8les de v\u00e9hicules compatibles. Le partenariat avec Uber est donc une \u00e9tape strat\u00e9gique\u00a0: l\u2019acc\u00e8s \u00e0 un r\u00e9seau mondial de mobilit\u00e9 et une vitrine sur les march\u00e9s occidentaux.<\/p>\n<p>Un march\u00e9 mondial sous tension<\/p>\n<p><a href=\"https:\/\/www.mac4ever.com\/culture\/186728-classement-uber-des-passagers-qui-ont-ete-les-meilleurs-en-france-en-2024\" target=\"_blank\" rel=\"noopener\">Uber<\/a> n\u2019en est pas \u00e0 son coup d\u2019essai dans le domaine des v\u00e9hicules autonomes. Apr\u00e8s avoir vendu sa propre division \u00e0 Aurora en 2020, la plateforme multiplie les partenariats. <b>Elle a r\u00e9cemment nou\u00e9 un accord avec May Mobility pour d\u00e9ployer plusieurs milliers de robotaxis aux \u00c9tats-Unis, avec un lancement pr\u00e9vu \u00e0 Arlington, petite ville du Texas, d\u2019ici fin 2025.<\/b><br \/>Uber collabore aussi avec WeRide, Wayve ou encore Motional, m\u00eame si certains projets ont \u00e9t\u00e9 suspendus. Face \u00e0 la mont\u00e9e en puissance de Tesla, qui pr\u00e9voit ses propres robotaxis \u00e0 Austin, ou de <a href=\"https:\/\/www.mac4ever.com\/auto\/186101-waymo-va-tester-ses-taxis-autonomes-dans-une-ville-non-us-devinez-laquelle-ca-n-est-pas-pau\" target=\"_blank\" rel=\"noopener\">Waymo<\/a> qui \u00e9tend sa flotte dans plusieurs grandes m\u00e9tropoles, Uber veut acc\u00e9l\u00e9rer la cadence pour ne pas se retrouver \u00e0 la tra\u00eene. Le choix d\u2019un acteur chinois comme Momenta montre cette urgence \u00e0 mettre en \u0153uvre des solutions pr\u00eates \u00e0 l\u2019emploi.<\/p>\n<p>                                                                                                                                                        <img decoding=\"async\" src=\"https:\/\/www.europesays.com\/fr\/wp-content\/uploads\/2025\/05\/eceb1a345c_uber-veut-lancer-ses-robotaxis-en-europe-des-2026.webp.webp\" alt=\"Uber veut lancer ses robotaxis en Europe d\u00e8s 2026, mais o\u00f9 exactement\u00a0?\" width=\"1200\" height=\"802\" loading=\"lazy\"\/>        <\/p>\n<p>Oui, mais o\u00f9 exactement\u00a0?<\/p>\n<p>Pour le moment, Uber et Momenta ne pr\u00e9cisent pas dans quels pays d\u2019Europe le service sera d\u00e9ploy\u00e9 en premier, ni quels mod\u00e8les de v\u00e9hicules seront utilis\u00e9s. Aucun d\u00e9tail financier n\u2019a \u00e9t\u00e9 communiqu\u00e9 non plus. <b>On sait seulement que la premi\u00e8re phase int\u00e9grera des op\u00e9rateurs humains \u00e0 bord pour superviser les trajets, comme c\u2019est souvent le cas lors des d\u00e9buts de ce type de services.<\/b><br \/>Le signal est clair, Uber n\u2019abandonne pas l\u2019id\u00e9e du robotaxi, au contraire. En misant sur une technologie chinoise d\u00e9j\u00e0 \u00e9prouv\u00e9e et une int\u00e9gration directe dans son application, la plateforme veut aller vite et rattraper ses concurrents. Reste \u00e0 voir si les r\u00e9gulateurs europ\u00e9ens vont suivre.\n                    <\/p>\n","protected":false},"excerpt":{"rendered":"D\u00e8s d\u00e9but 2026, Uber pr\u00e9voit de d\u00e9ployer des v\u00e9hicules autonomes en Europe gr\u00e2ce \u00e0 un partenariat strat\u00e9gique avec&hellip;\n","protected":false},"author":2,"featured_media":76189,"comment_status":"","ping_status":"","sticky":false,"template":"","format":"standard","meta":{"footnotes":""},"categories":[1586],"tags":[11,1777,674,1011,27,12,25,13430,13016],"class_list":{"0":"post-76188","1":"post","2":"type-post","3":"status-publish","4":"format-standard","5":"has-post-thumbnail","7":"category-europe","8":"tag-actualites","9":"tag-eu","10":"tag-europe","11":"tag-fr","12":"tag-france","13":"tag-news","14":"tag-republique-francaise","15":"tag-taxi","16":"tag-uber"},"share_on_mastodon":{"url":"https:\/\/pubeurope.com\/@fr\/114454238564683127","error":""},"_links":{"self":[{"href":"https:\/\/www.europesays.com\/fr\/wp-json\/wp\/v2\/posts\/76188","targetHints":{"allow":["GET"]}}],"collection":[{"href":"https:\/\/www.europesays.com\/fr\/wp-json\/wp\/v2\/posts"}],"about":[{"href":"https:\/\/www.europesays.com\/fr\/wp-json\/wp\/v2\/types\/post"}],"author":[{"embeddable":true,"href":"https:\/\/www.europesays.com\/fr\/wp-json\/wp\/v2\/users\/2"}],"replies":[{"embeddable":true,"href":"https:\/\/www.europesays.com\/fr\/wp-json\/wp\/v2\/comments?post=76188"}],"version-history":[{"count":0,"href":"https:\/\/www.europesays.com\/fr\/wp-json\/wp\/v2\/posts\/76188\/revisions"}],"wp:featuredmedia":[{"embeddable":true,"href":"https:\/\/www.europesays.com\/fr\/wp-json\/wp\/v2\/media\/76189"}],"wp:attachment":[{"href":"https:\/\/www.europesays.com\/fr\/wp-json\/wp\/v2\/media?parent=76188"}],"wp:term":[{"taxonomy":"category","embeddable":true,"href":"https:\/\/www.europesays.com\/fr\/wp-json\/wp\/v2\/categories?post=76188"},{"taxonomy":"post_tag","embeddable":true,"href":"https:\/\/www.europesays.com\/fr\/wp-json\/wp\/v2\/tags?post=76188"}],"curies":[{"name":"wp","href":"https:\/\/api.w.org\/{rel}","templated":true}]}}