{"id":76220,"date":"2025-05-05T08:34:08","date_gmt":"2025-05-05T08:34:08","guid":{"rendered":"https:\/\/www.europesays.com\/fr\/76220\/"},"modified":"2025-05-05T08:34:08","modified_gmt":"2025-05-05T08:34:08","slug":"lady-gaga-reagit-a-lattentat-dejoue-lors-de-son-concert-geant-a-rio","status":"publish","type":"post","link":"https:\/\/www.europesays.com\/fr\/76220\/","title":{"rendered":"Lady Gaga r\u00e9agit \u00e0 l\u2019attentat d\u00e9jou\u00e9 lors de son concert g\u00e9ant \u00e0 Rio"},"content":{"rendered":"<p>La chanteuse am\u00e9ricaine s\u2019est produite samedi 3 mai sur la plage de Copacabana devant 2,1 millions de personnes. Les autorit\u00e9s ont annonc\u00e9 le lendemain avoir emp\u00each\u00e9 une attaque \u00e0 la bombe et interpell\u00e9 deux hommes.<\/p>\n<p class=\"fig-paragraph\">Les sc\u00e8nes de liesse auraient pu tourner au cauchemar. La police br\u00e9silienne a annonc\u00e9 dimanche 4 mai avoir\u00a0<a href=\"http:\/\/www.lefigaro.fr\/musique\/les-images-incroyables-du-concert-gratuit-de-lady-gaga-devant-plus-de-2-millions-de-spectateurs-a-rio-de-janeiro-20250504\" data-fig-type=\"NewsFlash\" data-gtm-custom-categorie=\"navigation\" data-gtm-custom-action=\"crossclick\" data-gtm-custom-label=\"Contextuel\" data-gtm-event=\"customEventSPE\" data-fig-domain=\"LEFIGARO\" target=\"_blank\" rel=\"noopener\">d\u00e9jou\u00e9 un attentat \u00e0 la bombe<\/a>\u00a0lors d\u2019un concert gratuit organis\u00e9 la veille par\u00a0<a href=\"http:\/\/www.lefigaro.fr\/musique\/lady-gaga-annonce-cinq-nouvelles-dates-de-concert-en-france-20250327\" data-fig-type=\"NewsFlash\" data-gtm-custom-categorie=\"navigation\" data-gtm-custom-action=\"crossclick\" data-gtm-custom-label=\"Contextuel\" data-gtm-event=\"customEventSPE\" data-fig-domain=\"LEFIGARO\" target=\"_blank\" rel=\"noopener\">Lady Gaga<\/a>\u00a0sur la plage de\u00a0<a href=\"http:\/\/www.lefigaro.fr\/voyages\/hotels\/quand-doris-monteiro-porta-la-bossa-nova-depuis-le-copacabana-palace-20240726\" target=\"_blank\" data-fig-type=\"Article\" rel=\"noopener\" data-gtm-custom-categorie=\"navigation\" data-gtm-custom-action=\"crossclick\" data-gtm-custom-label=\"Contextuel\" data-gtm-event=\"customEventSPE\" data-fig-domain=\"LEFIGARO\">Copacabana<\/a>, \u00e0 Rio de Janeiro. Sur les r\u00e9seaux sociaux, les autorit\u00e9s pr\u00e9cisent avoir interpell\u00e9 deux personnes en lien avec cette tentative d\u2019attaque, \u00e0 savoir un homme qui poss\u00e9dait ill\u00e9galement des armes et un adolescent poursuivi pour p\u00e9dopornographie, indique le\u00a0<a href=\"https:\/\/www.hollywoodreporter.com\/news\/music-news\/lady-gaga-responds-bomb-plot-targeting-brazil-concert-1236206852\/\" target=\"_blank\" rel=\"nofollow noopener\" data-gtm-custom-categorie=\"navigation\" data-gtm-custom-action=\"crossclick\" data-gtm-custom-label=\"Contextuel\" data-gtm-event=\"customEventSPE\">Hollywood Reporter<\/a> . \u00ab\u00a0La police civile de Rio de Janeiro, en collaboration avec le minist\u00e8re de la Justice, a emp\u00each\u00e9 un attentat \u00e0 la bombe lors du spectacle de Lady Gaga \u00e0 Copacabana\u00a0\u00bb, ont-elles d\u00e9clar\u00e9.<\/p>\n<p class=\"fig-paragraph\">Dans un communiqu\u00e9 transmis hier, au lendemain du concert g\u00e9ant qui a rassembl\u00e9, selon les estimations de la municipalit\u00e9, quelque 2,1 millions de spectateurs, un porte-parole de la chanteuse new-yorkaise a d\u00e9clar\u00e9 \u00ab\u00a0avoir eu connaissance de cette menace par les m\u00e9dias\u00a0\u00bb dans la matin\u00e9e. \u00ab\u00a0Avant et pendant le concert, il n\u2019y a eu aucun probl\u00e8me de s\u00e9curit\u00e9, ni aucune communication de la police ou des autorit\u00e9s \u00e0 Lady Gaga concernant des risques, poursuit-il, surpris. Son \u00e9quipe a travaill\u00e9 en \u00e9troite collaboration avec les forces de l\u2019ordre tout au long de la planification et de l\u2019ex\u00e9cution du concert et toutes les parties \u00e9taient confiantes dans les mesures de s\u00e9curit\u00e9 mises en place.\u00a0\u00bb<\/p>\n<p class=\"fig-paragraph\">De son c\u00f4t\u00e9, la police br\u00e9silienne a d\u00e9clar\u00e9 que l\u2019attaque d\u00e9jou\u00e9e a \u00e9t\u00e9 planifi\u00e9e par un groupe qui diffusait des discours haineux \u00e0 l\u2019encontre de la\u00a0<a href=\"https:\/\/www.lefigaro.fr\/international\/au-liban-les-lgbtq-face-a-une-vague-d-intolerance-20230826\" data-fig-type=\"Article\" data-gtm-custom-categorie=\"navigation\" data-gtm-custom-action=\"crossclick\" data-gtm-custom-label=\"Contextuel\" data-gtm-event=\"customEventSPE\" data-fig-domain=\"LEFIGARO\" target=\"_blank\" rel=\"noopener\">communaut\u00e9 LGBTQ<\/a>. Ce dernier aurait cherch\u00e9 \u00e0 radicaliser et \u00e0 recruter des adolescents pour commettre des attentats \u00e0 l\u2019aide de cocktails Molotov et d\u2019explosifs. Toujours selon la police locale, il s\u2019agissait d\u2019un \u00ab\u00a0d\u00e9fi collectif\u00a0\u00bb organis\u00e9 dans le but de \u00ab\u00a0gagner en notori\u00e9t\u00e9 sur les r\u00e9seaux sociaux\u00a0\u00bb. Pour retrouver les suspects, les autorit\u00e9s br\u00e9siliennes ont effectu\u00e9 des perquisitions chez quinze personnes dans plusieurs \u00c9tats du Br\u00e9sil, \u00e0 qui ils ont confisqu\u00e9 les t\u00e9l\u00e9phones et autres appareils \u00e9lectroniques.<\/p>\n<p>    <a href=\"https:\/\/photo.lefigaro.fr\/musique\/les-images-du-concert-de-lady-gaga-sur-la-plage-de-copacabana-20250504\" target=\"_blank\" rel=\"noopener\"><\/p>\n<p class=\"fig-slideshow__title\">\n                    Les images du concert de Lady Gaga sur la plage de Copacabana\n                <\/p>\n<p>Acc\u00e9der au diaporama (10)<\/p>\n<p>    <\/a><\/p>\n<p>\u00ab\u00a0Votre culture est tellement vibrante\u00a0\u00bb<\/p>\n<p class=\"fig-paragraph\">Dans ce contexte, le concert de samedi s\u2019est tenu dans d\u2019excellentes conditions gr\u00e2ce \u00e0 l\u2019\u00ab\u00a0impressionnant dispositif de s\u00e9curit\u00e9 d\u00e9ploy\u00e9, avec plus de 5000 agents, des drones et des cam\u00e9ras de vid\u00e9osurveillance \u00e0 reconnaissance faciale\u00a0\u00bb. Lady Gaga a d\u2019ailleurs exprim\u00e9 sa gratitude envers ses fans, surnomm\u00e9s les \u00ab\u00a0Little Monsters\u00a0\u00bb sur les r\u00e9seaux sociaux\u00a0:\u00a0\u00ab\u00a0Rien ne pouvait me pr\u00e9parer [&#8230;] \u00e0 la fiert\u00e9 et la joie que j\u2019ai ressenti en chantant pour le peuple br\u00e9silien. La vue de la foule pendant mes premi\u00e8res chansons m\u2019a coup\u00e9 le souffle. Votre c\u0153ur brille tellement, votre culture est tellement vibrante et unique, j\u2019esp\u00e8re que vous savez \u00e0 quel point je suis reconnaissante d\u2019avoir partag\u00e9 ce moment historique avec vous.\u00a0\u00bb<\/p>\n<p class=\"fig-paragraph\">Sur sc\u00e8ne, l\u2019artiste de 39 ans, \u00e9galement \u00e0 l\u2019affiche du dernier\u00a0<a href=\"http:\/\/www.lefigaro.fr\/cinema\/notre-critique-de-joker-folie-a-deux-on-connait-la-chanson-20241001\" data-fig-type=\"Article\" data-gtm-custom-categorie=\"navigation\" data-gtm-custom-action=\"crossclick\" data-gtm-custom-label=\"Contextuel\" data-gtm-event=\"customEventSPE\" data-fig-domain=\"LEFIGARO\" target=\"_blank\" rel=\"noopener\">Joker\u00a0: Folie \u00e0 deux<\/a>, a entonn\u00e9 Poker Face, un de ses plus grands succ\u00e8s, sur un \u00e9chiquier monumental. Juch\u00e9e \u00e0 plus deux m\u00e8tres de haut, habill\u00e9e d\u2019une tra\u00eene interminable \u00e9carlate qui, en s\u2019ouvrant, a d\u00e9voil\u00e9 une cage verticale dans laquelle \u00e9taient cach\u00e9es ses danseuses, elle a chant\u00e9 Bloody Mary. Pendant plus de deux heures, Lady Gaga a interpr\u00e9t\u00e9 ses meilleurs tubes comme Abracadabra, un des titres phares de\u00a0<a href=\"http:\/\/www.lefigaro.fr\/musique\/mayhem-le-chaos-pasteurise-de-lady-gaga-20250307\" target=\"_blank\" data-fig-type=\"Article\" rel=\"noopener\" data-gtm-custom-categorie=\"navigation\" data-gtm-custom-action=\"crossclick\" data-gtm-custom-label=\"Contextuel\" data-gtm-event=\"customEventSPE\" data-fig-domain=\"LEFIGARO\">son dernier album, \u00abMayhem\u00bb<\/a>, lanc\u00e9 en mars.<\/p>\n<p class=\"fig-paragraph\">Malgr\u00e9 ces menaces, les autorit\u00e9s municipales, qui tablent sur des retomb\u00e9es \u00e9conomiques de plus de 100 millions de dollars, souhaitent p\u00e9renniser cette tradition du m\u00e9ga concert gratuit en mai, afin de stimuler le tourisme lors d\u2019une p\u00e9riode consid\u00e9r\u00e9e comme basse saison. Le maire Eduardo Paes a d\u00e9j\u00e0 laiss\u00e9 entendre qu\u2019il comptait faire venir le\u00a0<a href=\"https:\/\/www.lefigaro.fr\/musique\/u2-la-cassette-d-un-des-premiers-concerts-du-groupe-refait-surface-20190709\" data-fig-type=\"Article\" data-gtm-custom-categorie=\"navigation\" data-gtm-custom-action=\"crossclick\" data-gtm-custom-label=\"Contextuel\" data-gtm-event=\"customEventSPE\" data-fig-domain=\"LEFIGARO\" target=\"_blank\" rel=\"noopener\">groupe de rock irlandais U2<\/a>, sans pr\u00e9ciser de date.<\/p>\n","protected":false},"excerpt":{"rendered":"La chanteuse am\u00e9ricaine s\u2019est produite samedi 3 mai sur la plage de Copacabana devant 2,1 millions de personnes.&hellip;\n","protected":false},"author":2,"featured_media":76221,"comment_status":"","ping_status":"","sticky":false,"template":"","format":"standard","meta":{"footnotes":""},"categories":[1355],"tags":[2937,5581,2932,2935,1696,2934,58,2933,59,1011,27,2531,1361,873,2936,1698,18150],"class_list":{"0":"post-76220","1":"post","2":"type-post","3":"status-publish","4":"format-standard","5":"has-post-thumbnail","7":"category-musique","8":"tag-artistes","9":"tag-attentat","10":"tag-cd","11":"tag-chansons","12":"tag-chanteur","13":"tag-chason","14":"tag-divertissement","15":"tag-dvd","16":"tag-entertainment","17":"tag-fr","18":"tag-france","19":"tag-lady-gaga","20":"tag-music","21":"tag-musique","22":"tag-musique-classique","23":"tag-musiques","24":"tag-rio"},"share_on_mastodon":{"url":"https:\/\/pubeurope.com\/@fr\/114454309377083194","error":""},"_links":{"self":[{"href":"https:\/\/www.europesays.com\/fr\/wp-json\/wp\/v2\/posts\/76220","targetHints":{"allow":["GET"]}}],"collection":[{"href":"https:\/\/www.europesays.com\/fr\/wp-json\/wp\/v2\/posts"}],"about":[{"href":"https:\/\/www.europesays.com\/fr\/wp-json\/wp\/v2\/types\/post"}],"author":[{"embeddable":true,"href":"https:\/\/www.europesays.com\/fr\/wp-json\/wp\/v2\/users\/2"}],"replies":[{"embeddable":true,"href":"https:\/\/www.europesays.com\/fr\/wp-json\/wp\/v2\/comments?post=76220"}],"version-history":[{"count":0,"href":"https:\/\/www.europesays.com\/fr\/wp-json\/wp\/v2\/posts\/76220\/revisions"}],"wp:featuredmedia":[{"embeddable":true,"href":"https:\/\/www.europesays.com\/fr\/wp-json\/wp\/v2\/media\/76221"}],"wp:attachment":[{"href":"https:\/\/www.europesays.com\/fr\/wp-json\/wp\/v2\/media?parent=76220"}],"wp:term":[{"taxonomy":"category","embeddable":true,"href":"https:\/\/www.europesays.com\/fr\/wp-json\/wp\/v2\/categories?post=76220"},{"taxonomy":"post_tag","embeddable":true,"href":"https:\/\/www.europesays.com\/fr\/wp-json\/wp\/v2\/tags?post=76220"}],"curies":[{"name":"wp","href":"https:\/\/api.w.org\/{rel}","templated":true}]}}