{"id":762324,"date":"2026-02-27T00:38:21","date_gmt":"2026-02-27T00:38:21","guid":{"rendered":"https:\/\/www.europesays.com\/fr\/762324\/"},"modified":"2026-02-27T00:38:21","modified_gmt":"2026-02-27T00:38:21","slug":"ce-que-propose-grandir-vivre-transmettre-a-saint-etienne","status":"publish","type":"post","link":"https:\/\/www.europesays.com\/fr\/762324\/","title":{"rendered":"Ce que propose \u00ab\u00a0Grandir Vivre Transmettre\u00a0\u00bb \u00e0 Saint-Etienne"},"content":{"rendered":"<p class=\"is-style-chapo\">Les \u00e9lections municipales, c\u2019est dans moins d\u2019un mois (15 et 22 mars). Apr\u00e8s avoir suivi les n\u00e9gociations entre partis et les d\u00e9clarations de candidature \u00e0 Saint-Etienne et Saint-Chamond, notre r\u00e9daction se penchera sur les forces en pr\u00e9sence dans plusieurs communes du sud Loire, s\u00e9lectionn\u00e9es \u00e0 partir d\u2019un seuil de leur nombre d\u2019habitants. Parall\u00e8lement, nous revenons, en <a href=\"https:\/\/www.if-saint-etienne.fr\/politique\/municipales-2026\" target=\"_blank\" rel=\"noreferrer noopener nofollow\">d\u00e9tails<\/a>, sur la composition et le programme des diff\u00e9rentes listes st\u00e9phanoises et couramiaudes.<\/p>\n<p class=\"is-style-chapo\">Les parutions par ville suivent la logique chronologique des entretiens obtenus avec les t\u00eates de liste, les candidatures ayant \u00e9t\u00e9 sollicit\u00e9es en m\u00eame temps. Quatri\u00e8me volet donc pour ce qui concerne Saint-Etienne : \u00ab\u00a0Grandir Vivre Transmettre \u00bb, liste divers droite issue de la majorit\u00e9 et men\u00e9e par l\u2019adjoint \u00e0 la culture Marc Chassaub\u00e9n\u00e9. \u00a0<\/p>\n<p><img loading=\"lazy\" decoding=\"async\" width=\"1024\" height=\"576\" src=\"https:\/\/www.europesays.com\/fr\/wp-content\/uploads\/2026\/02\/IMG-20260225-WA0007-1024x576.jpg\" alt=\"\" class=\"wp-image-81918\"  \/>La liste au complet sur l\u2019esplanade faisant face \u00e0 la gare de Ch\u00e2teaucreux. Photo transmise par \u00ab\u00a0Grandir Vivre Transmettre\u00a0\u00bb<\/p>\n<p>Un h\u00e9ritage commun, deux pr\u00e9tendants. A la suite du vote interne ayant <a href=\"https:\/\/www.if-saint-etienne.fr\/politique-societe\/succession-de-gael-perdriau-la-majorite-municipale-en-voie-de-faire-boum\" target=\"_blank\" rel=\"noreferrer noopener nofollow\">fractur\u00e9<\/a> la majorit\u00e9 de Ga\u00ebl Perdriau le soir m\u00eame de sa <a href=\"https:\/\/www.if-saint-etienne.fr\/immobilier-vie-juridique\/chantage-le-proces\/proces-de-chantage-monsieur-vous-ne-pouvez-plus-etre-le-maire-de-saint-etienne\" target=\"_blank\" rel=\"noreferrer noopener nofollow\">condamnation<\/a> en premi\u00e8re instance, Marc Chassaub\u00e9n\u00e9, adjoint \u00e0 la culture, avait \u00e9t\u00e9 d\u00e9sign\u00e9 pour prendre sa suite. C\u2019\u00e9tait sans compter la fronde d\u2019une autre adjointe, Siham Labich, estimant le proc\u00e9d\u00e9 subi et les d\u00e9s pip\u00e9s. Marc Chassaub\u00e9n\u00e9 avait alors renonc\u00e9 et Jean-Pierre Berger avait \u00e9t\u00e9 pr\u00e9sent\u00e9 \u00e0 l\u2019assembl\u00e9e municipale pour finir le mandat en tant que <a href=\"https:\/\/www.if-saint-etienne.fr\/politique-societe\/succession-de-perdriau-sans-surprise-jean-pierre-berger-devient-maire\" target=\"_blank\" rel=\"noreferrer noopener nofollow\">maire<\/a>, Marc Chassaub\u00e9n\u00e9 devenant 1er adjoint.<\/p>\n<p>Sans surprises, deux semaines apr\u00e8s, il <a href=\"https:\/\/www.if-saint-etienne.fr\/politique\/municipales-2026\/sans-surprise-marc-chassaubene-est-candidat-a-saint-etienne\" target=\"_blank\" rel=\"noreferrer noopener nofollow\">d\u00e9clarait<\/a> sa candidature. Et Siham Labich la sienne le 12 janvier, ce qui <a href=\"https:\/\/www.saint-etienne.fr\/annuaire-des-elu-e-s\" target=\"_blank\" rel=\"noreferrer noopener nofollow\">reste<\/a> de la majorit\u00e9 originelle se partageant entre les deux. Auront-ils \u00e0 se partager 17 % des votants, moins, davantage ? \u00ab\u00a017 %\u00a0\u00bb : c\u2019est en effet le score que cr\u00e9ditait \u00e0 un Ga\u00ebl Perdriau qui aurait pu se pr\u00e9senter un sondage du PS Loire datant de f\u00e9vrier dernier. Loin du carton, 47 %, obtenu au 1er tour en <a href=\"https:\/\/www.archives-resultats-elections.interieur.gouv.fr\/resultats\/municipales-2020\/042\/042218.php\" target=\"_blank\" rel=\"noreferrer noopener nofollow\">2020<\/a>, certes dans un contexte infiniment diff\u00e9rent et marqu\u00e9 par 68 % d\u2019abstention\u2026 Sans revendiquer bien s\u00fbr la capacit\u00e9 \u00e0 ne serait-ce que s\u2019en approcher, la liste \u00ab\u00a0Grandir Vivre Transmettre\u00a0\u00bb men\u00e9e par Marc Chassaub\u00e9n\u00e9 se sent l\u00e9gitime pour faire plus qu\u2019exister.<\/p>\n<p>Liste et t\u00eate de liste<\/p>\n<p>\u00ab\u00a0Si je suis l\u00e0 c\u2019est qu\u2019il y a un projet collectif et que je souhaite le conduire dans la continuit\u00e9 d\u2019un bilan tr\u00e8s bon.\u00a0\u00bb Jug\u00e9 \u00ab\u00a0tr\u00e8s bon\u00a0\u00bb donc malgr\u00e9 les difficult\u00e9s. Le Covid par exemple. L\u2019affaire de chantage aussi, voire surtout m\u00eame si les \u00ab\u00a0sortants\u00a0\u00bb ont toujours clam\u00e9 que celle-ci ne les avait pas fondamentalement emp\u00each\u00e9s de poursuivre leurs plans c\u00f4t\u00e9 Ville. Confront\u00e9 \u00e0 une rumeur lui pr\u00eatant de pr\u00e9parer le terrain \u00e0 un retour sur sc\u00e8ne de Ga\u00ebl Perdriau, Marc Chassaub\u00e9n\u00e9 la balaie d\u2019embl\u00e9e, pr\u00e9occup\u00e9, assure-t-il, par le seul projet de sa liste. Cet ex-patron de la presse culturelle locale (il poss\u00e9dait jusqu\u2019\u00e0 d\u00e9but 2014 avant d\u2019\u00eatre \u00e9lu, Unagi Loire dont Le Petit Bulletin Saint-Etienne \u00e9tait le navire amiral), 40 ans, est entr\u00e9 en politique via le premier mandat Perdriau, devenant adjoint \u00e0 la culture.<\/p>\n<p><img loading=\"lazy\" decoding=\"async\" width=\"1024\" height=\"576\" src=\"https:\/\/www.europesays.com\/fr\/wp-content\/uploads\/2026\/02\/esign-IF-24-1024x576.png\" alt=\"\" class=\"wp-image-81920\"  \/>Marc Chassaub\u00e9n\u00e9, adjoint \u00e0 la culture, a pris la t\u00eate de cette liste, l\u2019une des deux repr\u00e9sentant l\u2019\u00e9quipe sortante. Photo transmise par \u00ab\u00a0Grandir Vivre Transmettre\u00a0\u00bb<\/p>\n<p>Il avait rempil\u00e9 en 2020, ayant pris entre temps, une vice-pr\u00e9sidence \u00e0 la M\u00e9tropole puis la pr\u00e9sidence de la Cit\u00e9 du design, <a href=\"https:\/\/www.if-saint-etienne.fr\/breves\/qui-pour-presider-la-cite-du-design\" target=\"_blank\" rel=\"noreferrer noopener nofollow\">perdue<\/a> de facto en d\u00e9cembre. T\u00e9moins d\u2019une confiance montante accord\u00e9e par G. Perdriau. 15 adjoints ou conseillers sortants de la majorit\u00e9 \u00e9lue en 2020 lui l\u2019accordent en 2026. Dans l\u2019ordre de la liste : Marie-Jo Perez (n\u00b02), Dominique Manin, Lionel Jouffre, Nicole Aubourdy, V\u00e9ronique Falzone, Brigitte Regeffe, Laurence Ricciardi, Annick Liotier, Maryse Zoffo, Colette Ducros, Jean-Pierre Kotchian, Catherine Zadra. Nadia Semache, Christiane Jodar et J.-P. Berger aussi mais \u00e0 des places \u00ab\u00a0d\u2019honneur\u00a0\u00bb, respectivement les 56e, 58e et 59e sur 59. Pour les trois derniers cit\u00e9s, la politique active est sans doute termin\u00e9e. A noter, en 3e position, le retour de J.-J Rey, un temps leader de l\u2019opposition de droite \u00e0 la suite du recul rapidement pris par Michel Thiolli\u00e8re apr\u00e8s 2008. Soutien de Ga\u00ebl Perdriau en 2020, l\u2019ex Vert de la Grande \u00e9poque Herv\u00e9 Revelli est plac\u00e9 5e.<\/p>\n<p>Pour le reste, une quarantaine de noms plus \u00ab\u00a0neufs\u00a0\u00bb : Sumeye Bozkurt, architecte (n\u00b04), Jo\u00eblle M\u00e9rieux, professeure de danse (n\u00b08), Jo\u00ebl Bignozet, fonctionnaire de police et des Renseignements territoriaux (n\u00b09). Continuit\u00e9, renouvellement et diversit\u00e9 de profils revendiqu\u00e9s : \u00ab\u00a0Ce sera une liste \u00e9tiquet\u00e9e divers droite mais il y a des sensibilit\u00e9s \u00e0 gauche, commente Marc Chassaub\u00e9n\u00e9. Personne n\u2019est encart\u00e9 m\u00eame si cela a pu \u00eatre le cas pour certains, comme moi, un temps chez les LR par opposition \u00e0 Laurent Wauquiez et ses propos sur Saint-Etienne. J\u2019en suis parti quand il est devenu pr\u00e9sident.\u00a0\u00bb \u00a0<\/p>\n<p><strong>Voici des \u00e9l\u00e9ments programmatiques de \u00ab\u00a0Grandir, Vivre, Transmettre\u00a0\u00bb, le nom de la liste correspondant aux trois axes les r\u00e9partissant. Sans fournir une \u00e9valuation financi\u00e8re (fonctionnement \/ investissement), elle se garde, cette fois de promettre \u00e0 coup s\u00fbr, comme en 2020, le maintien des taux fiscaux communaux, arguant d\u2019un contexte devenu infiniment plus instable qu\u2019il y a 6 ans.<\/strong><\/p>\n<p>Ecoles<\/p>\n<p>En tant que celle des \u00ab\u00a0sortants\u00a0\u00bb bien qu\u2019en grande partie renouvel\u00e9e, la liste rappelle ce qui a \u00e9t\u00e9 fait. La progression du bio et des produits locaux, la gratuit\u00e9 des \u00e9quipements sportifs et des mus\u00e9es pour les \u00e9coliers, le plan de r\u00e9novation et v\u00e9g\u00e9talisation des \u00e9coles surtout, \u00e0 40 M\u20ac (+ 20 de 2014 \u00e0 2020). \u00ab\u00a0Nous proposons de poursuivre ce plan ambitieux\u00a0\u00bb. Avec combien ? \u00ab\u00a0Plus ? Non. Autant ? On verra, pr\u00e9cise \u00e0 If Marc Chassaub\u00e9n\u00e9. En mettant 60 M\u20ac depuis 2014 ayant h\u00e9rit\u00e9 d\u2019un manque pr\u00e9alable d\u2019entretien historique sur les \u00e9coles, le plus co\u00fbteux, dont des constructions ou reconstructions a \u00e9t\u00e9 fait ou lanc\u00e9. Le \u00ab\u00a0plus co\u00fbteux\u00a0\u00bb ne veut pas dire qu\u2019il n\u2019y a pas encore beaucoup de choses \u00e0 am\u00e9liorer. Mais sortir un plan \u00e0 60 M\u20ac n\u2019est pas n\u00e9cessaire, voire impossible : avec 40 M\u20ac, on atteint d\u00e9j\u00e0 le maximum dig\u00e9rable par le calendrier des entreprises, leur interface et la gestion avec nos services et l\u2019impact quotidien des chantiers.\u00a0\u00bb \u00a0\u00a0<\/p>\n<p>\u00ab\u00a0Grandir, Vivre, Transmettre\u00a0\u00bb souhaite \u00ab\u00a0geler\u00a0\u00bb le prix de la cantine, estimant les efforts fournis d\u00e9j\u00e0 cons\u00e9quents (1,1 \u20ac \u00e0 5,15 \u20ac le repas en fonction du quotient familial pour 9 \u20ac pay\u00e9s par la collectivit\u00e9) tout comme le bio et (83 %) et le local (72 %) : \u00ab\u00a0dur d\u2019aller plus loin\u00a0\u00bb. C\u2019est dans \u00ab\u00a0l\u2019apprentissage du civisme et le respect de l\u2019autorit\u00e9 d\u00e8s le plus jeune \u00e2ge\u00a0\u00bb par le biais de l\u2019\u00e9cole que la liste veut aller plus loin. Cela via un partenariat entre polices nationale et municipale et \u00e9ducateurs sportifs. \u00ab\u00a0Il y a une \u00e9volution sociale alarmante ces 5 derni\u00e8res ann\u00e9es avec des mineurs inconscients de la gravit\u00e9 de leurs actes. Gr\u00e2ce au renforcement des effectifs, j\u2019aimerais des interventions de la police municipale \u00e0 l\u2019\u00e9cole et des liens avec les clubs de sport, les structures socio-\u00e9ducatives pour un respect transversal : citoyen partout.\u00a0\u00bb \u00a0\u00a0<\/p>\n<p>Education \/ Petite enfance<\/p>\n<p>La liste annonce aussi, entre autres, \u00ab\u00a0un nouveau Conservatoire Massenet pour accueillir nos \u00e9l\u00e8ves dans les meilleures conditions\u00a0\u00bb (ce qui implique un investissement tr\u00e8s cons\u00e9quent), une \u00ab\u00a0\u00e9cole municipale pour les Arts Plastiques et le th\u00e9\u00e2tre\u00a0\u00bb, une \u00e9cole de e-sport aussi pour \u00ab\u00a0d\u00e9velopper et encadrer la pratique sportive num\u00e9rique\u00a0\u00bb et enfin favoriser \u00ab\u00a0l\u2019implantation d\u2019un p\u00f4le de loisirs indoor en centre-ville\u00a0\u00bb.<\/p>\n<p>Outre le lien entre \u00e9cole et citoyennet\u00e9 \u00e9tay\u00e9 plus haut, nous avons interrog\u00e9 sur ses intentions vis-\u00e0-vis des structures socio-\u00e9ducatives (amicales la\u00efques, centres sociaux, etc.), d\u00e9j\u00e0 souvent en difficult\u00e9s financi\u00e8res et encore plus menac\u00e9es par les replis du D\u00e9partement \/ Caf : \u00ab\u00a0Apr\u00e8s l\u2019effort demand\u00e9 en 2023 qui a concern\u00e9 les associations (coupe de 10 % de subventions), le niveau d\u2019aides est remont\u00e9 \u00e0 ce qui \u00e9tait accord\u00e9 avant. La Ville n\u2019est, elle, pas en d\u00e9faut quant au soutien de ces structures. Et nous savons leur importance capitale, l\u2019enjeu primordial qu\u2019elles repr\u00e9sentent. Nous nous engagerons davantage mais sans pouvoir compenser \u00e0 100 % les replis des autres financeurs. Il y a donc un grand chantier \u00e0 conduire pour r\u00e9inventer des mod\u00e8les viables. Certains actuels, je pense \u00e0 la MJC des Tilleuls par exemple, peuvent inspirer.\u00a0\u00bb \u00a0\u00a0\u00a0\u00a0\u00a0\u00a0<\/p>\n<p>Dans le domaine \u00ab\u00a0petite enfance\u00a0\u00bb, la liste veut cr\u00e9er un dispositif de \u00ab\u00a0cr\u00e8che d\u2019urgence\u00a0\u00bb en cas d\u2019impr\u00e9vu pour les parents qui travaillent ou en recherche d\u2019emploi. Que ce soit ponctuel \u2013 \u00ab\u00a0une route bloqu\u00e9e\u00a0\u00bb \u2013 ou pour soulager une situation de quelques jours, quelques semaines, \u00ab\u00a0comme une nouveaut\u00e9 professionnelle, une s\u00e9paration, le temps de se r\u00e9adapter\u00a0\u00bb. L\u2019id\u00e9e serait d\u2019avoir d\u2019ici quelques ann\u00e9es plusieurs dizaines de place r\u00e9parties sur les cr\u00e8ches existantes. \u00a0<\/p>\n<p>S\u00e9curit\u00e9 \/ propret\u00e9<\/p>\n<p>\u00ab\u00a0Au moins une vingtaine d\u2019agents, voire une trentaine de plus au cours du mandat\u00a0\u00bb, chiffre Marc Chassaub\u00e9n\u00e9 pour pr\u00e9ciser l\u2019intention de \u00ab\u00a0continuer \u00e0 renforcer les effectifs de la Police Municipale\u00a0\u00bb. De quoi assurer \u00ab\u00a0une pr\u00e9sence plus visible et dissuasive dans tous les quartiers\u00a0\u00bb : \u00ab\u00a0Il y a un enjeu effectivement de leur r\u00e9partition dans l\u2019espace public. Il faut plus de pr\u00e9sence \u00e0 pied, \u00e0 v\u00e9lo, la nuit de 20 h \u00e0 3 h du matin, de moyens pour lutter contre les incivilit\u00e9s en trottinette et plus largement, pour les d\u00e9lits routiers une brigade d\u00e9di\u00e9e.\u00a0\u00bb Si le nouveau si\u00e8ge de la Police municipale (et son CSU modernis\u00e9) pouvant accueillir 300 agents a \u00e9t\u00e9 lanc\u00e9 \u00e0 Emile-Loubet, il sera inaugur\u00e9 au d\u00e9but de la prochaine mandature. C\u00f4t\u00e9 cam\u00e9ras, le r\u00e9seau est promis \u00e0 l\u2019enrichissement dans les 6 ans \u2013 \u00ab\u00a0une cinquantaine de plus\u00a0\u00bb \u2013 sans compter une augmentation de \u00ab\u00a0cam\u00e9ras nomades\u00a0\u00bb pour contribuer \u00e0 lutter contre le narcotrafic.<\/p>\n<p>A noter aussi ces \u00ab\u00a0dispositifs anti-agression\u00a0\u00bb : d\u00e9ploiement \u2013 \u00ab\u00a0environ 10 par an\u00a0\u00bb \u2013 de bornes d\u2019appel d\u2019urgence vid\u00e9o sur l\u2019espace public ; boutons anti-agression sur le r\u00e9seau de transport et \u00ab\u00a0alarme portative, personnelle et gratuite pour tous les habitants qui en font la demande\u00a0\u00bb. Enfin, renforcement de dispositifs, si possible, de surveillance par drone des grands \u00e9v\u00e8nements.<\/p>\n<p>C\u00f4t\u00e9 propret\u00e9, la liste annonce (c\u2019est la M\u00e9tropole qui l\u00e0, d\u00e9cidera) la \u00ab\u00a0fin du QR code d\u2019acc\u00e8s aux d\u00e9chetteries et une r\u00e9ouverture le dimanche matin\u00a0\u00bb, \u00ab\u00a0davantage de points d\u2019apport volontaires\u00a0\u00bb, la cr\u00e9ation d\u2019une \u00ab\u00a0brigade permanente anti-tag et de lutte contre les d\u00e9gradations dans l\u2019espace public\u00a0\u00bb, l\u2019utilisation des cam\u00e9ras nomades pour plus de r\u00e9pression et un durcissement des amendes.<\/p>\n<p>Urbanisme<\/p>\n<p>\u00ab\u00a0Saint-Etienne et plus particuli\u00e8rement le centre ont besoin d\u2019une \u00ab\u00a0exp\u00e9rience\u00a0\u00bb globale et continue \u00e0 offrir \u00e0 leurs visiteurs. Cela manque \u00e0 son dynamisme. Un centre-ville ne se r\u00e9duit pas \u00e0 un centre commercial mais il y a \u00e0 apprendre de la modernit\u00e9 de cet univers l\u00e0 pour cr\u00e9er un environnement global, faisant envie.\u00a0\u00bb Depuis plusieurs semaines, \u00ab\u00a0Grandir Vivre Transmettre \u00bb, multiplie les projections urbanistiques sur des lieux embl\u00e9matiques imagin\u00e9s davantage v\u00e9g\u00e9talis\u00e9s, plus \u00ab\u00a0aquatiques\u00a0\u00bb aussi, comme sur la place H\u00f4tel-de-Ville que tous les candidats s\u2019accordent \u00e0 dire trop min\u00e9rale, rat\u00e9e lors de sa derni\u00e8re r\u00e9novation. \u00ab\u00a0Le miroir d\u2019eau (grand bassin rectangulaire) que nous aimerions cr\u00e9er n\u2019est pas tr\u00e8s profond et ponctuellement, peut \u00eatre vid\u00e9 pour continuer \u00e0 accueillir des \u00e9v\u00e9nements comme la f\u00eate du livre.\u00a0\u00bb<\/p>\n<p>Cela passe par l\u2019esth\u00e9tique oui, mais aussi une offre de loisirs en centre-ville comme \u00ab\u00a0l\u2019implantation d\u2019un p\u00f4le de loisirs indoor en centre-ville\u00a0\u00bb \u00e9voqu\u00e9e plus haut, le cheminement, l\u2019acc\u00e8s des habitants et visiteurs aussi (lire \u00ab\u00a0Mobilit\u00e9s\u00a0\u00bb ci-dessous). Un grand plan est ainsi annonc\u00e9 pour le centre-ville avec, entre autres, la poursuite des plans fa\u00e7ades et lumi\u00e8res, \u00ab\u00a0du projet urbain C\u0153ur d\u2019histoire, une r\u00e9habilitation la rue de la Ville et la rue de la R\u00e9sistance (cette derni\u00e8re et l\u2019hyper centre seront de toute fa\u00e7on impact\u00e9s par les futurs <a href=\"https:\/\/www.if-saint-etienne.fr\/breves\/les-travaux-majeurs-sur-le-tram-stephanois-vont-couter-environ-60-me\" target=\"_blank\" rel=\"noreferrer noopener nofollow\">travaux<\/a> du tram)\u00ab\u00a0.<\/p>\n<p>En mati\u00e8re d\u2019am\u00e9nagements sportifs, la liste veut lancer l\u2019extension de la piscine olympique R.-Sommet avec un bassin ext\u00e9rieur et une zone aqualudique, un plan de r\u00e9novation Sport 2035 de l\u2019existant et cr\u00e9er une \u00ab\u00a0Cit\u00e9 de sports urbains\u00a0\u00bb dans l\u2019ex b\u00e2timent EDF de Carnot. \u00a0<\/p>\n<p>Comme toutes les listes, \u00ab\u00a0Grandir Vivre Transmettre\u00a0\u00bb aimerait s\u2019attaquer pour de bon au secteur Ursules \/ Bourse du Travail \/ place Albert-Thomas. Un projet \u2013 forc\u00e9ment \u2013 proche des premi\u00e8res mais pouss\u00e9es \u00e9tudes men\u00e9es par l\u2019Epase et qu\u2019If Saint-Etienne vous <a href=\"https:\/\/www.if-saint-etienne.fr\/politique-societe\/saint-etienne-un-avant-projet-municipal-remplace-le-parking-des-ursules-par-un-jardin\" target=\"_blank\" rel=\"noreferrer noopener nofollow\">r\u00e9v\u00e9lait<\/a> en exclusivit\u00e9 il y a un an (aucune m\u00e9diatisation n\u2019avait \u00e9t\u00e9 alors effectu\u00e9e et notre source ne venait ni de l\u2019Epase, ni de la municipalit\u00e9, \u00e9lus ou agents). \u00ab\u00a0D\u00e9gager les Ursules de ce parking disgracieux pour un nouveau parc urbain, des pentes retrouv\u00e9es et visibles et dot\u00e9es, pourquoi pas de quelques commerces en terrasse\u00a0\u00bb. Les pertes en stationnement seront compens\u00e9es par un nouveau parking : celui imagin\u00e9 par les projections de l\u2019Epase en silo dominant la place Grenette juste \u00e0 c\u00f4t\u00e9 de l\u2019actuel ?<\/p>\n<p>Commerces<\/p>\n<p>Urbanisme, en particulier du centre-ville, commerces et mobilit\u00e9s (lire ci-dessous) sont fatalement li\u00e9s pour redonner de l\u2019attractivit\u00e9 \u00e0 la ville et donc \u00e0 son activit\u00e9. Plus sp\u00e9cifiquement en soi, dans l\u2019objectif de favoriser le commerce, la liste men\u00e9e par Marc Chassaub\u00e9n\u00e9 vise \u00e0 \u00ab\u00a0favoriser l\u2019accueil et l\u2019installation d\u2019entreprises \u00e0 travers une veille fonci\u00e8re renforc\u00e9e et avec l\u2019appui de nouveaux dispositifs d\u2019accompagnement via Saint-\u00c9tienne M\u00e9tropole\u00a0\u00bb ; souhaite cr\u00e9er \u00ab\u00a0une nouvelle aide \u00e0 l\u2019installation des commerces en partenariat avec la CCI et les associations de commer\u00e7ants\u00a0\u00bb et \u00ab\u00a0lancer un appel \u00e0 manifestation d\u2019int\u00e9r\u00eat pour la cr\u00e9ation d\u2019animations g\u00e9r\u00e9es par les commer\u00e7ants\u00a0\u00bb.<\/p>\n<p>Elle veut, enfin c\u00f4t\u00e9 \u00e9v\u00e9nementiel, \u00ab\u00a0renforcer les \u00e9v\u00e9nements et festivals existants, comme Pl\u00e9iades, Sainte-Barbe ou le Street Food Festival, pour faire vivre le centre-ville toute l\u2019ann\u00e9e\u00a0\u00bb.<\/p>\n<p>Mobilit\u00e9s<\/p>\n<p>\u00ab\u00a0Mettre en place un plan \u00ab plaques de rue \u00bb et de signal\u00e9tique directionnelle pi\u00e9tonne et automobile\u00a0\u00bb doit contribuer \u00e0 la redynamisation de la ville. Ce ne se fera pas non plus sans \u00ab\u00a0\u00e9tendre les parkings relais en entr\u00e9es de ville et de m\u00e9tropole\u00a0\u00bb : Terrasse, \u00e0 c\u00f4t\u00e9 du Mus\u00e9e d\u2019Art Moderne, Bellevue, Ch\u00e2teaucreux\u2026 Reste \u00e0 pr\u00e9ciser : combien de places et comment mieux les lier avec le centre ? Le d\u00e9ploiement du \u00ab\u00a0Chronobus\u00a0\u00bb, lui, est d\u00e9j\u00e0 act\u00e9, via la M\u00e9tropole, cours Fauriel au b\u00e9n\u00e9fice de la liaison Centre \/ M\u00e9tare. Mais\u2026 au d\u00e9triment de deux des quatre voies automobiles d\u2019un axe \u00ab\u00a0per\u00e7ant\u00a0\u00bb consid\u00e9r\u00e9 comme la mani\u00e8re la plus efficace d\u2019atteindre le centre-ville depuis l\u2019ext\u00e9rieur.<\/p>\n<p>Beaucoup de continuit\u00e9s dans ce domaine de la part d\u2019une partie de l\u2019\u00e9quipe sortante qui ne manque pas de rappeler la mise en place de l\u2019abonnement social tram \u00e0 10 \u20ac et la d\u00e9carbonation progressive de la flotte (d\u00e9cisions d\u00e9pendant toutefois de la M\u00e9tropole) : promesses de plus de stations de v\u00e9liverts, de plus de continuit\u00e9 et s\u00e9curisation des pistes cyclables, d\u2019\u00e9tendre Noctambus, aussi, avec des arr\u00eats \u00e0 la demande\u2026 A noter la volont\u00e9 affich\u00e9e de cr\u00e9er un conseil des \u00ab\u00a0mobilit\u00e9s douces\u00a0\u00bb et la \u00ab\u00a0poursuite\u00a0\u00bb du projet de continuit\u00e9 pi\u00e9tonne en centre-ville.<\/p>\n<p>Le plus gros morceau, relevant l\u00e0 encore de la sph\u00e8re m\u00e9tropolitaine, \u00e9tant d\u2019\u00e9tudier \u00ab\u00a0l\u2019extension du tram\u00a0\u00bb, non pas \u00e0 l\u2019est, vers Steel, mais en direction de la Plaine et de l\u2019Ondaine. Pas de 4e ligne de tram et\/ou prolongement de ligne vers l\u2019ouest de l\u2019agglom\u00e9ration \u00e0 attendre dans les 6 ans. Mais sa et\/ou leur pr\u00e9paration pour leur concr\u00e9tisation au mandat suivant. \u00a0\u00a0\u00a0\u00a0\u00a0<\/p>\n<p><strong>Nous ne pouvons \u00eatre exhaustifs en d\u00e9taillant chaque \u00e9l\u00e9ment programmatique transmis et\/ou discut\u00e9. Mais<\/strong>\u00a0<strong>If Saint-Etienne est revenu, au moins, sur les projets culturels de chacune des listes \u00e0 travers le d\u00e9bat organis\u00e9 par le M\u00e9li\u00e8s au M\u00e9li\u00e8s Saint-Fran\u00e7ois anim\u00e9 par notre r\u00e9daction le lundi 23 f\u00e9vrier. Un compte rendu sous forme de podcast est en pr\u00e9paration.<\/strong><\/p>\n","protected":false},"excerpt":{"rendered":"Les \u00e9lections municipales, c\u2019est dans moins d\u2019un mois (15 et 22 mars). Apr\u00e8s avoir suivi les n\u00e9gociations entre&hellip;\n","protected":false},"author":2,"featured_media":762325,"comment_status":"","ping_status":"","sticky":false,"template":"","format":"standard","meta":{"footnotes":"","_share_on_mastodon":"0"},"categories":[9653],"tags":[1111,11,2430,15916,2761,15917,1777,674,1011,27,84600,24102,3434,12,25,4001,15880],"class_list":["post-762324","post","type-post","status-publish","format-standard","has-post-thumbnail","category-saint-etienne","tag-actu","tag-actualites","tag-auvergne-rhone-alpes","tag-electif","tag-elections-municipales-2026","tag-elections-municipales-saint-etienne","tag-eu","tag-europe","tag-fr","tag-france","tag-grandir-vivre-transmettre","tag-marc-chassaubene","tag-municipales-2026","tag-news","tag-republique-francaise","tag-saint-etienne","tag-ville-de-saint-etienne"],"share_on_mastodon":{"url":"https:\/\/pubeurope.com\/@fr\/116139806464791723","error":""},"_links":{"self":[{"href":"https:\/\/www.europesays.com\/fr\/wp-json\/wp\/v2\/posts\/762324","targetHints":{"allow":["GET"]}}],"collection":[{"href":"https:\/\/www.europesays.com\/fr\/wp-json\/wp\/v2\/posts"}],"about":[{"href":"https:\/\/www.europesays.com\/fr\/wp-json\/wp\/v2\/types\/post"}],"author":[{"embeddable":true,"href":"https:\/\/www.europesays.com\/fr\/wp-json\/wp\/v2\/users\/2"}],"replies":[{"embeddable":true,"href":"https:\/\/www.europesays.com\/fr\/wp-json\/wp\/v2\/comments?post=762324"}],"version-history":[{"count":0,"href":"https:\/\/www.europesays.com\/fr\/wp-json\/wp\/v2\/posts\/762324\/revisions"}],"wp:featuredmedia":[{"embeddable":true,"href":"https:\/\/www.europesays.com\/fr\/wp-json\/wp\/v2\/media\/762325"}],"wp:attachment":[{"href":"https:\/\/www.europesays.com\/fr\/wp-json\/wp\/v2\/media?parent=762324"}],"wp:term":[{"taxonomy":"category","embeddable":true,"href":"https:\/\/www.europesays.com\/fr\/wp-json\/wp\/v2\/categories?post=762324"},{"taxonomy":"post_tag","embeddable":true,"href":"https:\/\/www.europesays.com\/fr\/wp-json\/wp\/v2\/tags?post=762324"}],"curies":[{"name":"wp","href":"https:\/\/api.w.org\/{rel}","templated":true}]}}