{"id":762346,"date":"2026-02-27T00:50:14","date_gmt":"2026-02-27T00:50:14","guid":{"rendered":"https:\/\/www.europesays.com\/fr\/762346\/"},"modified":"2026-02-27T00:50:14","modified_gmt":"2026-02-27T00:50:14","slug":"carrefour-depose-plainte-contre-le-gerant-des-supermarches-de-rennes-alma-et-guingamp-pour","status":"publish","type":"post","link":"https:\/\/www.europesays.com\/fr\/762346\/","title":{"rendered":"Carrefour d\u00e9pose plainte contre le g\u00e9rant des supermarch\u00e9s de Rennes Alma et Guingamp pour"},"content":{"rendered":"<p>Le groupe Carrefour annonce avoir d\u00e9pos\u00e9 plainte contre <a href=\"https:\/\/rennes.maville.com\/actu\/actudet_-au-carrefour-alma-de-rennes-les-employes-payent-le-prix-fort-de-la-quete-de-rentabilite-_7-6649640_actu.Htm\" target=\"_blank\" rel=\"nofollow noopener\">Bernard Guillerm, l\u2019un de ses franchis\u00e9s en Bretagne<\/a>, ce jeudi 26\u00a0f\u00e9vrier 2026. La famille Guillerm, implant\u00e9e dans le Finist\u00e8re, \u00e9tait notamment g\u00e9rante de l\u2019hypermarch\u00e9 Carrefour Alma \u00e0 Rennes\u00a0(Ille-et-Vilaine) <a href=\"https:\/\/guingamp.maville.com\/actu\/actudet_--j-arrive-a-tirer-du-positif-de-tout-ca-le-gerant-du-carrefour-city-de-guingamp-sur-le-depart-_52680-7162333_actu.Htm\" target=\"_blank\" rel=\"nofollow noopener\">et de celui de Guingamp\u00a0(C\u00f4tes-d\u2019Armor<\/a>).<\/p>\n<p>Ces deux grandes surfaces, exploit\u00e9es au travers de la soci\u00e9t\u00e9 Pont-de-Bois, ont \u00e9t\u00e9 plac\u00e9es en redressement judiciaire fin novembre\u00a02025. Alors que l\u2019inqui\u00e9tude grandit chez les salari\u00e9s en attente d\u2019un repreneur, Carrefour a d\u00e9pos\u00e9 plainte devant le tribunal judiciaire de Brest. Pour abus de biens sociaux, blanchiment et banqueroute, d\u00e9taille le groupe.<\/p>\n<p>\u00ab\u00a0Pratiques pr\u00e9sum\u00e9es frauduleuses\u00a0\u00bb<\/p>\n<p>Carrefour dit disposer de nombreux \u00e9l\u00e9ments document\u00e9s faisant appara\u00eetre des fautes de gestion ainsi que des pratiques pr\u00e9sum\u00e9es frauduleuses de la part du partenaire.<\/p>\n<p>Contact\u00e9 pour confirmer l\u2019\u00e9ventuelle ouverture d\u2019une enqu\u00eate, le parquet de Brest n\u2019a pas r\u00e9pondu \u00e0 nos sollicitations \u00e0 cette heure. Le groupe Pont-de-Bois, sollicit\u00e9 au travers de son mandataire judiciaire, n\u2019avait pas encore pris connaissance de cette plainte.<\/p>\n<p>\u00a0<\/p>\n","protected":false},"excerpt":{"rendered":"Le groupe Carrefour annonce avoir d\u00e9pos\u00e9 plainte contre Bernard Guillerm, l\u2019un de ses franchis\u00e9s en Bretagne, ce jeudi&hellip;\n","protected":false},"author":2,"featured_media":762347,"comment_status":"","ping_status":"","sticky":false,"template":"","format":"standard","meta":{"footnotes":"","_share_on_mastodon":"0"},"categories":[2821],"tags":[1111,11,24105,3450,829,4304,25372,1777,674,1011,27,84602,18297,4044,12,2634,39298,584,25,18632],"class_list":["post-762346","post","type-post","status-publish","format-standard","has-post-thumbnail","category-rennes","tag-actu","tag-actualites","tag-alma","tag-brest","tag-bretagne","tag-carrefour","tag-depose","tag-eu","tag-europe","tag-fr","tag-france","tag-frauduleuses","tag-gerant","tag-guingamp","tag-news","tag-plainte","tag-pratiques","tag-rennes","tag-republique-francaise","tag-supermarches"],"share_on_mastodon":{"url":"https:\/\/pubeurope.com\/@fr\/116139853315388099","error":""},"_links":{"self":[{"href":"https:\/\/www.europesays.com\/fr\/wp-json\/wp\/v2\/posts\/762346","targetHints":{"allow":["GET"]}}],"collection":[{"href":"https:\/\/www.europesays.com\/fr\/wp-json\/wp\/v2\/posts"}],"about":[{"href":"https:\/\/www.europesays.com\/fr\/wp-json\/wp\/v2\/types\/post"}],"author":[{"embeddable":true,"href":"https:\/\/www.europesays.com\/fr\/wp-json\/wp\/v2\/users\/2"}],"replies":[{"embeddable":true,"href":"https:\/\/www.europesays.com\/fr\/wp-json\/wp\/v2\/comments?post=762346"}],"version-history":[{"count":0,"href":"https:\/\/www.europesays.com\/fr\/wp-json\/wp\/v2\/posts\/762346\/revisions"}],"wp:featuredmedia":[{"embeddable":true,"href":"https:\/\/www.europesays.com\/fr\/wp-json\/wp\/v2\/media\/762347"}],"wp:attachment":[{"href":"https:\/\/www.europesays.com\/fr\/wp-json\/wp\/v2\/media?parent=762346"}],"wp:term":[{"taxonomy":"category","embeddable":true,"href":"https:\/\/www.europesays.com\/fr\/wp-json\/wp\/v2\/categories?post=762346"},{"taxonomy":"post_tag","embeddable":true,"href":"https:\/\/www.europesays.com\/fr\/wp-json\/wp\/v2\/tags?post=762346"}],"curies":[{"name":"wp","href":"https:\/\/api.w.org\/{rel}","templated":true}]}}