{"id":763143,"date":"2026-02-27T08:59:19","date_gmt":"2026-02-27T08:59:19","guid":{"rendered":"https:\/\/www.europesays.com\/fr\/763143\/"},"modified":"2026-02-27T08:59:19","modified_gmt":"2026-02-27T08:59:19","slug":"podcast-1-la-formation-avec-julien-sable-avant-nice","status":"publish","type":"post","link":"https:\/\/www.europesays.com\/fr\/763143\/","title":{"rendered":"Podcast #1 : La formation avec Julien Sabl\u00e9 | Avant Nice"},"content":{"rendered":"<p>                            <img decoding=\"async\" src=\"https:\/\/www.europesays.com\/fr\/wp-content\/uploads\/2026\/02\/sable-ic-2.jpg\" loading=\"lazy\"\/><\/p>\n<p>\n                    Avant Nice &#8211; Rennes<\/p>\n<p>Le 8 mars prochain, l&rsquo;OGC Nice c\u00e9l\u00e8brera le football r\u00e9gional, en association avec la Ligue M\u00e9diterran\u00e9e de football et Actufoot. De tr\u00e8s nombreux clubs seront repr\u00e9sent\u00e9s \u00e0 l&rsquo;Allianz Riviera et seront derri\u00e8re les Aiglons lors de <a href=\"https:\/\/billetterie.ogcnice.com\/fr\/acheter\/billet-a-l-unite-grand-public-ogc-nice-stade-rennais-2025-mrgcq9f45eqn\/plan#bkd55951e3-zone?utm_source=site_ogcnice&amp;utm_medium=site_ogcnice_billetterie_rennes_gp&amp;utm_campaign=billetterie_rennes_gp\" rel=\"nofollow noopener\" target=\"_blank\">la r\u00e9ception du Stade Rennais<\/a>.<\/p>\n<p>Avant ce beau rendez-vous, le m\u00e9dia d\u00e9di\u00e9 \u00e0 l&rsquo;actualit\u00e9 du foot amateur a pos\u00e9 ses micros au centre d&rsquo;entrainement et de formation du Gym pour un podcast en 4 \u00e9pisodes. Premier num\u00e9ro avec Julien Sabl\u00e9.<\/p>\n<p><a href=\"https:\/\/billetterie.ogcnice.com\/fr\/acheter\/billet-a-l-unite-grand-public-ogc-nice-stade-rennais-2025-mrgcq9f45eqn\/plan#bkd55951e3-zone?utm_source=site_ogcnice&amp;utm_medium=site_ogcnice_billetterie_rennes_gp&amp;utm_campaign=billetterie_rennes_gp\" rel=\"nofollow noopener\" target=\"_blank\"><img loading=\"lazy\" decoding=\"async\" alt=\"\" height=\"1350\" src=\"https:\/\/www.europesays.com\/fr\/wp-content\/uploads\/2026\/02\/affiche-nice-rennes-1080x1350.jpg\" width=\"1080\"\/><\/a><\/p>\n<p class=\"article_credit\"> Icedesign<\/p>\n","protected":false},"excerpt":{"rendered":"Avant Nice &#8211; Rennes Le 8 mars prochain, l&rsquo;OGC Nice c\u00e9l\u00e8brera le football r\u00e9gional, en association avec la&hellip;\n","protected":false},"author":2,"featured_media":763144,"comment_status":"","ping_status":"","sticky":false,"template":"","format":"standard","meta":{"footnotes":""},"categories":[2821],"tags":[1111,11,829,1777,674,1011,27,12,584,25],"class_list":{"0":"post-763143","1":"post","2":"type-post","3":"status-publish","4":"format-standard","5":"has-post-thumbnail","7":"category-rennes","8":"tag-actu","9":"tag-actualites","10":"tag-bretagne","11":"tag-eu","12":"tag-europe","13":"tag-fr","14":"tag-france","15":"tag-news","16":"tag-rennes","17":"tag-republique-francaise"},"share_on_mastodon":{"url":"https:\/\/pubeurope.com\/@fr\/116141776715709362","error":""},"_links":{"self":[{"href":"https:\/\/www.europesays.com\/fr\/wp-json\/wp\/v2\/posts\/763143","targetHints":{"allow":["GET"]}}],"collection":[{"href":"https:\/\/www.europesays.com\/fr\/wp-json\/wp\/v2\/posts"}],"about":[{"href":"https:\/\/www.europesays.com\/fr\/wp-json\/wp\/v2\/types\/post"}],"author":[{"embeddable":true,"href":"https:\/\/www.europesays.com\/fr\/wp-json\/wp\/v2\/users\/2"}],"replies":[{"embeddable":true,"href":"https:\/\/www.europesays.com\/fr\/wp-json\/wp\/v2\/comments?post=763143"}],"version-history":[{"count":0,"href":"https:\/\/www.europesays.com\/fr\/wp-json\/wp\/v2\/posts\/763143\/revisions"}],"wp:featuredmedia":[{"embeddable":true,"href":"https:\/\/www.europesays.com\/fr\/wp-json\/wp\/v2\/media\/763144"}],"wp:attachment":[{"href":"https:\/\/www.europesays.com\/fr\/wp-json\/wp\/v2\/media?parent=763143"}],"wp:term":[{"taxonomy":"category","embeddable":true,"href":"https:\/\/www.europesays.com\/fr\/wp-json\/wp\/v2\/categories?post=763143"},{"taxonomy":"post_tag","embeddable":true,"href":"https:\/\/www.europesays.com\/fr\/wp-json\/wp\/v2\/tags?post=763143"}],"curies":[{"name":"wp","href":"https:\/\/api.w.org\/{rel}","templated":true}]}}