{"id":76369,"date":"2025-05-05T10:04:09","date_gmt":"2025-05-05T10:04:09","guid":{"rendered":"https:\/\/www.europesays.com\/fr\/76369\/"},"modified":"2025-05-05T10:04:09","modified_gmt":"2025-05-05T10:04:09","slug":"festival-militant-en-ordre-de-lutte","status":"publish","type":"post","link":"https:\/\/www.europesays.com\/fr\/76369\/","title":{"rendered":"festival militant en ordre de lutte"},"content":{"rendered":"<p>Ce festival, il avait \u00e9t\u00e9 imagin\u00e9 en r\u00e9action. En parade, en syst\u00e8me de d\u00e9fense, en cordon sanitaire. Ce festival, baptis\u00e9 La Veilleuse, avait \u00e9t\u00e9 cr\u00e9\u00e9 en r\u00e9sistance \u00e0 l\u2019implantation de la librairie ultra-conservatrice \u00ab\u00a0Les deux cit\u00e9s\u00a0\u00bb, qui s\u2019\u00e9tait ouverte Grand Rue en quasi voisine du th\u00e9\u00e2tre. Et o\u00f9 sont venues d\u00e9dicacer des personnalit\u00e9s intimement li\u00e9es \u00e0 l\u2019extr\u00eame droite, Eric Zemmour en t\u00eate.<\/p>\n<p>\u00ab\u00a0On l\u2019avait alors mis en place pour faire contrepoids et d\u00e9fendre au contraire des valeurs telles que la la\u00efcit\u00e9, l\u2019ouverture aux autres, la libert\u00e9, l\u2019\u00e9galit\u00e9, le vivre ensemble, le combat intersectionnel,\u00a0etc.\u00a0\u00bb<\/p>\n<p>Aujourd\u2019hui, soit 5 ans plus tard, la librairie est&#8230;<\/p>\n","protected":false},"excerpt":{"rendered":"Ce festival, il avait \u00e9t\u00e9 imagin\u00e9 en r\u00e9action. En parade, en syst\u00e8me de d\u00e9fense, en cordon sanitaire. Ce&hellip;\n","protected":false},"author":2,"featured_media":76370,"comment_status":"","ping_status":"","sticky":false,"template":"","format":"standard","meta":{"footnotes":""},"categories":[9635],"tags":[1111,11,1687,1704,1777,674,1011,27,775,1702,1703,12,25,3140],"class_list":{"0":"post-76369","1":"post","2":"type-post","3":"status-publish","4":"format-standard","5":"has-post-thumbnail","7":"category-nancy","8":"tag-actu","9":"tag-actualites","10":"tag-culture-loisirs","11":"tag-edition-nancy-et-agglomeration","12":"tag-eu","13":"tag-europe","14":"tag-fr","15":"tag-france","16":"tag-grand-est","17":"tag-nancy","18":"tag-nancy-ville-54b","19":"tag-news","20":"tag-republique-francaise","21":"tag-spectacle"},"share_on_mastodon":{"url":"https:\/\/pubeurope.com\/@fr\/114454663513550621","error":""},"_links":{"self":[{"href":"https:\/\/www.europesays.com\/fr\/wp-json\/wp\/v2\/posts\/76369","targetHints":{"allow":["GET"]}}],"collection":[{"href":"https:\/\/www.europesays.com\/fr\/wp-json\/wp\/v2\/posts"}],"about":[{"href":"https:\/\/www.europesays.com\/fr\/wp-json\/wp\/v2\/types\/post"}],"author":[{"embeddable":true,"href":"https:\/\/www.europesays.com\/fr\/wp-json\/wp\/v2\/users\/2"}],"replies":[{"embeddable":true,"href":"https:\/\/www.europesays.com\/fr\/wp-json\/wp\/v2\/comments?post=76369"}],"version-history":[{"count":0,"href":"https:\/\/www.europesays.com\/fr\/wp-json\/wp\/v2\/posts\/76369\/revisions"}],"wp:featuredmedia":[{"embeddable":true,"href":"https:\/\/www.europesays.com\/fr\/wp-json\/wp\/v2\/media\/76370"}],"wp:attachment":[{"href":"https:\/\/www.europesays.com\/fr\/wp-json\/wp\/v2\/media?parent=76369"}],"wp:term":[{"taxonomy":"category","embeddable":true,"href":"https:\/\/www.europesays.com\/fr\/wp-json\/wp\/v2\/categories?post=76369"},{"taxonomy":"post_tag","embeddable":true,"href":"https:\/\/www.europesays.com\/fr\/wp-json\/wp\/v2\/tags?post=76369"}],"curies":[{"name":"wp","href":"https:\/\/api.w.org\/{rel}","templated":true}]}}