{"id":763768,"date":"2026-02-27T15:12:15","date_gmt":"2026-02-27T15:12:15","guid":{"rendered":"https:\/\/www.europesays.com\/fr\/763768\/"},"modified":"2026-02-27T15:12:15","modified_gmt":"2026-02-27T15:12:15","slug":"la-russie-dement-toute-implication-a-propos-du-drone-brouille-a-proximite-du-porte-avions-charles-de-gaulle","status":"publish","type":"post","link":"https:\/\/www.europesays.com\/fr\/763768\/","title":{"rendered":"La Russie d\u00e9ment toute implication \u00e0 propos du drone brouill\u00e9 \u00e0 proximit\u00e9 du porte-avions Charles de Gaulle"},"content":{"rendered":"<p>  <img decoding=\"async\" src=\"https:\/\/www.europesays.com\/fr\/wp-content\/uploads\/2026\/02\/911dd536f81f46029504fb95d63227.webp.webp\" class=\"card-img-top\" alt=\"Le porte-avions Charles de Gaulle accost\u00e9 \u00e0 Malm\u00f6 (Su\u00e8de)\"\/><\/p>\n<p>\n        Le porte-avions Charles de Gaulle accost\u00e9 \u00e0 Malm\u00f6 (Su\u00e8de)<\/p>\n<p>\t\tCr\u00e9dits : Marine nationale\n      <\/p>\n<p>    Previous<\/p>\n<p>    Next<\/p>\n<p>L\u2019escale \u00e0 Malm\u00f6 du porte-avions Charles de Gaulle a \u00e9t\u00e9 perturb\u00e9e par un drone, rep\u00e9r\u00e9 au large par un navire de la marine su\u00e9doise en patrouille. Les forces arm\u00e9es su\u00e9doises ont alors d\u00e9cid\u00e9 de le neutraliser. Le ministre su\u00e9dois de la D\u00e9fense avait d\u00e9clar\u00e9 que l\u2019engin venait \u00ab\u00a0probablement de la Russie, \u00e9tant donn\u00e9 qu\u2019un navire militaire russe se trouvait dans le passage de l\u2019Oresund et dans les eaux territoriales su\u00e9doises. Le Kremlin juge \u00ab\u00a0absurde\u00a0\u00bb ces propos et pr\u00e9tend \u00ab\u00a0ne pas conna\u00eetre les d\u00e9tails\u00a0\u00bb.<\/p>\n<p>Retrouvez l\u2019article sur le site du journal.<\/p>\n<p>R\u00e9f\u00e9rence : <\/p>\n<p><a href=\"https:\/\/air-cosmos.com\/article\/un-drone-brouille-a-proximite-du-charles-de-gaulle-la-russie-dement-toute-implication-71061\" target=\"_blank\" rel=\"nofollow noopener\">Air &amp; cosmos<\/a><\/p>\n","protected":false},"excerpt":{"rendered":"Le porte-avions Charles de Gaulle accost\u00e9 \u00e0 Malm\u00f6 (Su\u00e8de) Cr\u00e9dits : Marine nationale Previous Next L\u2019escale \u00e0 Malm\u00f6&hellip;\n","protected":false},"author":2,"featured_media":763769,"comment_status":"","ping_status":"","sticky":false,"template":"","format":"standard","meta":{"footnotes":"","_share_on_mastodon":"0"},"categories":[1591],"tags":[11,1887,1110,567,12,1885,1886,132,36558,15169],"class_list":["post-763768","post","type-post","status-publish","format-standard","has-post-thumbnail","category-russie","tag-actualites","tag-federation-de-russie","tag-informations","tag-marine-nationale","tag-news","tag-russia","tag-russian-federation","tag-russie","tag-sous-marin","tag-sous-marins"],"share_on_mastodon":{"url":"https:\/\/pubeurope.com\/@fr\/116143243066569940","error":""},"_links":{"self":[{"href":"https:\/\/www.europesays.com\/fr\/wp-json\/wp\/v2\/posts\/763768","targetHints":{"allow":["GET"]}}],"collection":[{"href":"https:\/\/www.europesays.com\/fr\/wp-json\/wp\/v2\/posts"}],"about":[{"href":"https:\/\/www.europesays.com\/fr\/wp-json\/wp\/v2\/types\/post"}],"author":[{"embeddable":true,"href":"https:\/\/www.europesays.com\/fr\/wp-json\/wp\/v2\/users\/2"}],"replies":[{"embeddable":true,"href":"https:\/\/www.europesays.com\/fr\/wp-json\/wp\/v2\/comments?post=763768"}],"version-history":[{"count":0,"href":"https:\/\/www.europesays.com\/fr\/wp-json\/wp\/v2\/posts\/763768\/revisions"}],"wp:featuredmedia":[{"embeddable":true,"href":"https:\/\/www.europesays.com\/fr\/wp-json\/wp\/v2\/media\/763769"}],"wp:attachment":[{"href":"https:\/\/www.europesays.com\/fr\/wp-json\/wp\/v2\/media?parent=763768"}],"wp:term":[{"taxonomy":"category","embeddable":true,"href":"https:\/\/www.europesays.com\/fr\/wp-json\/wp\/v2\/categories?post=763768"},{"taxonomy":"post_tag","embeddable":true,"href":"https:\/\/www.europesays.com\/fr\/wp-json\/wp\/v2\/tags?post=763768"}],"curies":[{"name":"wp","href":"https:\/\/api.w.org\/{rel}","templated":true}]}}