{"id":76377,"date":"2025-05-05T10:09:11","date_gmt":"2025-05-05T10:09:11","guid":{"rendered":"https:\/\/www.europesays.com\/fr\/76377\/"},"modified":"2025-05-05T10:09:11","modified_gmt":"2025-05-05T10:09:11","slug":"une-cinquantaine-doffres-demploi-a-pourvoir","status":"publish","type":"post","link":"https:\/\/www.europesays.com\/fr\/76377\/","title":{"rendered":"une cinquantaine d&rsquo;offres d&#8217;emploi \u00e0 pourvoir"},"content":{"rendered":"<p>\n\t\t\t\t\tLe CHU de Montpellier recrute. Les offres sont r\u00e9pertori\u00e9es sur son site internet. \t\t\t\t<\/p>\n<p>\n\t\t\t\t\t\t\t\t\t\u00a9 CHU de Montpellier. recrutement.\t\t\t\t\t\t\t\t<\/p>\n<p>Vous souhaitez \u00eatre recrut\u00e9 au\u00a0CHU ? Le <a href=\"https:\/\/infoccitanie.fr\/tag\/chu-de-montpellier\/\" target=\"_blank\" rel=\"noopener\">CHU de Montpellier<\/a> publie environ une cinquantaine d\u2019offres d\u2019emploi \u00e0 \u00e9plucher sur son site internet. <strong>Parmi les offres <\/strong>: assistant de service social, acheteur, cadre  sup\u00e9rieur de sant\u00e9, sage-femme, assistant de recherche, gestionnaire de march\u00e9, psychomotricien, orthophoniste, encadrant, psychologue, cadre administratif, etc. \u2026<strong> <a href=\"https:\/\/chu-montpellier.mstaff.co\/offers?page=4\" target=\"_blank\" rel=\"nofollow noreferrer noopener\">Cliquez ici <\/a>pour la liste compl\u00e8te.<\/strong><\/p>\n","protected":false},"excerpt":{"rendered":"Le CHU de Montpellier recrute. Les offres sont r\u00e9pertori\u00e9es sur son site internet. \u00a9 CHU de Montpellier. recrutement.&hellip;\n","protected":false},"author":2,"featured_media":76378,"comment_status":"","ping_status":"","sticky":false,"template":"","format":"standard","meta":{"footnotes":""},"categories":[9599],"tags":[1111,11,15154,1777,674,1011,27,2208,12,2680,25],"class_list":{"0":"post-76377","1":"post","2":"type-post","3":"status-publish","4":"format-standard","5":"has-post-thumbnail","7":"category-montpellier","8":"tag-actu","9":"tag-actualites","10":"tag-chu-de-montpellier","11":"tag-eu","12":"tag-europe","13":"tag-fr","14":"tag-france","15":"tag-montpellier","16":"tag-news","17":"tag-occitanie","18":"tag-republique-francaise"},"share_on_mastodon":{"url":"https:\/\/pubeurope.com\/@fr\/114454682892184118","error":""},"_links":{"self":[{"href":"https:\/\/www.europesays.com\/fr\/wp-json\/wp\/v2\/posts\/76377","targetHints":{"allow":["GET"]}}],"collection":[{"href":"https:\/\/www.europesays.com\/fr\/wp-json\/wp\/v2\/posts"}],"about":[{"href":"https:\/\/www.europesays.com\/fr\/wp-json\/wp\/v2\/types\/post"}],"author":[{"embeddable":true,"href":"https:\/\/www.europesays.com\/fr\/wp-json\/wp\/v2\/users\/2"}],"replies":[{"embeddable":true,"href":"https:\/\/www.europesays.com\/fr\/wp-json\/wp\/v2\/comments?post=76377"}],"version-history":[{"count":0,"href":"https:\/\/www.europesays.com\/fr\/wp-json\/wp\/v2\/posts\/76377\/revisions"}],"wp:featuredmedia":[{"embeddable":true,"href":"https:\/\/www.europesays.com\/fr\/wp-json\/wp\/v2\/media\/76378"}],"wp:attachment":[{"href":"https:\/\/www.europesays.com\/fr\/wp-json\/wp\/v2\/media?parent=76377"}],"wp:term":[{"taxonomy":"category","embeddable":true,"href":"https:\/\/www.europesays.com\/fr\/wp-json\/wp\/v2\/categories?post=76377"},{"taxonomy":"post_tag","embeddable":true,"href":"https:\/\/www.europesays.com\/fr\/wp-json\/wp\/v2\/tags?post=76377"}],"curies":[{"name":"wp","href":"https:\/\/api.w.org\/{rel}","templated":true}]}}