{"id":763919,"date":"2026-02-27T16:51:59","date_gmt":"2026-02-27T16:51:59","guid":{"rendered":"https:\/\/www.europesays.com\/fr\/763919\/"},"modified":"2026-02-27T16:51:59","modified_gmt":"2026-02-27T16:51:59","slug":"horoscope-de-tous-les-signes-du-vendredi-27-fevrier-2026","status":"publish","type":"post","link":"https:\/\/www.europesays.com\/fr\/763919\/","title":{"rendered":"Horoscope de tous les signes du vendredi 27 F\u00e9vrier 2026"},"content":{"rendered":"<p>\t\t\t\t\tChers lecteurs c\u00e9lestes,<\/p>\n<p>Alors que nous embrassons ce vendredi 27 f\u00e9vrier 2026, les \u00e9nergies cosmiques se manifestent avec une intensit\u00e9 fascinante. La danse c\u00e9leste des plan\u00e8tes tisse un voile d&rsquo;opportunit\u00e9s et de d\u00e9fis, nous invitant \u00e0 explorer nos d\u00e9sirs profonds et \u00e0 embrasser le changement. Aujourd&rsquo;hui, la Lune occupe une place centrale, illuminant nos \u00e9motions et favorisant l&rsquo;introspection. Elle nous encourage \u00e0 \u00e9couter notre c\u0153ur et \u00e0 suivre notre intuition avec confiance. Les aspects astrologiques actuels promettent des moments de clart\u00e9 et de connexion, propices \u00e0 la r\u00e9flexion personnelle et \u00e0 l&rsquo;\u00e9panouissement relationnel. Prenez ce jour comme un cadeau stellaire pour avancer avec gr\u00e2ce et intention dans votre voyage spirituel. Que les \u00e9toiles vous guident et que votre lumi\u00e8re rayonne intens\u00e9ment.<br \/>\n            <img loading=\"lazy\" decoding=\"async\" src=\"data:image\/svg+xml,%3Csvg%20xmlns=\" http:=\"\" alt=\"\" class=\"wp-image-76532 aligncenter\" width=\"600\" height=\"600\" data-lazy-src=\"https:\/\/www.europesays.com\/fr\/wp-content\/uploads\/2026\/02\/SeLxBi2zW8.jpeg\"\/>Source: DR<\/p>\n<p>Horoscope Gemeaux  du jour<\/p>\n<p class=\"horoscope-summary\">En ce 27 f\u00e9vrier 2026, les G\u00e9meaux sont invit\u00e9s \u00e0 explorer et \u00e0 s&rsquo;ouvrir aux changements myst\u00e9rieux qui se profilent, touchant aussi bien des aspects personnels que professionnels. Tandis que leurs instincts cr\u00e9atifs et sociaux pourraient guider vers des rencontres et opportunit\u00e9s inattendues, une vigilance particuli\u00e8re est conseill\u00e9e pour pr\u00e9server l&rsquo;\u00e9quilibre entre bien-\u00eatre physique et moral.<\/p>\n<p>[links-all sign=\u00a0\u00bbgemeaux\u00a0\u00bb date_type=\u00a0\u00bbday\u00a0\u00bb day=\u00a0\u00bb2026-02-27&Prime;]<br \/>\n            <img loading=\"lazy\" decoding=\"async\" src=\"data:image\/svg+xml,%3Csvg%20xmlns=\" http:=\"\" alt=\"\" class=\"wp-image-76534 aligncenter\" width=\"600\" height=\"600\" data-lazy-src=\"https:\/\/www.europesays.com\/fr\/wp-content\/uploads\/2026\/02\/JF3dZcHO6p.jpeg\"\/>Source: DR<\/p>\n<p>Horoscope Belier  du jour<\/p>\n<p class=\"horoscope-summary\">Ce vendredi 27 f\u00e9vrier 2026, les B\u00e9liers pourraient ressentir une vague d&rsquo;\u00e9nergie et de confiance les poussant vers des initiatives audacieuses qui pourraient transformer la journ\u00e9e. Cependant, au milieu de cette dynamique exaltante, une opportunit\u00e9 inattendue pourrait changer la donne dans le domaine professionnel ou personnel, laissant pr\u00e9sager des d\u00e9veloppements intrigants.<\/p>\n<p>\t\t[links-all sign=\u00a0\u00bbbelier\u00a0\u00bb date_type=\u00a0\u00bbday\u00a0\u00bb day=\u00a0\u00bb2026-02-27&Prime;]<br \/>\n            <img loading=\"lazy\" decoding=\"async\" src=\"data:image\/svg+xml,%3Csvg%20xmlns=\" http:=\"\" alt=\"\" class=\"wp-image-76536 aligncenter\" width=\"600\" height=\"600\" data-lazy-src=\"https:\/\/www.europesays.com\/fr\/wp-content\/uploads\/2026\/02\/NJ87xRlqSm.jpeg\"\/>Source: DR<\/p>\n<p>Horoscope Taureau  du jour<\/p>\n<p class=\"horoscope-summary\">Chers Taureaux, une atmosph\u00e8re de calme et de stabilit\u00e9 marque votre journ\u00e9e, mais une opportunit\u00e9 inattendue pourrait bouleverser vos habitudes. Alors que votre vie personnelle et professionnelle r\u00e9serve surprises et d\u00e9fis, garder l&rsquo;esprit ouvert et faire preuve de confiance pourrait mener \u00e0 des d\u00e9couvertes fascinantes.<\/p>\n<p>[links-all sign=\u00a0\u00bbtaureau\u00a0\u00bb date_type=\u00a0\u00bbday\u00a0\u00bb day=\u00a0\u00bb2026-02-27&Prime;]<br \/>\n            <img loading=\"lazy\" decoding=\"async\" src=\"data:image\/svg+xml,%3Csvg%20xmlns=\" http:=\"\" alt=\"\" class=\"wp-image-76538 aligncenter\" width=\"600\" height=\"600\" data-lazy-src=\"https:\/\/www.europesays.com\/fr\/wp-content\/uploads\/2026\/02\/KWLYAT8Udt.jpeg\"\/>Source: DR<\/p>\n<p>Horoscope Cancer  du jour<\/p>\n<p class=\"horoscope-summary\">Le vendredi 27 f\u00e9vrier 2026 promet aux natifs du Cancer une journ\u00e9e r\u00e9v\u00e9latrice sous l&rsquo;influence harmonieuse de la Lune, d\u00e9bordante d&rsquo;opportunit\u00e9s pour des connexions \u00e9motionnelles profondes et des d\u00e9couvertes personnelles inattendues. Tandis que les relations familiales et amicales s&rsquo;annoncent r\u00e9confortantes, une rencontre professionnelle pourrait introduire de subtiles tensions, pla\u00e7ant les Cancers \u00e0 un tournant myst\u00e9rieux entre succ\u00e8s financiers et d\u00e9cisions intuitives.<\/p>\n<p>[links-all sign=\u00a0\u00bbcancer\u00a0\u00bb date_type=\u00a0\u00bbday\u00a0\u00bb day=\u00a0\u00bb2026-02-27&Prime;]<br \/>\n            <img loading=\"lazy\" decoding=\"async\" src=\"data:image\/svg+xml,%3Csvg%20xmlns=\" http:=\"\" alt=\"\" class=\"wp-image-76540 aligncenter\" width=\"600\" height=\"600\" data-lazy-src=\"https:\/\/www.europesays.com\/fr\/wp-content\/uploads\/2026\/02\/eBUMalkyfS.jpeg\"\/>Source: DR<\/p>\n<p>Horoscope Lion  du jour<\/p>\n<p class=\"horoscope-summary\">Aujourd&rsquo;hui, les Lions pourraient se retrouver face \u00e0 des opportunit\u00e9s intrigantes et de surprenantes retrouvailles qui pourraient bouleverser leur journ\u00e9e de mani\u00e8re inattendue. Toutefois, quelques petites mises en garde subsistent, laissant entrevoir des d\u00e9veloppements futurs \u00e0 surveiller attentivement.<\/p>\n<p>[links-all sign=\u00a0\u00bblion\u00a0\u00bb date_type=\u00a0\u00bbday\u00a0\u00bb day=\u00a0\u00bb2026-02-27&Prime;]<br \/>\n            <img loading=\"lazy\" decoding=\"async\" src=\"data:image\/svg+xml,%3Csvg%20xmlns=\" http:=\"\" alt=\"\" class=\"wp-image-76542 aligncenter\" width=\"600\" height=\"600\" data-lazy-src=\"https:\/\/www.europesays.com\/fr\/wp-content\/uploads\/2026\/02\/DyvO9JjE7d.jpeg\"\/>Source: DR<\/p>\n<p>Horoscope Vierge  du jour<\/p>\n<p class=\"horoscope-summary\">Sous l&rsquo;influence des astres, la journ\u00e9e du 27 f\u00e9vrier 2026 promet aux Vierges une introspection riche en surprises qui pourrait bien r\u00e9organiser des aspects cruciaux de leur vie. Alors que des tensions apparaissent sur le plan professionnel et financier, des opportunit\u00e9s insoup\u00e7onn\u00e9es pourraient surgir pour ceux qui sauront rester flexibles et ouverts \u00e0 l&rsquo;inattendu.<\/p>\n<p>\t\t[links-all sign=\u00a0\u00bbvierge\u00a0\u00bb date_type=\u00a0\u00bbday\u00a0\u00bb day=\u00a0\u00bb2026-02-27&Prime;]<br \/>\n            <img loading=\"lazy\" decoding=\"async\" src=\"data:image\/svg+xml,%3Csvg%20xmlns=\" http:=\"\" alt=\"\" class=\"wp-image-76544 aligncenter\" width=\"600\" height=\"600\" data-lazy-src=\"https:\/\/www.europesays.com\/fr\/wp-content\/uploads\/2026\/02\/jfzbwVgKuR.jpeg\"\/>Source: DR<\/p>\n<p>Horoscope Balance  du jour<\/p>\n<p class=\"horoscope-summary\">Ce vendredi 27 f\u00e9vrier 2026 promet d&rsquo;\u00eatre une journ\u00e9e \u00e9motionnellement intense pour les Balance, m\u00ealant une opportunit\u00e9 d&rsquo;introspection profonde et des remises en question professionnelles. Une rencontre inattendue pourrait bouleverser agr\u00e9ablement votre vie personnelle, tandis que des tensions pourraient surgir au travail, laissant entrevoir des d\u00e9nouements intrigants.<\/p>\n<p>[links-all sign=\u00a0\u00bbbalance\u00a0\u00bb date_type=\u00a0\u00bbday\u00a0\u00bb day=\u00a0\u00bb2026-02-27&Prime;]<br \/>\n            <img loading=\"lazy\" decoding=\"async\" src=\"data:image\/svg+xml,%3Csvg%20xmlns=\" http:=\"\" alt=\"\" class=\"wp-image-76561 aligncenter\" width=\"600\" height=\"600\" data-lazy-src=\"https:\/\/www.europesays.com\/fr\/wp-content\/uploads\/2026\/02\/r3UvPD2Sax.jpeg\"\/>Source: DR<\/p>\n<p>Horoscope Scorpion  du jour<\/p>\n<p class=\"horoscope-summary\">Aujourd&rsquo;hui, chers Scorpions, l&rsquo;univers vous pousse \u00e0 explorer vos \u00e9motions les plus profondes, laissant pr\u00e9sager d&rsquo;importantes r\u00e9v\u00e9lations personnelles. Tandis qu&rsquo;une opportunit\u00e9 inattendue se profile \u00e0 l&rsquo;horizon, l&rsquo;amour et la famille r\u00e9servent \u00e9galement des surprises, promettant une journ\u00e9e riche en d\u00e9couvertes et en \u00e9motion.<\/p>\n<p>[links-all sign=\u00a0\u00bbscorpion\u00a0\u00bb date_type=\u00a0\u00bbday\u00a0\u00bb day=\u00a0\u00bb2026-02-27&Prime;]<br \/>\n            <img loading=\"lazy\" decoding=\"async\" src=\"data:image\/svg+xml,%3Csvg%20xmlns=\" http:=\"\" alt=\"\" class=\"wp-image-76565 aligncenter\" width=\"600\" height=\"600\" data-lazy-src=\"https:\/\/www.europesays.com\/fr\/wp-content\/uploads\/2026\/02\/zXJC6p2juG.jpeg\"\/>Source: DR<\/p>\n<p>Horoscope Sagittaire  du jour<\/p>\n<p class=\"horoscope-summary\">Ce vendredi 27 f\u00e9vrier 2026 pourrait bien \u00eatre significatif pour les Sagittaires, avec des horizons qui s&rsquo;\u00e9largissent et des discussions potentiellement r\u00e9v\u00e9latrices. Cependant, attention aux tensions familiales et aux malentendus qui pourraient survenir, car ils pourraient se transformer en opportunit\u00e9s de croissance personnelle.<\/p>\n<p>[links-all sign=\u00a0\u00bbsagittaire\u00a0\u00bb date_type=\u00a0\u00bbday\u00a0\u00bb day=\u00a0\u00bb2026-02-27&Prime;]<br \/>\n            <img loading=\"lazy\" decoding=\"async\" src=\"data:image\/svg+xml,%3Csvg%20xmlns=\" http:=\"\" alt=\"\" class=\"wp-image-76568 aligncenter\" width=\"600\" height=\"600\" data-lazy-src=\"https:\/\/www.europesays.com\/fr\/wp-content\/uploads\/2026\/02\/Ac0Vwm1x8i.jpeg\"\/>Source: DR<\/p>\n<p>Horoscope Capricorne  du jour<\/p>\n<p class=\"horoscope-summary\">Chers Capricornes, en ce 27 f\u00e9vrier 2026, un vent myst\u00e9rieux de transformation souffle sur votre quotidien, vous poussant \u00e0 revisiter vos aspirations les plus profondes et \u00e0 r\u00e9\u00e9valuer m\u00e9thodiquement vos priorit\u00e9s. Tandis que vos relations personnelles demeurent calmes et harmonieuses, des d\u00e9fis inattendus surgissent sur le plan financier, promettant des opportunit\u00e9s cach\u00e9es pour ceux qui sauront garder un esprit ouvert et attentif \u00e0 leur intuition.<\/p>\n<p>[links-all sign=\u00a0\u00bbcapricorne\u00a0\u00bb date_type=\u00a0\u00bbday\u00a0\u00bb day=\u00a0\u00bb2026-02-27&Prime;]<br \/>\n            <img loading=\"lazy\" decoding=\"async\" src=\"data:image\/svg+xml,%3Csvg%20xmlns=\" http:=\"\" alt=\"\" class=\"wp-image-76571 aligncenter\" width=\"600\" height=\"600\" data-lazy-src=\"https:\/\/www.europesays.com\/fr\/wp-content\/uploads\/2026\/02\/XB0qPm5iA4.jpeg\"\/>Source: DR<\/p>\n<p>Horoscope Verseau  du jour<\/p>\n<p class=\"horoscope-summary\">Ce vendredi 27 f\u00e9vrier 2026, les Verseau pourraient vivre une journ\u00e9e riche en surprises et en d\u00e9couvertes, tant personnelles que professionnelles, avec des opportunit\u00e9s inattendues. Toutefois, un \u00e9v\u00e9nement en famille pourrait r\u00e9veiller de vieilles tensions, et les astres r\u00e9servent \u00e9galement un petit d\u00e9fi concernant la sant\u00e9 auditive ; restez vigilant et ouvert aux myst\u00e8res de cette journ\u00e9e intrigante.<\/p>\n<p>[links-all sign=\u00a0\u00bbverseau\u00a0\u00bb date_type=\u00a0\u00bbday\u00a0\u00bb day=\u00a0\u00bb2026-02-27&Prime;]<br \/>\n            <img loading=\"lazy\" decoding=\"async\" src=\"data:image\/svg+xml,%3Csvg%20xmlns=\" http:=\"\" alt=\"\" class=\"wp-image-76574 aligncenter\" width=\"600\" height=\"600\" data-lazy-src=\"https:\/\/www.europesays.com\/fr\/wp-content\/uploads\/2026\/02\/3ta1xNqQuy.jpeg\"\/>Source: DR<\/p>\n<p>Horoscope Poissons  du jour<\/p>\n<p class=\"horoscope-summary\">Aujourd&rsquo;hui, les Poissons sont sur le point de vivre des moments intenses, tant sur le plan personnel que professionnel, guid\u00e9s par une \u00e9nergie cosmique invitant au changement et \u00e0 l&rsquo;ouverture. Cependant, des d\u00e9fis inattendus dans leurs relations familiales et certaines pr\u00e9cautions de sant\u00e9 pourraient cr\u00e9er des complications, laissant planer une atmosph\u00e8re de myst\u00e8re sur la fa\u00e7on dont les \u00e9v\u00e9nements se d\u00e9rouleront.<\/p>\n<p>[links-all sign=\u00a0\u00bbpoissons\u00a0\u00bb date_type=\u00a0\u00bbday\u00a0\u00bb day=\u00a0\u00bb2026-02-27&Prime;]<\/p>\n","protected":false},"excerpt":{"rendered":"Chers lecteurs c\u00e9lestes, Alors que nous embrassons ce vendredi 27 f\u00e9vrier 2026, les \u00e9nergies cosmiques se manifestent avec&hellip;\n","protected":false},"author":2,"featured_media":763920,"comment_status":"","ping_status":"","sticky":false,"template":"","format":"standard","meta":{"footnotes":"","_share_on_mastodon":"0"},"categories":[8],"tags":[10343,58,59,1011,27,39579,1404,35933],"class_list":["post-763919","post","type-post","status-publish","format-standard","has-post-thumbnail","category-divertissement","tag-all","tag-divertissement","tag-entertainment","tag-fr","tag-france","tag-push-2","tag-quotidien","tag-rs"],"share_on_mastodon":{"url":"https:\/\/pubeurope.com\/@fr\/116143636266263916","error":""},"_links":{"self":[{"href":"https:\/\/www.europesays.com\/fr\/wp-json\/wp\/v2\/posts\/763919","targetHints":{"allow":["GET"]}}],"collection":[{"href":"https:\/\/www.europesays.com\/fr\/wp-json\/wp\/v2\/posts"}],"about":[{"href":"https:\/\/www.europesays.com\/fr\/wp-json\/wp\/v2\/types\/post"}],"author":[{"embeddable":true,"href":"https:\/\/www.europesays.com\/fr\/wp-json\/wp\/v2\/users\/2"}],"replies":[{"embeddable":true,"href":"https:\/\/www.europesays.com\/fr\/wp-json\/wp\/v2\/comments?post=763919"}],"version-history":[{"count":0,"href":"https:\/\/www.europesays.com\/fr\/wp-json\/wp\/v2\/posts\/763919\/revisions"}],"wp:featuredmedia":[{"embeddable":true,"href":"https:\/\/www.europesays.com\/fr\/wp-json\/wp\/v2\/media\/763920"}],"wp:attachment":[{"href":"https:\/\/www.europesays.com\/fr\/wp-json\/wp\/v2\/media?parent=763919"}],"wp:term":[{"taxonomy":"category","embeddable":true,"href":"https:\/\/www.europesays.com\/fr\/wp-json\/wp\/v2\/categories?post=763919"},{"taxonomy":"post_tag","embeddable":true,"href":"https:\/\/www.europesays.com\/fr\/wp-json\/wp\/v2\/tags?post=763919"}],"curies":[{"name":"wp","href":"https:\/\/api.w.org\/{rel}","templated":true}]}}