{"id":76415,"date":"2025-05-05T10:29:08","date_gmt":"2025-05-05T10:29:08","guid":{"rendered":"https:\/\/www.europesays.com\/fr\/76415\/"},"modified":"2025-05-05T10:29:08","modified_gmt":"2025-05-05T10:29:08","slug":"bad-bunny-en-concert-au-velodrome-ces-indices-confirment-la-venue-de-la-star-a-marseille","status":"publish","type":"post","link":"https:\/\/www.europesays.com\/fr\/76415\/","title":{"rendered":"Bad Bunny en concert au V\u00e9lodrome ? Ces indices confirment la venue de la star \u00e0 Marseille"},"content":{"rendered":"<p>            Par<br \/>\n        <strong><br \/>\n            <a href=\"https:\/\/actu.fr\/auteur\/thibault-nadal-actu-fr\" title=\"Consulter tous les articles de Thibault Nadal\" target=\"_blank\" rel=\"noopener\">Thibault Nadal<\/a><br \/>\n        <\/strong><\/p>\n<p>        Publi\u00e9 le<\/p>\n<p>            5 mai 2025 \u00e0 12h06        <\/p>\n<p>Ce sont des petits indices qui ont d\u00e9cha\u00een\u00e9 les passions sur <a href=\"https:\/\/actu.fr\/tag\/reseaux-sociaux\" target=\"_blank\" rel=\"noopener\">les r\u00e9seaux sociaux<\/a>. Ce dimanche 4\u00a0mai 2025, <a href=\"https:\/\/actu.fr\/tag\/stade-velodrome\" target=\"_blank\" rel=\"noopener\">le stade V\u00e9lodrome<\/a> a publi\u00e9 une photo sur son compte Instagram de deux chaises en plastique devant la mythique enceinte du 8e arrondissement de <a href=\"https:\/\/actu.fr\/marseille\/\" target=\"_blank\" rel=\"noopener\">Marseille<\/a>. Une r\u00e9f\u00e9rence claire \u00e0 <strong>la pochette du dernier album<\/strong>, Debi tirar mas fotos, de Bad Bunny, sortie le 5\u00a0janvier dernier.<\/p>\n<p>Aucune date avanc\u00e9e pour le concert<\/p>\n<p class=\" wall-content\">M\u00eame si pour le moment, aucune confirmation d\u2019un concert n\u2019a eu lieu par le rappeur portoricain ou par le stade V\u00e9lodrome, ces indices ne laissent que peu de doutes. La page de rap <a href=\"https:\/\/x.com\/FrenchRapUS\/status\/1919067150741864879\">French Us<\/a> et <a href=\"https:\/\/www.instagram.com\/p\/DJPW5WVN2y_\/?img_index=1\" target=\"_blank\" rel=\"noopener\">Hugo D\u00e9crypte<\/a> ont confirm\u00e9, selon leurs informations, la venue du chanteur en France.<\/p>\n<p class=\" wall-content\">Pour le moment, <strong>aucune date de concert<\/strong> n\u2019a \u00e9t\u00e9 annonc\u00e9e. Ni m\u00eame de jour pour l\u2019ouverture de la billetterie. De nouvelles informations devraient \u00eatre publi\u00e9es dans les prochains jours.<\/p>\n<p class=\" wall-content\"><a href=\"https:\/\/www.instagram.com\/p\/DJPM8HCKozE\/embed\" title=\"Ouvrir le lien sur Instagram\" target=\"_blank\" rel=\"noopener\">Visualiser le contenu sur Instagram<\/a><\/p>\n<p>\u00c9galement \u00e0 Paris<\/p>\n<p class=\" wall-content\">Ce concert marseillais s\u2019inscrit dans le cadre d\u2019une <strong>tourn\u00e9e mondiale<\/strong> pour l\u2019artiste aux millions d\u2019albums vendus \u00e0 travers la plan\u00e8te. Il se produira \u00e9galement \u00e0 <strong>Paris<\/strong> lors d\u2019un show \u00e0 Paris La D\u00e9fense Arena.<\/p>\n<p class=\" wall-content\">Ce d\u00e9but d\u2019annonce a en tout cas suscit\u00e9 l\u2019enthousiasme chez les fans marseillais de Bad Bunny. Consid\u00e9r\u00e9 comme l\u2019un des plus artistes de ses derni\u00e8res ann\u00e9es, le Portoricain ne devrait avoir aucun mal \u00e0 remplir les dizaines de milliers de places du stade V\u00e9lodrome.<\/p>\n<p>Vid\u00e9os : en ce moment sur Actu<\/p>\n<p class=\" wall-content\">Suivez toute l\u2019actualit\u00e9 de vos villes et m\u00e9dias favoris en vous inscrivant \u00e0 <a href=\"https:\/\/moncompte.actu.fr\" title=\"D\u00e9couvez Mon Actu\" rel=\"nofollow noopener\" data-trk=\"{&quot;cta&quot;:{&quot;action&quot;:&quot;https:\\\/\\\/moncompte.actu.fr&quot;,&quot;category&quot;:&quot;mon compte&quot;,&quot;from&quot;:&quot;article footer&quot;,&quot;name&quot;:&quot;Mon actu&quot;,&quot;type&quot;:&quot;cta&quot;}}\" target=\"_blank\">Mon Actu<\/a>.<\/p>\n<p>                    <script async src=\"\/\/www.instagram.com\/embed.js\"><\/script><\/p>\n","protected":false},"excerpt":{"rendered":"Par Thibault Nadal Publi\u00e9 le 5 mai 2025 \u00e0 12h06 Ce sont des petits indices qui ont d\u00e9cha\u00een\u00e9&hellip;\n","protected":false},"author":2,"featured_media":76416,"comment_status":"","ping_status":"","sticky":false,"template":"","format":"standard","meta":{"footnotes":""},"categories":[2814],"tags":[1111,11,1697,1777,674,1011,27,1652,884,873,12,882,3616,25,1280],"class_list":{"0":"post-76415","1":"post","2":"type-post","3":"status-publish","4":"format-standard","5":"has-post-thumbnail","7":"category-marseille","8":"tag-actu","9":"tag-actualites","10":"tag-concert","11":"tag-eu","12":"tag-europe","13":"tag-fr","14":"tag-france","15":"tag-loisirs-culture","16":"tag-marseille","17":"tag-musique","18":"tag-news","19":"tag-provence-alpes-cote-dazur","20":"tag-rap","21":"tag-republique-francaise","22":"tag-stade-velodrome"},"share_on_mastodon":{"url":"https:\/\/pubeurope.com\/@fr\/114454761776520249","error":""},"_links":{"self":[{"href":"https:\/\/www.europesays.com\/fr\/wp-json\/wp\/v2\/posts\/76415","targetHints":{"allow":["GET"]}}],"collection":[{"href":"https:\/\/www.europesays.com\/fr\/wp-json\/wp\/v2\/posts"}],"about":[{"href":"https:\/\/www.europesays.com\/fr\/wp-json\/wp\/v2\/types\/post"}],"author":[{"embeddable":true,"href":"https:\/\/www.europesays.com\/fr\/wp-json\/wp\/v2\/users\/2"}],"replies":[{"embeddable":true,"href":"https:\/\/www.europesays.com\/fr\/wp-json\/wp\/v2\/comments?post=76415"}],"version-history":[{"count":0,"href":"https:\/\/www.europesays.com\/fr\/wp-json\/wp\/v2\/posts\/76415\/revisions"}],"wp:featuredmedia":[{"embeddable":true,"href":"https:\/\/www.europesays.com\/fr\/wp-json\/wp\/v2\/media\/76416"}],"wp:attachment":[{"href":"https:\/\/www.europesays.com\/fr\/wp-json\/wp\/v2\/media?parent=76415"}],"wp:term":[{"taxonomy":"category","embeddable":true,"href":"https:\/\/www.europesays.com\/fr\/wp-json\/wp\/v2\/categories?post=76415"},{"taxonomy":"post_tag","embeddable":true,"href":"https:\/\/www.europesays.com\/fr\/wp-json\/wp\/v2\/tags?post=76415"}],"curies":[{"name":"wp","href":"https:\/\/api.w.org\/{rel}","templated":true}]}}