{"id":76429,"date":"2025-05-05T10:38:10","date_gmt":"2025-05-05T10:38:10","guid":{"rendered":"https:\/\/www.europesays.com\/fr\/76429\/"},"modified":"2025-05-05T10:38:10","modified_gmt":"2025-05-05T10:38:10","slug":"premiere-vision-montreal-a-attire-2-150-visiteurs-pour-son-edition-inaugurale","status":"publish","type":"post","link":"https:\/\/www.europesays.com\/fr\/76429\/","title":{"rendered":"Premi\u00e8re Vision Montr\u00e9al a attir\u00e9 2.150 visiteurs pour son \u00e9dition inaugurale"},"content":{"rendered":"<p class=\"article-content col-md-8 offset-md-1\">\n                                Pour sa premi\u00e8re \u00e9dition canadienne, le salon <a class=\"fnwAddLinks\" href=\"https:\/\/tn.fashionnetwork.com\/tags-premiere-vision\" title=\"Premi\u00e8re Vision\" target=\"_blank\" rel=\"noopener\">Premi\u00e8re Vision<\/a> proposait les 22 et 23 avril la rencontre de plus d\u2019une centaine d\u2019exposants internationaux ainsi qu&rsquo;un cycle de 24 conf\u00e9rences. Une premi\u00e8re \u00e9dition qui a d\u00e9pass\u00e9 les attentes de son organisateur.<\/p>\n<p><img decoding=\"async\" class=\"news-image\" style=\"width:100%;\" src=\"https:\/\/www.europesays.com\/fr\/wp-content\/uploads\/2025\/05\/088c.jpg\" alt=\"\" loading=\"lazy\"\/> Premi\u00e8re Vision Montr\u00e9al<\/p>\n<p>Le rendez-vous aurait rassembl\u00e9 sur les rives du fleuve Saint-Laurent quelque 2.150 professionnels et \u00e9tudiants, repr\u00e9sentant un millier de soci\u00e9t\u00e9s. Les 38 intervenants du cycle de conf\u00e9rence auraient eux r\u00e9unis plus de 1.500 auditeurs lors de leurs \u00e9changes.\u00a0<\/p>\n<p>Parmi les entreprises qui sont venues d\u00e9couvrir le nouveau rendez-vous figurent <a class=\"fnwAddLinks\" href=\"https:\/\/tn.fashionnetwork.com\/tags-aldo\" title=\"Aldo\" target=\"_blank\" rel=\"noopener\">Aldo<\/a> group, Centric Brands, Groupe Dynamite,\u00a0 <a class=\"fnwAddLinks\" href=\"https:\/\/tn.fashionnetwork.com\/tags-mackage\" title=\"Mackage\" target=\"_blank\" rel=\"noopener\">Mackage<\/a>, <a class=\"fnwAddLinks\" href=\"https:\/\/tn.fashionnetwork.com\/tags-ssense\" title=\"Ssense\" target=\"_blank\" rel=\"noopener\">Ssense<\/a>, <a class=\"fnwAddLinks\" href=\"https:\/\/tn.fashionnetwork.com\/tags-naked\" title=\"Naked\" target=\"_blank\" rel=\"noopener\">Naked<\/a> &amp; Famous Denim. La Maisons <a class=\"fnwAddLinks\" href=\"https:\/\/tn.fashionnetwork.com\/tags-simons\" title=\"Simons\" target=\"_blank\" rel=\"noopener\">Simons<\/a>, Lamarque ou encore le Groupe Lamour.<\/p>\n<p class=\"col-md-8 offset-md-1 article-content--texte\">L\u2019organisateur des salons professionnels du textile-habillement\u00a0salue notamment la mobilisation de Tourisme Montr\u00e9al et du Minist\u00e8re du Tourisme autour de cet \u00e9v\u00e9nement. Le rassemblement professionnel a d\u2019ailleurs re\u00e7u la visite de Alia Hassan-Cournol, conseill\u00e8re de la Ville de Montr\u00e9al en charge du d\u00e9veloppement \u00e9conomique, du commerce et du design, ainsi que de la Consule g\u00e9n\u00e9rale de France \u00e0 Montr\u00e9al, Marie Lapierre.\u00a0<\/p>\n<p>Est par ailleurs all\u00e9 \u00e0 la rencontre des exposants et visiteurs Fran\u00e7ois Roberge, pr\u00e9sident du Conseil d\u2019administration de la Grappe mmode, instance visant \u00e0 faire rayonner la cr\u00e9ation mode locale. Une structure qui avait pris part aux \u00e9changes pr\u00e9paratoires \u00e0 la cr\u00e9ation de ce nouveau rendez-vous, <a href=\"https:\/\/fr.fashionnetwork.com\/news\/Premiere-vision-va-creer-un-salon-a-montreal-en-avril-2025,1666157.html\" target=\"_blank\" rel=\"noopener\">annonc\u00e9 en septembre dernier<\/a>.<\/p>\n<p><img decoding=\"async\" class=\"news-image\" style=\"width:100%;max-width:839px;\" src=\"https:\/\/www.europesays.com\/fr\/wp-content\/uploads\/2025\/05\/abc2.jpg\" alt=\"\" loading=\"lazy\"\/> Premi\u00e8re Vision Montr\u00e9al<\/p>\n<p>\u201cLe succ\u00e8s de cette \u00e9dition confirme pour nous la n\u00e9cessit\u00e9 d&rsquo;aller \u00e0 la rencontre de nos march\u00e9s et ce d&rsquo;autant plus dans le contexte de mutation et l&rsquo;environnement g\u00e9opolitique instable que nous connaissons\u201d, indique Thierry Langlais, vice-pr\u00e9sident en charge des op\u00e9rations de Premi\u00e8re Vision. \u201cNous prenons d&rsquo;ores et d\u00e9j\u00e0 date pour 2026, et l&rsquo;agenda va \u00eatre rapidement confirm\u00e9\u201d.<\/p>\n<p>Si les dates de l\u2019\u00e9dition 2026 ne sont pas pour l\u2019heure communiqu\u00e9es, Premi\u00e8re Vision pr\u00e9pare pour les 4 et 5 juin \u00e0 Paris l\u2019\u00e9dition semestrielle de Blossom PV, son rendez-vous d\u00e9di\u00e9 aux pr\u00e9-collections des grandes maisons. Suivra ensuite PV New York les 15 et 16 juillet, avant le rendez-vous principal PV Paris, attendu du 16 au 18 septembre.\n                            <\/p>\n<p>\n                                Tous droits de reproduction et de repr\u00e9sentation r\u00e9serv\u00e9s.<br \/>\u00a9 2025 FashionNetwork.com\n                            <\/p>\n","protected":false},"excerpt":{"rendered":"Pour sa premi\u00e8re \u00e9dition canadienne, le salon Premi\u00e8re Vision proposait les 22 et 23 avril la rencontre de&hellip;\n","protected":false},"author":2,"featured_media":76430,"comment_status":"","ping_status":"","sticky":false,"template":"","format":"standard","meta":{"footnotes":""},"categories":[1888],"tags":[11,18169,2424,537,2423,1777,674,1011,27,2425,18168,985,18170,12,2298,626,6866,2426,2427,25,2421,18171,18172,2422],"class_list":{"0":"post-76429","1":"post","2":"type-post","3":"status-publish","4":"format-standard","5":"has-post-thumbnail","7":"category-paris","8":"tag-actualites","9":"tag-aldo","10":"tag-beaute","11":"tag-contact","12":"tag-cosmetiques","13":"tag-eu","14":"tag-europe","15":"tag-fr","16":"tag-france","17":"tag-luxe","18":"tag-mackage","19":"tag-mode","20":"tag-naked","21":"tag-news","22":"tag-parfum","23":"tag-paris","24":"tag-premiere-vision","25":"tag-professionnel","26":"tag-professionnels","27":"tag-republique-francaise","28":"tag-reseau","29":"tag-simons","30":"tag-ssense","31":"tag-textile"},"share_on_mastodon":{"url":"https:\/\/pubeurope.com\/@fr\/114454797246966464","error":""},"_links":{"self":[{"href":"https:\/\/www.europesays.com\/fr\/wp-json\/wp\/v2\/posts\/76429","targetHints":{"allow":["GET"]}}],"collection":[{"href":"https:\/\/www.europesays.com\/fr\/wp-json\/wp\/v2\/posts"}],"about":[{"href":"https:\/\/www.europesays.com\/fr\/wp-json\/wp\/v2\/types\/post"}],"author":[{"embeddable":true,"href":"https:\/\/www.europesays.com\/fr\/wp-json\/wp\/v2\/users\/2"}],"replies":[{"embeddable":true,"href":"https:\/\/www.europesays.com\/fr\/wp-json\/wp\/v2\/comments?post=76429"}],"version-history":[{"count":0,"href":"https:\/\/www.europesays.com\/fr\/wp-json\/wp\/v2\/posts\/76429\/revisions"}],"wp:featuredmedia":[{"embeddable":true,"href":"https:\/\/www.europesays.com\/fr\/wp-json\/wp\/v2\/media\/76430"}],"wp:attachment":[{"href":"https:\/\/www.europesays.com\/fr\/wp-json\/wp\/v2\/media?parent=76429"}],"wp:term":[{"taxonomy":"category","embeddable":true,"href":"https:\/\/www.europesays.com\/fr\/wp-json\/wp\/v2\/categories?post=76429"},{"taxonomy":"post_tag","embeddable":true,"href":"https:\/\/www.europesays.com\/fr\/wp-json\/wp\/v2\/tags?post=76429"}],"curies":[{"name":"wp","href":"https:\/\/api.w.org\/{rel}","templated":true}]}}