{"id":764527,"date":"2026-02-27T23:16:24","date_gmt":"2026-02-27T23:16:24","guid":{"rendered":"https:\/\/www.europesays.com\/fr\/764527\/"},"modified":"2026-02-27T23:16:24","modified_gmt":"2026-02-27T23:16:24","slug":"je-suis-solidaire-avec-mes-joueurs-ce-qui-nest-pas-le-cas-de-tout-le-monde-la-voix-de-lain","status":"publish","type":"post","link":"https:\/\/www.europesays.com\/fr\/764527\/","title":{"rendered":"\u201cJe suis solidaire avec mes joueurs, ce qui n\u2019est pas le cas de tout le monde\u201d \u2022 La Voix de l&rsquo;Ain"},"content":{"rendered":"<p>\n                            Apr\u00e8s la d\u00e9faite de l\u2019US Bressane face \u00e0 Rennes, le manager g\u00e9n\u00e9ral Richard Savey est apparu tr\u00e8s \u00e9nerv\u00e9 en conf\u00e9rence de presse, faisant, entre autres, r\u00e9f\u00e9rence \u00e0 la situation extra-sportive du club.                        <\/p>\n<p>Il est de coutume de voir Richard Savey d\u00e9barquer en conf\u00e9rence de presse d\u00e8s la fin du match, veste violette encore sur les \u00e9paules. Ce vendredi 27 f\u00e9vrier, <a href=\"https:\/\/www.lavoixdelain.fr\/rugby-usbpa-rennes-defaite-26-nationale\/\" rel=\"nofollow noopener\" target=\"_blank\">apr\u00e8s la d\u00e9faite face \u00e0 Rennes<\/a>, il a fallu attendre quelques minutes suppl\u00e9mentaires pour voir arriver le manager bressan, le pas d\u00e9termin\u00e9, visage ferm\u00e9, avant qu&rsquo;il prenne la parole. Il a d&rsquo;abord \u00e9voqu\u00e9 le match et les nombreuses erreurs bressanes, particuli\u00e8rement dans le premier acte. \u00ab\u00a0Il y a eu une premi\u00e8re mi-temps hasardeuse, avec des approximations et un manque de maitrise. Nous avons eu les capacit\u00e9s pour rebondir en deuxi\u00e8me p\u00e9riode. Nous n\u2019avons pas su le faire, on n\u2019a pas su concr\u00e9tiser les temps forts qu&rsquo;on a eus\u00a0\u00bb, a r\u00e9sum\u00e9 Richard Savey.<\/p>\n<p>Cette quatri\u00e8me d\u00e9faite de rang &#8211; la troisi\u00e8me \u00e9galement \u00e0 domicile &#8211; aurait de quoi inqui\u00e9ter. Mais le manager bressan rassure : \u00ab\u00a0On sait que c&rsquo;est une ann\u00e9e qui n&rsquo;\u00e9tait pas partie pour \u00eatre facile, et elle ne l\u2019est pas. Mais on ne va rien l\u00e2cher, staff et joueurs. On va tous se remettre en question et on va chercher des solutions. On ne va pas laisser ce club dans une situation pas \u00e0 la hauteur de ce que nous devons avoir sportivement.\u00a0\u00bb<\/p>\n<\/p>\n<p>\u00ab\u00a0Je suis un peu \u00e9nerv\u00e9 car j&rsquo;entends trop de choses\u00a0\u00bb<\/p>\n<p>Pour rappel, selon notre confr\u00e8re de Rugbyrama, la Commission de r\u00e9gulation financi\u00e8re de la F\u00e9d\u00e9ration fran\u00e7aise de rugby a sanctionn\u00e9 le club d\u2019une rel\u00e9gation en Nationale\u00a02 la saison prochaine pour raisons financi\u00e8res.\u00a0Cela a-t-il jou\u00e9 ? \u00ab\u00a0Je suis un peu \u00e9nerv\u00e9 parce que j\u2019entends trop de choses. On va prendre du recul. Mais bien s\u00fbr qu\u2019on est tous affect\u00e9s, les joueurs aussi. Ils ne rentrent pas sur le terrain pour ne pas gagner des matches. Tout le monde doit prendre du recul, chacun sa place\u00a0\u00bb, a-t-il expliqu\u00e9.<\/p>\n<p>Richard Savey en a ensuite remis une couche : \u00ab\u00a0Des p\u00e9riodes difficiles, il y en a eu d\u2019autres. On va se resserrer et essayer de finir cette saison le plus proprement possible. On a, avant toute chose un club, \u00e0 maintenir. Car aujourd&rsquo;hui, on va parler de maintien, clairement. Il faut qu\u2019on pense \u00e0 sauver le club, dans les bureaux, au-dessus, en dessous&#8230; \u00catre uni dans cette p\u00e9riode, c&rsquo;est ce qui fait qu\u2019on sortira la t\u00eate de l\u2019eau. On va tous se remettre en question. Si on doit prendre des d\u00e9cisions, on prendra des d\u00e9cisions. Chacun assume, j\u2019ai toujours assum\u00e9 et je continuerai \u00e0 le faire tant que je suis ici.\u00a0\u00bb<\/p>\n<p>Au moment d&rsquo;\u00e9voquer ses choix et sa strat\u00e9gie en premi\u00e8re mi-temps, Richard Savey a conclu : \u00ab\u00a0Je suis solidaire avec mes joueurs. Ce qui n&rsquo;est pas le cas de tout le monde.\u00a0\u00bb Le pr\u00e9sident d\u00e9l\u00e9gu\u00e9, Christian Duclos, aurait fait une intervention dans le vestiaire \u00e0 l&rsquo;issue de la rencontre. Ambiance&#8230;<\/p>\n","protected":false},"excerpt":{"rendered":"Apr\u00e8s la d\u00e9faite de l\u2019US Bressane face \u00e0 Rennes, le manager g\u00e9n\u00e9ral Richard Savey est apparu tr\u00e8s \u00e9nerv\u00e9&hellip;\n","protected":false},"author":2,"featured_media":764528,"comment_status":"","ping_status":"","sticky":false,"template":"","format":"standard","meta":{"footnotes":"","_share_on_mastodon":"0"},"categories":[2821],"tags":[1111,11,829,1777,674,1011,27,12,584,25],"class_list":["post-764527","post","type-post","status-publish","format-standard","has-post-thumbnail","category-rennes","tag-actu","tag-actualites","tag-bretagne","tag-eu","tag-europe","tag-fr","tag-france","tag-news","tag-rennes","tag-republique-francaise"],"share_on_mastodon":{"url":"https:\/\/pubeurope.com\/@fr\/116145146485562754","error":""},"_links":{"self":[{"href":"https:\/\/www.europesays.com\/fr\/wp-json\/wp\/v2\/posts\/764527","targetHints":{"allow":["GET"]}}],"collection":[{"href":"https:\/\/www.europesays.com\/fr\/wp-json\/wp\/v2\/posts"}],"about":[{"href":"https:\/\/www.europesays.com\/fr\/wp-json\/wp\/v2\/types\/post"}],"author":[{"embeddable":true,"href":"https:\/\/www.europesays.com\/fr\/wp-json\/wp\/v2\/users\/2"}],"replies":[{"embeddable":true,"href":"https:\/\/www.europesays.com\/fr\/wp-json\/wp\/v2\/comments?post=764527"}],"version-history":[{"count":0,"href":"https:\/\/www.europesays.com\/fr\/wp-json\/wp\/v2\/posts\/764527\/revisions"}],"wp:featuredmedia":[{"embeddable":true,"href":"https:\/\/www.europesays.com\/fr\/wp-json\/wp\/v2\/media\/764528"}],"wp:attachment":[{"href":"https:\/\/www.europesays.com\/fr\/wp-json\/wp\/v2\/media?parent=764527"}],"wp:term":[{"taxonomy":"category","embeddable":true,"href":"https:\/\/www.europesays.com\/fr\/wp-json\/wp\/v2\/categories?post=764527"},{"taxonomy":"post_tag","embeddable":true,"href":"https:\/\/www.europesays.com\/fr\/wp-json\/wp\/v2\/tags?post=764527"}],"curies":[{"name":"wp","href":"https:\/\/api.w.org\/{rel}","templated":true}]}}