{"id":764576,"date":"2026-02-27T23:42:15","date_gmt":"2026-02-27T23:42:15","guid":{"rendered":"https:\/\/www.europesays.com\/fr\/764576\/"},"modified":"2026-02-27T23:42:15","modified_gmt":"2026-02-27T23:42:15","slug":"royaume-uni-solidarite-avec-jamie-militant-interpelle-dans-sa-fac-et-vire-pour-son-soutien-a-la-palestine","status":"publish","type":"post","link":"https:\/\/www.europesays.com\/fr\/764576\/","title":{"rendered":"Royaume-Uni. Solidarit\u00e9 avec Jamie, militant interpell\u00e9 dans sa fac et vir\u00e9 pour son soutien \u00e0 la Palestine"},"content":{"rendered":"<p>        Royaume-Uni. Solidarit\u00e9 avec Jamie, militant interpell\u00e9 dans sa fac et vir\u00e9 pour son soutien \u00e0 la Palestine<\/p>\n<p class=\"article-lede\">Un militant du Parti Communiste R\u00e9volutionnaire (RCP) \u00e0 Londres \u00e9t\u00e9 embarqu\u00e9 par la police pendant son discours d\u00e9non\u00e7ant les partenariats de l\u2019universit\u00e9 avec des entreprises complices du g\u00e9nocide, et incarc\u00e9r\u00e9 \u00e0 la demande de la pr\u00e9sidence. Solidarit\u00e9 internationaliste avec Jamie !<\/p>\n","protected":false},"excerpt":{"rendered":"Royaume-Uni. Solidarit\u00e9 avec Jamie, militant interpell\u00e9 dans sa fac et vir\u00e9 pour son soutien \u00e0 la Palestine Un&hellip;\n","protected":false},"author":2,"featured_media":764577,"comment_status":"","ping_status":"","sticky":false,"template":"","format":"standard","meta":{"footnotes":"","_share_on_mastodon":"0"},"categories":[1588],"tags":[11,1777,674,12,473,1853,1851,1850,1852],"class_list":["post-764576","post","type-post","status-publish","format-standard","has-post-thumbnail","category-royaume-uni","tag-actualites","tag-eu","tag-europe","tag-news","tag-royaume-uni","tag-royaume-uni-de-grande-bretagne-et-dirlande-du-nord","tag-uk","tag-united-kingdom","tag-united-kingdom-of-great-britain-and-northern-ireland"],"share_on_mastodon":{"url":"https:\/\/pubeurope.com\/@fr\/116145248241427171","error":""},"_links":{"self":[{"href":"https:\/\/www.europesays.com\/fr\/wp-json\/wp\/v2\/posts\/764576","targetHints":{"allow":["GET"]}}],"collection":[{"href":"https:\/\/www.europesays.com\/fr\/wp-json\/wp\/v2\/posts"}],"about":[{"href":"https:\/\/www.europesays.com\/fr\/wp-json\/wp\/v2\/types\/post"}],"author":[{"embeddable":true,"href":"https:\/\/www.europesays.com\/fr\/wp-json\/wp\/v2\/users\/2"}],"replies":[{"embeddable":true,"href":"https:\/\/www.europesays.com\/fr\/wp-json\/wp\/v2\/comments?post=764576"}],"version-history":[{"count":0,"href":"https:\/\/www.europesays.com\/fr\/wp-json\/wp\/v2\/posts\/764576\/revisions"}],"wp:featuredmedia":[{"embeddable":true,"href":"https:\/\/www.europesays.com\/fr\/wp-json\/wp\/v2\/media\/764577"}],"wp:attachment":[{"href":"https:\/\/www.europesays.com\/fr\/wp-json\/wp\/v2\/media?parent=764576"}],"wp:term":[{"taxonomy":"category","embeddable":true,"href":"https:\/\/www.europesays.com\/fr\/wp-json\/wp\/v2\/categories?post=764576"},{"taxonomy":"post_tag","embeddable":true,"href":"https:\/\/www.europesays.com\/fr\/wp-json\/wp\/v2\/tags?post=764576"}],"curies":[{"name":"wp","href":"https:\/\/api.w.org\/{rel}","templated":true}]}}