{"id":764721,"date":"2026-02-28T01:15:11","date_gmt":"2026-02-28T01:15:11","guid":{"rendered":"https:\/\/www.europesays.com\/fr\/764721\/"},"modified":"2026-02-28T01:15:11","modified_gmt":"2026-02-28T01:15:11","slug":"sante-au-pays-basque-dans-un-classement-etabli-par-femme-actuelle-bayonne-est-la-ville-ou-les-femmes-sont-le-mieux-soignees-sud-ouest","status":"publish","type":"post","link":"https:\/\/www.europesays.com\/fr\/764721\/","title":{"rendered":"Sant\u00e9 au Pays basque : dans un classement \u00e9tabli par \u00ab Femme Actuelle \u00bb, Bayonne est la ville o\u00f9 les femmes sont le mieux soign\u00e9es &#8211; Sud Ouest"},"content":{"rendered":"<ol>\n<li><a href=\"https:\/\/news.google.com\/rss\/articles\/CBMi-gFBVV95cUxNQ0hRdFhfQmpYNndRUExBbmJnem5EanIyeHREYzBrRDgwdUtWMDRoR1lyd24xamx6QVBUNnVjRlVkV0wtQ3lfVXNxS2FodkxUZlI0Zk1yaFRueVlZc0tXWDBTRHVQeEQyaHQ4UlYzRFZGQ1NVMlV4RHNyQ1VraWRXV3ZNV3VVcm9mNEI5Yk9CS2RlUWJsQWhzZTNVckJPaFV3T3ROY1JITldacUJBSE80ekcwdGNUMXdzc1JfTTVPdllEaVdXQVRRSEpTT0pCVUhpQjBFaXJCLTZ0ekJndW83RWUxZFplYTNkcUt3SUoyMm9tRWRDcGFHRjJR?oc=5\" target=\"_blank\" rel=\"nofollow noopener\">Sant\u00e9 au Pays basque : dans un classement \u00e9tabli par \u00ab Femme Actuelle \u00bb, Bayonne est la ville o\u00f9 les femmes sont le mieux soign\u00e9es<\/a>&nbsp;&nbsp;Sud Ouest<\/li>\n<li><a href=\"https:\/\/news.google.com\/rss\/articles\/CBMi6gFBVV95cUxNc1RJOU9NTVdMTXlKRkJCTTFUczFvN29BcU9rb0JRMnNBMWFUajVlX05JdjdENE9NaXNTOXRCLTg4MU1Jd0JwREdLQkhLZ3hnbDQ5endzc1NXUFNmWGFfVGszTTFoaWVHLW5RQVFvUkNiWUZYdF94UEs3TXBONFR0WG5iU0pwX3hnWUpDcWhvalBnSFZVVjhfWmxvUzZod2s4U1hRSEo4SzBoYkt2MHduVkdzR3RrUTM5VlFnTVBKNXppcFFtY2VGTWdwUzFjTElOZ3hpN0RuaVJ3N1V1RkhQTVJqeGVjOENGa0E?oc=5\" target=\"_blank\" rel=\"nofollow noopener\">Palmar\u00e8s des villes o\u00f9 les femmes sont bien soign\u00e9es : Bayonne arrive en t\u00eate, voici pourquoi<\/a>&nbsp;&nbsp;Femme Actuelle<\/li>\n<li><a href=\"https:\/\/news.google.com\/rss\/articles\/CBMi3gFBVV95cUxNbF9BTWRyeFFQalhjaGdhSzZFQlJEN2lrbGdwT1hBUG9PZUZ2YTNJTWtBUVlKLTNacHFuTE1NX0dINmExUWdabnJ2dkRiYzNZOVg0SXE3Q2wxSmZia2RVQkhhekhFMTdhSmNKVGUzX2pmQVdjUTd1V2tZNlFGRUFya1lxQ3BOTGZyaDBBUm5ETVRjSUFZbmlpTXhEakFiSzZrc2ZCUlZuR2M2MXVXemZ2VnFsNXZKdGRGNHNmd2tqR3pMVm1Ic05KTjZhSWJxOG1NYkF3TkxuMnl3ZjlsZVE?oc=5\" target=\"_blank\" rel=\"nofollow noopener\">Sant\u00e9 des femmes : Bayonne en t\u00eate d\u2019un classement in\u00e9dit des villes o\u00f9 l\u2019on soigne le mieux les femmes en France<\/a>&nbsp;&nbsp;Europe 1<\/li>\n<li><a href=\"https:\/\/news.google.com\/rss\/articles\/CBMivAFBVV95cUxNaFRzQXByNEZHVTN1WWNvTGFwS01ySGg1MEdhZ3ZHOHYzYTQ5N1VQbEowbWU4RU4wMjVBeEJTeTl2bHV0NjY4cmgwWm5ndVJsU2FLVjhzajVrWmhYcld4XzFXUVlwU0NiQkRhaV9zR0FZTHh4cU9RWWoxclE1WS1XX1VCcHppeXc1clZOLWo2N1o5eXc4a2ZPci14TXNZajNJTUFreUlYemFuRUwtUzFXWEppdUk4NzRkeEU2Ng?oc=5\" target=\"_blank\" rel=\"nofollow noopener\">Sant\u00e9 des femmes : Bordeaux sur le podium des villes o\u00f9 elles sont le mieux soign\u00e9es<\/a>&nbsp;&nbsp;Bouger \u00e0 Bordeaux<\/li>\n<li><a href=\"https:\/\/news.google.com\/rss\/articles\/CBMihAJBVV95cUxQV1VRamlRRmpzZDJxTV94dnhZQndfbmlUNTZMQllEWWtaUlRfWEh0T000WkdYYmNhYVJjbE13N09iRlZvTldfWUNzQjlDY0VPX3VLX2hXWXhDOVVBcDdXUW5zZWZ1WWFPU1FNZ0pOdUhIY2UyUTlCZV9wSllfX0pma29pZ0hQenhNOWg4VFJyekJUYkJUSS1zX20tWEZYRnpPT1BaMnlSVFJlUklHa3JpaGNnclpmU3haMTF4VTNDX0QxNUJNSlJhMjRRUmxtX3c0YzNZWVloVFRScWRoT1FBZ1Fod1FicWNrYWE0MFJWeWxkMlZvRVZEcE5xOG5OV2ozeW44YQ?oc=5\" target=\"_blank\" rel=\"nofollow noopener\">Quelles sont les villes fran\u00e7aises o\u00f9 les femmes sont bien soign\u00e9es ? Voici les r\u00e9sultats de notre palmar\u00e8s 2026 &#8211; EXCLU<\/a>&nbsp;&nbsp;Femme Actuelle<\/li>\n<\/ol>\n","protected":false},"excerpt":{"rendered":"Sant\u00e9 au Pays basque : dans un classement \u00e9tabli par \u00ab Femme Actuelle \u00bb, Bayonne est la ville&hellip;\n","protected":false},"author":2,"featured_media":395849,"comment_status":"","ping_status":"","sticky":false,"template":"","format":"standard","meta":{"footnotes":""},"categories":[10],"tags":[1011,27,72,71],"class_list":{"0":"post-764721","1":"post","2":"type-post","3":"status-publish","4":"format-standard","5":"has-post-thumbnail","7":"category-sante","8":"tag-fr","9":"tag-france","10":"tag-health","11":"tag-sante"},"share_on_mastodon":{"url":"https:\/\/pubeurope.com\/@fr\/116145614087724389","error":""},"_links":{"self":[{"href":"https:\/\/www.europesays.com\/fr\/wp-json\/wp\/v2\/posts\/764721","targetHints":{"allow":["GET"]}}],"collection":[{"href":"https:\/\/www.europesays.com\/fr\/wp-json\/wp\/v2\/posts"}],"about":[{"href":"https:\/\/www.europesays.com\/fr\/wp-json\/wp\/v2\/types\/post"}],"author":[{"embeddable":true,"href":"https:\/\/www.europesays.com\/fr\/wp-json\/wp\/v2\/users\/2"}],"replies":[{"embeddable":true,"href":"https:\/\/www.europesays.com\/fr\/wp-json\/wp\/v2\/comments?post=764721"}],"version-history":[{"count":0,"href":"https:\/\/www.europesays.com\/fr\/wp-json\/wp\/v2\/posts\/764721\/revisions"}],"wp:featuredmedia":[{"embeddable":true,"href":"https:\/\/www.europesays.com\/fr\/wp-json\/wp\/v2\/media\/395849"}],"wp:attachment":[{"href":"https:\/\/www.europesays.com\/fr\/wp-json\/wp\/v2\/media?parent=764721"}],"wp:term":[{"taxonomy":"category","embeddable":true,"href":"https:\/\/www.europesays.com\/fr\/wp-json\/wp\/v2\/categories?post=764721"},{"taxonomy":"post_tag","embeddable":true,"href":"https:\/\/www.europesays.com\/fr\/wp-json\/wp\/v2\/tags?post=764721"}],"curies":[{"name":"wp","href":"https:\/\/api.w.org\/{rel}","templated":true}]}}