{"id":76474,"date":"2025-05-05T11:02:10","date_gmt":"2025-05-05T11:02:10","guid":{"rendered":"https:\/\/www.europesays.com\/fr\/76474\/"},"modified":"2025-05-05T11:02:10","modified_gmt":"2025-05-05T11:02:10","slug":"les-feux-de-lamour-spoilers-semaine-du-5-mai-2025-aux-usa-les-spoilers","status":"publish","type":"post","link":"https:\/\/www.europesays.com\/fr\/76474\/","title":{"rendered":"Les Feux de l&rsquo;Amour, spoilers semaine du 5 mai 2025 aux USA | Les spoilers"},"content":{"rendered":"<p class=\"text-end comment-since\">\n                                Membre depuis 11 ans<br \/>1037 commentaires                                <\/p>\n<p>Le 5 mai 2025<br \/>\n                                \u00e0 09:02<\/p>\n<p>\n                                                            Faut pas non plus que Claire s&rsquo;enflamme avec le d\u00e9part de Summer, Kyle \u00e9tait toujours li\u00e9 \u00e0 elle m\u00eame quand il \u00e9tait en couple avec une autre, et vice versa.<br \/>\nJe pense que t\u00f4t ou tard, Josh Griffith rappellera soit Alison Lanier pour jouer Summer ou tout simplement une autre actrice&#8230;<\/p>\n","protected":false},"excerpt":{"rendered":"Membre depuis 11 ans1037 commentaires Le 5 mai 2025 \u00e0 09:02 Faut pas non plus que Claire s&rsquo;enflamme&hellip;\n","protected":false},"author":2,"featured_media":76475,"comment_status":"","ping_status":"","sticky":false,"template":"","format":"standard","meta":{"footnotes":""},"categories":[1356],"tags":[58,59,1011,27,1375,252,1364],"class_list":{"0":"post-76474","1":"post","2":"type-post","3":"status-publish","4":"format-standard","5":"has-post-thumbnail","7":"category-television","8":"tag-divertissement","9":"tag-entertainment","10":"tag-fr","11":"tag-france","12":"tag-les-feux-de-l","13":"tag-television","14":"tag-tv"},"share_on_mastodon":{"url":"https:\/\/pubeurope.com\/@fr\/114454891357798282","error":""},"_links":{"self":[{"href":"https:\/\/www.europesays.com\/fr\/wp-json\/wp\/v2\/posts\/76474","targetHints":{"allow":["GET"]}}],"collection":[{"href":"https:\/\/www.europesays.com\/fr\/wp-json\/wp\/v2\/posts"}],"about":[{"href":"https:\/\/www.europesays.com\/fr\/wp-json\/wp\/v2\/types\/post"}],"author":[{"embeddable":true,"href":"https:\/\/www.europesays.com\/fr\/wp-json\/wp\/v2\/users\/2"}],"replies":[{"embeddable":true,"href":"https:\/\/www.europesays.com\/fr\/wp-json\/wp\/v2\/comments?post=76474"}],"version-history":[{"count":0,"href":"https:\/\/www.europesays.com\/fr\/wp-json\/wp\/v2\/posts\/76474\/revisions"}],"wp:featuredmedia":[{"embeddable":true,"href":"https:\/\/www.europesays.com\/fr\/wp-json\/wp\/v2\/media\/76475"}],"wp:attachment":[{"href":"https:\/\/www.europesays.com\/fr\/wp-json\/wp\/v2\/media?parent=76474"}],"wp:term":[{"taxonomy":"category","embeddable":true,"href":"https:\/\/www.europesays.com\/fr\/wp-json\/wp\/v2\/categories?post=76474"},{"taxonomy":"post_tag","embeddable":true,"href":"https:\/\/www.europesays.com\/fr\/wp-json\/wp\/v2\/tags?post=76474"}],"curies":[{"name":"wp","href":"https:\/\/api.w.org\/{rel}","templated":true}]}}