{"id":76482,"date":"2025-05-05T11:06:08","date_gmt":"2025-05-05T11:06:08","guid":{"rendered":"https:\/\/www.europesays.com\/fr\/76482\/"},"modified":"2025-05-05T11:06:08","modified_gmt":"2025-05-05T11:06:08","slug":"om-les-olympiens-ne-retourneront-pas-a-rome-et-resteront-a-marseille","status":"publish","type":"post","link":"https:\/\/www.europesays.com\/fr\/76482\/","title":{"rendered":"OM. Les Olympiens ne retourneront pas \u00e0 Rome et resteront \u00e0 Marseille"},"content":{"rendered":"<p>L&rsquo;\u00e9tat d&rsquo;esprit affich\u00e9 par l&rsquo;\u00e9quipe marseillaise lors des<a href=\"https:\/\/www.laprovence.com\/article\/om\/5699998506465914\/direct-laprovence-direct-om-brest-victoire-imperative-pour-les-olympiens-dans-la-course-a-la-c1-suivez-lavant-match\" target=\"_blank\" rel=\"noopener\"> victoires contre Brest (4-1) <\/a>le dimanche 27 avril, puis ce <a href=\"https:\/\/www.laprovence.com\/article\/om\/1187760729376515\/lille-om-1-1-balerdi-taille-patron-gouiri-encore-a-la-finition-decouvrez-les-notes-des-olympiens\" target=\"_blank\" rel=\"noopener\">dimanche soir \u00e0 Lille (1-1)<\/a>, a confirm\u00e9 que le \u00ab\u00a0ritiro\u00a0\u00bb \u00e0 Rome avait fait du bien \u00e0 l&rsquo;OM, qui a fait bloc dans la derni\u00e8re ligne droite.<\/p>\n<p>Des effets positifs ind\u00e9niables<\/p>\n<p>Apr\u00e8s la rencontre au stade Pierre-Mauroy, Roberto De Zerbi avait laiss\u00e9 planer le doute sur une \u00e9ventuelle troisi\u00e8me semaine de stage, afin de pr\u00e9parer le d\u00e9placement au Havre. <a href=\"https:\/\/www.laprovence.com\/article\/om\/118830321967815\/lille-om-1-1-ce-sont-des-choses-qui-arrivent-cest-le-football-estime-de-zerbi-apres-lerreur-de-rulli\" target=\"_blank\" rel=\"noopener\">\u00ab\u00a0Il faut qu&rsquo;on d\u00e9cide avec les joueurs, avec le club,<\/a> expliquait l&rsquo;Italien. Je n&rsquo;ai pas d&rsquo;autre engagement, donc on peut aller \u00e0 Rome, comme \u00e0 New York, comme rester enferm\u00e9s toute la semaine, \u00e7a ne me g\u00eane pas.\u00a0\u00bb<\/p>\n<p>La d\u00e9cision a finalement \u00e9t\u00e9 prise : les Olympiens ne retourneront pas de l&rsquo;autre c\u00f4t\u00e9 des Alpes et resteront dans la cit\u00e9 phoc\u00e9enne, o\u00f9 ils travailleront toute cette semaine \u00e0 La Commanderie. Et ce, m\u00eame si plusieurs joueurs, conscients des effets positifs de cette parenth\u00e8se transalpine, n&rsquo;auraient pas vu d&rsquo;un mauvais oeil une prolongation du s\u00e9jour.<\/p>\n","protected":false},"excerpt":{"rendered":"L&rsquo;\u00e9tat d&rsquo;esprit affich\u00e9 par l&rsquo;\u00e9quipe marseillaise lors des victoires contre Brest (4-1) le dimanche 27 avril, puis ce&hellip;\n","protected":false},"author":2,"featured_media":76483,"comment_status":"","ping_status":"","sticky":false,"template":"","format":"standard","meta":{"footnotes":""},"categories":[9],"tags":[17,1011,27,151,12072,149,5261,12007,18173,3499,60],"class_list":{"0":"post-76482","1":"post","2":"type-post","3":"status-publish","4":"format-standard","5":"has-post-thumbnail","7":"category-sports","8":"tag-17","9":"tag-fr","10":"tag-france","11":"tag-les","12":"tag-olympiens","13":"tag-om","14":"tag-pas","15":"tag-resteront","16":"tag-retourneront","17":"tag-rome","18":"tag-sports"},"share_on_mastodon":{"url":"https:\/\/pubeurope.com\/@fr\/114454907070968737","error":""},"_links":{"self":[{"href":"https:\/\/www.europesays.com\/fr\/wp-json\/wp\/v2\/posts\/76482","targetHints":{"allow":["GET"]}}],"collection":[{"href":"https:\/\/www.europesays.com\/fr\/wp-json\/wp\/v2\/posts"}],"about":[{"href":"https:\/\/www.europesays.com\/fr\/wp-json\/wp\/v2\/types\/post"}],"author":[{"embeddable":true,"href":"https:\/\/www.europesays.com\/fr\/wp-json\/wp\/v2\/users\/2"}],"replies":[{"embeddable":true,"href":"https:\/\/www.europesays.com\/fr\/wp-json\/wp\/v2\/comments?post=76482"}],"version-history":[{"count":0,"href":"https:\/\/www.europesays.com\/fr\/wp-json\/wp\/v2\/posts\/76482\/revisions"}],"wp:featuredmedia":[{"embeddable":true,"href":"https:\/\/www.europesays.com\/fr\/wp-json\/wp\/v2\/media\/76483"}],"wp:attachment":[{"href":"https:\/\/www.europesays.com\/fr\/wp-json\/wp\/v2\/media?parent=76482"}],"wp:term":[{"taxonomy":"category","embeddable":true,"href":"https:\/\/www.europesays.com\/fr\/wp-json\/wp\/v2\/categories?post=76482"},{"taxonomy":"post_tag","embeddable":true,"href":"https:\/\/www.europesays.com\/fr\/wp-json\/wp\/v2\/tags?post=76482"}],"curies":[{"name":"wp","href":"https:\/\/api.w.org\/{rel}","templated":true}]}}