{"id":764821,"date":"2026-02-28T02:19:13","date_gmt":"2026-02-28T02:19:13","guid":{"rendered":"https:\/\/www.europesays.com\/fr\/764821\/"},"modified":"2026-02-28T02:19:13","modified_gmt":"2026-02-28T02:19:13","slug":"haaland-partant-guardiola-realise-le-reve-du-barca","status":"publish","type":"post","link":"https:\/\/www.europesays.com\/fr\/764821\/","title":{"rendered":"Haaland partant, Guardiola r\u00e9alise le r\u00eave du Bar\u00e7a"},"content":{"rendered":"<p><b>Pr\u00eat \u00e0 se s\u00e9parer de Robert Lewandowski, le FC Barcelone veut s&rsquo;offrir un attaquant de classe mondiale. Le r\u00eave Erling Haaland a longtemps paru inaccessible. Mais le buteur de Manchester City pourrait se rapprocher gr\u00e2ce \u00e0 son manager Pep Guardiola.<\/b><\/p>\n<p>\u00c7a part dans tous les sens au <a href=\"https:\/\/www.foot01.com\/foot-europeen\/espagne\/\" target=\"_blank\" rel=\"nofollow noopener\">FC Barcelone<\/a>. Pendant les \u00e9lections pr\u00e9sidentielles du club catalan, les candidats au tr\u00f4ne font miroiter les plus belles signatures. De Julian Alvarez \u00e0 Harry Kane, en passant par Victor Osimhen, plusieurs noms circulent \u00e0 nouveau dans l\u2019actualit\u00e9 du Bar\u00e7a. Il est vrai que les Blaugrana sont \u00e0 la recherche d\u2019un avant-centre de classe mondiale pour la saison prochaine.<\/p>\n<p>En fin de contrat \u00e0 37 ans, Robert Lewandowski se dirige vers la sortie. L\u2019ancien buteur du Bayern Munich n\u2019est plus un titulaire indiscutable et son salaire p\u00e8se sur la masse salariale. Reste \u00e0 savoir qui deviendra son successeur \u00e0 Barcelone. Dans ses r\u00eaves les plus fous, le pr\u00e9sident sortant Joan Laporta se voyait poser pour la photo \u00e0 c\u00f4t\u00e9 d\u2019Erling Haaland. Mais le co\u00fbt d\u2019une telle op\u00e9ration n\u2019est pas compatible avec les finances du Bar\u00e7a qui doit aussi trouver les arguments pour convaincre le Norv\u00e9gien de quitter les Skyblues. Et si le champion d\u2019Espagne recevait un coup de pouce de la part de Pep Guardiola ?<\/p>\n<p>D\u2019apr\u00e8s The Sun, le manager de Manchester City, bien que sous contrat jusqu\u2019en 2027, sent bel et bien la fin d\u2019un cycle. L\u2019Espagnol pourrait pr\u00e9senter sa d\u00e9mission au terme de la saison. Peut-\u00eatre une bonne nouvelle pour le Bar\u00e7a, non pas en vue d\u2019une nouvelle collaboration avec son ancien entra\u00eeneur, mais plut\u00f4t pour l\u2019avenir d\u2019Erling Haaland. Le possible d\u00e9part de Pep Guardiola incite effectivement le Cyborg \u00e0 r\u00e9fl\u00e9chir \u00e0 son avenir, indique El Nacional. Une ouverture se dessine, m\u00eame si l\u2019on voit mal comment le Bar\u00e7a peut payer le transfert d\u2019un des joueurs les plus cot\u00e9s sur le march\u00e9.<\/p>\n","protected":false},"excerpt":{"rendered":"Pr\u00eat \u00e0 se s\u00e9parer de Robert Lewandowski, le FC Barcelone veut s&rsquo;offrir un attaquant de classe mondiale. Le&hellip;\n","protected":false},"author":2,"featured_media":764822,"comment_status":"","ping_status":"","sticky":false,"template":"","format":"standard","meta":{"footnotes":""},"categories":[1410],"tags":[63,1011,27,453,1434,60],"class_list":{"0":"post-764821","1":"post","2":"type-post","3":"status-publish","4":"format-standard","5":"has-post-thumbnail","7":"category-football","8":"tag-football","9":"tag-fr","10":"tag-france","11":"tag-liga","12":"tag-mercato","13":"tag-sports"},"share_on_mastodon":{"url":"https:\/\/pubeurope.com\/@fr\/116145865848646806","error":""},"_links":{"self":[{"href":"https:\/\/www.europesays.com\/fr\/wp-json\/wp\/v2\/posts\/764821","targetHints":{"allow":["GET"]}}],"collection":[{"href":"https:\/\/www.europesays.com\/fr\/wp-json\/wp\/v2\/posts"}],"about":[{"href":"https:\/\/www.europesays.com\/fr\/wp-json\/wp\/v2\/types\/post"}],"author":[{"embeddable":true,"href":"https:\/\/www.europesays.com\/fr\/wp-json\/wp\/v2\/users\/2"}],"replies":[{"embeddable":true,"href":"https:\/\/www.europesays.com\/fr\/wp-json\/wp\/v2\/comments?post=764821"}],"version-history":[{"count":0,"href":"https:\/\/www.europesays.com\/fr\/wp-json\/wp\/v2\/posts\/764821\/revisions"}],"wp:featuredmedia":[{"embeddable":true,"href":"https:\/\/www.europesays.com\/fr\/wp-json\/wp\/v2\/media\/764822"}],"wp:attachment":[{"href":"https:\/\/www.europesays.com\/fr\/wp-json\/wp\/v2\/media?parent=764821"}],"wp:term":[{"taxonomy":"category","embeddable":true,"href":"https:\/\/www.europesays.com\/fr\/wp-json\/wp\/v2\/categories?post=764821"},{"taxonomy":"post_tag","embeddable":true,"href":"https:\/\/www.europesays.com\/fr\/wp-json\/wp\/v2\/tags?post=764821"}],"curies":[{"name":"wp","href":"https:\/\/api.w.org\/{rel}","templated":true}]}}