{"id":764842,"date":"2026-02-28T02:31:27","date_gmt":"2026-02-28T02:31:27","guid":{"rendered":"https:\/\/www.europesays.com\/fr\/764842\/"},"modified":"2026-02-28T02:31:27","modified_gmt":"2026-02-28T02:31:27","slug":"un-chien-sauve-sa-proprietaire-dune-tentative-denlevement-en-espagne-en-attaquant-le-ravisseur-quatre-hommes-arretes","status":"publish","type":"post","link":"https:\/\/www.europesays.com\/fr\/764842\/","title":{"rendered":"Un chien sauve sa propri\u00e9taire d\u2019une tentative d\u2019enl\u00e8vement en Espagne en attaquant le ravisseur, quatre hommes arr\u00eat\u00e9s"},"content":{"rendered":"<p>Une habitante de Poliny\u00e0 del X\u00faquer, dans la province de Valence (<a href=\"https:\/\/www.20minutes.fr\/dossier\/espagne\" class=\"c-link c-link--is-underlined\" rel=\"nofollow noopener\" target=\"_blank\">Espagne<\/a>), a \u00e9chapp\u00e9 \u00e0 une tentative d\u2019enl\u00e8vement le 30\u00a0octobre. Selon un communiqu\u00e9 de la <a href=\"https:\/\/www.20minutes.fr\/dossier\/police\" class=\"c-link c-link--is-underlined\" rel=\"nofollow noopener\" target=\"_blank\">police<\/a> locale, elle a pu \u00eatre sauv\u00e9e par son <a href=\"https:\/\/www.20minutes.fr\/dossier\/chien\" class=\"c-link c-link--is-underlined\" rel=\"nofollow noopener\" target=\"_blank\">chien<\/a>, qui a attaqu\u00e9 l\u2019un de ses agresseurs. Quatre suspects ont \u00e9t\u00e9 interpell\u00e9s depuis, rapporte <a href=\"https:\/\/elpais.com\/espana\/comunidad-valenciana\/2026-02-26\/vente-conmigo-un-perro-evita-el-secuestro-de-una-mujer-en-valencia-al-morder-a-uno-de-los-atacantes.html\" rel=\"nofollow noopener\" target=\"_blank\" class=\"c-link c-link--is-underlined\">El Pais<\/a> ce jeudi.<\/p>\n<p>La victime a racont\u00e9 avoir entendu un bruit devant sa porte d\u2019entr\u00e9e. Lorsqu\u2019elle a ouvert, un homme a fait irruption et l\u2019a violemment pouss\u00e9e. Il l\u2019a ensuite saisie par le bras et a cri\u00e9 \u00ab\u00a0Viens avec moi\u00a0!\u00a0\u00bb, avec un accent d\u2019Europe de l\u2019Est. C\u2019est \u00e0 ce moment-l\u00e0 que le chien lui a saut\u00e9 dessus et l\u2019a mordu \u00e0 la jambe, faisant fuir le ravisseur. Transport\u00e9e \u00e0 l\u2019h\u00f4pital, l\u2019habitante avait \u00e9t\u00e9 bless\u00e9e aux l\u00e8vres, aux bras et au coude.<\/p>\n<p>Trois hommes arr\u00eat\u00e9s dans la m\u00eame commune<\/p>\n<p>Gr\u00e2ce aux images de <a href=\"https:\/\/www.20minutes.fr\/dossier\/videosurveillance\" class=\"c-link c-link--is-underlined\" rel=\"nofollow noopener\" target=\"_blank\">vid\u00e9osurveillance<\/a>, les enqu\u00eateurs ont pu \u00e9tablir que l\u2019<a href=\"https:\/\/www.20minutes.fr\/dossier\/enlevement\" class=\"c-link c-link--is-underlined\" rel=\"nofollow noopener\" target=\"_blank\">enl\u00e8vement<\/a> avait \u00e9t\u00e9 pr\u00e9par\u00e9 par quatre hommes arriv\u00e9s cagoul\u00e9s. Alert\u00e9 par les cris de la victime, un policier avait notamment r\u00e9ussi \u00e0 relever la plaque d\u2019immatriculation de leur v\u00e9hicule. Celui-ci avait \u00e9t\u00e9 lou\u00e9 aupr\u00e8s d\u2019une soci\u00e9t\u00e9 par un habitant d\u2019Algemes\u00ed, une commune voisine. La <a href=\"https:\/\/www.20minutes.fr\/dossier\/voiture\" class=\"c-link c-link--is-underlined\" rel=\"nofollow noopener\" target=\"_blank\">voiture<\/a> a \u00e9t\u00e9 retrouv\u00e9e plus tard incendi\u00e9e et sans plaques d\u2019immatriculation dans la m\u00eame r\u00e9gion.<\/p>\n<\/p>\n<p>Le locataire du v\u00e9hicule avait d\u00e9clar\u00e9 le vol, mais ses explications ont \u00e9t\u00e9 jug\u00e9es incoh\u00e9rentes par les forces de l\u2019ordre. Il s\u2019est av\u00e9r\u00e9 qu\u2019il l\u2019avait lou\u00e9 pour son neveu de 21 ans qui n\u2019avait pas de <a href=\"https:\/\/www.20minutes.fr\/dossier\/permis_de_conduire\" class=\"c-link c-link--is-underlined\" rel=\"nofollow noopener\" target=\"_blank\">permis de conduire<\/a>, et c\u2019est ce dernier qui avait signal\u00e9 le vol. Il a \u00e9t\u00e9 identifi\u00e9 sur les images de vid\u00e9osurveillance car il poss\u00e9dait exactement les m\u00eames v\u00eatements que l\u2019un des agresseurs. Il a \u00e9t\u00e9 interpell\u00e9 en novembre. En enqu\u00eatant sur son entourage, les policiers ont retrouv\u00e9 deux autres suspects \u00e2g\u00e9s de 20 et 21 ans gr\u00e2ce \u00e0 la description physique et vestimentaire des malfaiteurs. Ces deux Espagnols r\u00e9sidant dans la m\u00eame commune que le premier ont \u00e9t\u00e9 arr\u00eat\u00e9s le mois suivant.<\/p>\n<p>Un Ukrainien engag\u00e9 pour l\u2019enl\u00e8vement<\/p>\n<p>\u00c0 ce moment-l\u00e0, il ne restait plus qu\u2019\u00e0 retrouver le ravisseur avec l\u2019accent des pays de l\u2019Est. Pour ce faire, les autorit\u00e9s ont cherch\u00e9 dans les h\u00f4pitaux si un patient s\u2019\u00e9tait pr\u00e9sent\u00e9 avec une morsure \u00e0 la jambe. Une clinique de Valence a alors \u00e9voqu\u00e9 un homme correspondant \u00e0 la description, mais qui n\u2019avait pas laiss\u00e9 son <a href=\"https:\/\/www.20minutes.fr\/dossier\/identite\" class=\"c-link c-link--is-underlined\" rel=\"nofollow noopener\" target=\"_blank\">identit\u00e9<\/a>. En consultant les registres des habitants de Valence originaires d\u2019Europe de l\u2019Est et \u00e2g\u00e9s de 30 \u00e0 45 ans, les policiers ont pu pr\u00e9senter des photos \u00e0 la victime, qui a formellement reconnu son agresseur. Il s\u2019agissait d\u2019un Ukrainien de 40 ans qui pr\u00e9sentait encore des traces de morsure \u00e0 la jambe malgr\u00e9 la p\u00e9riode qui s\u2019\u00e9tait \u00e9coul\u00e9e.<\/p>\n<p>D\u2019apr\u00e8s la police, les trois premiers suspects savaient probablement que le compagnon de la victime avait un niveau de vie \u00e9lev\u00e9 et ont engag\u00e9 le quatri\u00e8me pour enlever sa femme. Les quatre mis en cause sont poursuivis pour participation \u00e0 une organisation criminelle, enl\u00e8vement et d\u00e9gradation de v\u00e9hicule.<\/p>\n","protected":false},"excerpt":{"rendered":"Une habitante de Poliny\u00e0 del X\u00faquer, dans la province de Valence (Espagne), a \u00e9chapp\u00e9 \u00e0 une tentative d\u2019enl\u00e8vement&hellip;\n","protected":false},"author":2,"featured_media":764843,"comment_status":"","ping_status":"","sticky":false,"template":"","format":"standard","meta":{"footnotes":"","_share_on_mastodon":"0"},"categories":[5],"tags":[47,11,1867,4850,2716,1067,123,1011,27,14,34287,74,12,28],"class_list":["post-764842","post","type-post","status-publish","format-standard","has-post-thumbnail","category-international","tag-actualite","tag-actualites","tag-animaux","tag-chien","tag-enlevement","tag-enquete","tag-espagne","tag-fr","tag-france","tag-international","tag-kidnapping","tag-monde","tag-news","tag-world"],"share_on_mastodon":{"url":"https:\/\/pubeurope.com\/@fr\/116145912967581095","error":""},"_links":{"self":[{"href":"https:\/\/www.europesays.com\/fr\/wp-json\/wp\/v2\/posts\/764842","targetHints":{"allow":["GET"]}}],"collection":[{"href":"https:\/\/www.europesays.com\/fr\/wp-json\/wp\/v2\/posts"}],"about":[{"href":"https:\/\/www.europesays.com\/fr\/wp-json\/wp\/v2\/types\/post"}],"author":[{"embeddable":true,"href":"https:\/\/www.europesays.com\/fr\/wp-json\/wp\/v2\/users\/2"}],"replies":[{"embeddable":true,"href":"https:\/\/www.europesays.com\/fr\/wp-json\/wp\/v2\/comments?post=764842"}],"version-history":[{"count":0,"href":"https:\/\/www.europesays.com\/fr\/wp-json\/wp\/v2\/posts\/764842\/revisions"}],"wp:featuredmedia":[{"embeddable":true,"href":"https:\/\/www.europesays.com\/fr\/wp-json\/wp\/v2\/media\/764843"}],"wp:attachment":[{"href":"https:\/\/www.europesays.com\/fr\/wp-json\/wp\/v2\/media?parent=764842"}],"wp:term":[{"taxonomy":"category","embeddable":true,"href":"https:\/\/www.europesays.com\/fr\/wp-json\/wp\/v2\/categories?post=764842"},{"taxonomy":"post_tag","embeddable":true,"href":"https:\/\/www.europesays.com\/fr\/wp-json\/wp\/v2\/tags?post=764842"}],"curies":[{"name":"wp","href":"https:\/\/api.w.org\/{rel}","templated":true}]}}