{"id":76514,"date":"2025-05-05T11:25:10","date_gmt":"2025-05-05T11:25:10","guid":{"rendered":"https:\/\/www.europesays.com\/fr\/76514\/"},"modified":"2025-05-05T11:25:10","modified_gmt":"2025-05-05T11:25:10","slug":"on-a-teste-les-nouvelles-recettes-de-matteo-saccomandi-chef-du-restaurant-la-cocotte-disidore","status":"publish","type":"post","link":"https:\/\/www.europesays.com\/fr\/76514\/","title":{"rendered":"on a test\u00e9 les nouvelles recettes de Matteo Saccomandi, chef du restaurant La Cocotte d&rsquo;Isidore"},"content":{"rendered":"<p>            Par<br \/>\n        <strong><br \/>\n            <a href=\"https:\/\/actu.fr\/auteur\/clemence-pays02-actu-fr\" title=\"Consulter tous les articles de Cl\u00e9mence Pays\" target=\"_blank\" rel=\"noopener\">Cl\u00e9mence Pays<\/a><br \/>\n        <\/strong><\/p>\n<p>        Publi\u00e9 le<\/p>\n<p>            5 mai 2025 \u00e0 13h03        <\/p>\n<p>C\u2019est pour d\u00e9couvrir la<strong> nouvelle carte<\/strong> du restaurant <strong>La Cocotte d\u2019Isidore,<\/strong> que la r\u00e9daction d\u2019<a href=\"https:\/\/actu.fr\/rennes\/\" target=\"_blank\" rel=\"noopener\">actu Rennes<\/a> s\u2019est rendue dans l\u2019h\u00f4tel quatre \u00e9toiles, Best Western Plus H\u00f4tel Isidore, dans le quartier de la Courrouze.<\/p>\n<p class=\" wall-content\">Ainsi, pour le printemps, asperges, fraises de Plougastel ou encore tomates cerises ont \u00e9t\u00e9 travaill\u00e9es par <strong>le chef Matteo Saccomandi,<\/strong> qui a \u00e0 c\u0153ur de proposer une cuisine mettant en avant <strong>les produits de saison.<\/strong><\/p>\n<p>Plats de bistrots et recettes originales<\/p>\n<p class=\" wall-content\">Pour satisfaire tant les habitu\u00e9s des d\u00e9jeuners d\u2019affaires que les couples venus partager un moment \u00e0 deux, le restaurant s\u2019est positionn\u00e9 sur le cr\u00e9neau de la <strong>cuisine bistronomique.<\/strong><\/p>\n<p class=\" wall-content\">Il y a donc le menu du chef, avec des<strong> plats originaux,<\/strong> retravaillant des classiques de la cuisine fran\u00e7aise, comme l\u2019\u0153uf parfait, et italienne, avec les cannellonis.<\/p>\n<p>      <img   decoding=\"async\" loading=\"lazy\" src=\"https:\/\/www.europesays.com\/fr\/wp-content\/uploads\/2025\/05\/8-cannellonis-repas-plats-menu-matteo-saccomandi-chef-la-cocotte-disidore-restaurant-hotel-best-west.jpeg\" alt=\"Cannellonis gratin\u00e9s, mozzarella, parmesan, ricotta aux herbes, \u00e9pices et sauce tomate cerise r\u00f4tie.\" width=\"960\" height=\"640\"\/><br \/>\n    Cannellonis gratin\u00e9s, mozzarella, parmesan, ricotta aux herbes, \u00e9pices et sauce tomate cerise r\u00f4tie. Les photos pr\u00e9sentent des versions r\u00e9duites des plats, permettant de tester l\u2019int\u00e9gralit\u00e9 de la carte. (\u00a9 Cl\u00e9mence Pays\/actu Rennes)<\/p>\n<p class=\" wall-content\">\u00ab\u2009On a aussi des <strong>plats de bistrots<\/strong> plus classiques, comme le fish\u2019n\u2019chips. Quand le temps le permet, nous avons le brasero et en hiver la r\u00f4tissoire\u2009\u00bb, d\u00e9taille Brune Llopis, directrice de l\u2019\u00e9tablissement.<\/p>\n<p>Ce qu&rsquo;en ont pens\u00e9 les journalistes d&rsquo;actu Rennes<\/p>\n<p>\u00ab\u00a0Des plats tr\u00e8s esth\u00e9tiques, avec un mariage des saveurs bien pens\u00e9.\u00a0\u00bb &#8211; Brian Le Goff<br \/>\u00ab\u00a0Les recettes sont go\u00fbteuses et l\u00e9g\u00e8res, tout en \u00e9tant gourmandes, en m\u00ealant saveurs et textures diff\u00e9rentes.\u00a0\u00bb &#8211; Cl\u00e9mence Pays<\/p>\n<p class=\" wall-content\">Pour d\u00e9guster ces recettes, les clients ont le choix\u2009:<strong> la terrasse ou la salle<\/strong>\u00a0avec vue sur la cuisine.<\/p>\n<p>      <img   decoding=\"async\" loading=\"lazy\" src=\"https:\/\/www.europesays.com\/fr\/wp-content\/uploads\/2025\/05\/4-matteo-saccomandi-chef-la-cocotte-disidore-restaurant-hotel-best-western-la-courrouze-saint-jacque.jpeg\" alt=\"La cuisine ouverte du restaurant La Cocotte d'Isidore donne directement sur la salle. \" width=\"960\" height=\"640\"\/><br \/>\n    La cuisine ouverte du restaurant La Cocotte d\u2019Isidore donne directement sur la salle. Les photos pr\u00e9sentent des versions r\u00e9duites des plats, permettant de tester l\u2019int\u00e9gralit\u00e9 de la carte. (\u00a9 Cl\u00e9mence Pays\/actu Rennes)<\/p>\n<p class=\" wall-content\">Le service, de qualit\u00e9, effectu\u00e9 par quatre personnes veut respecter les codes de la restauration haut de gamme <strong>sans \u00eatre guind\u00e9,<\/strong> d\u00e9voile la directrice d\u2019\u00e9tablissement.<\/p>\n<p>Un m\u00e9lange de couleurs et de saveurs<\/p>\n<p class=\" wall-content\"><strong>La carte change \u00e0 chaque saison,<\/strong> une consid\u00e9ration \u00ab\u2009\u00e9thique\u2009\u00bb, pour le chef Matteo Saccomandi, qui souhaite proposer une cuisine en ad\u00e9quation avec la pr\u00e9servation de l\u2019environnement.<\/p>\n<p class=\" wall-content\">En entr\u00e9e, nous avons par exemple pu go\u00fbter une recette qui allie sucr\u00e9 et sal\u00e9 avec un <strong>carpaccio de b\u0153uf,<\/strong> tartare de tomates, fraises de Plougastel et copeaux de parmesan.<\/p>\n<p class=\" wall-content\">En plat, le chef a pu nous surprendre avec <strong>un filet de Saint-Pierre<\/strong> en cro\u00fbte d\u2019herbes et noix de p\u00e9can, une pur\u00e9e de petits pois, et un beurre blanc revisit\u00e9 avec une touche de rhubarbe.<\/p>\n<p>      <img   decoding=\"async\" loading=\"lazy\" src=\"https:\/\/www.europesays.com\/fr\/wp-content\/uploads\/2025\/05\/5-dessert-repas-plats-menu-matteo-saccomandi-chef-la-cocotte-disidore-restaurant-hotel-best-western-.jpeg\" alt=\"dessert\" width=\"960\" height=\"640\"\/><br \/>\n    Parmi les desserts propos\u00e9s, le chef a pr\u00e9sent\u00e9 des cacahu\u00e8tes fa\u00e7on bavaroise. Les photos pr\u00e9sentent des versions r\u00e9duites des plats, permettant de tester l\u2019int\u00e9gralit\u00e9 de la carte. (\u00a9 Cl\u00e9mence Pays\/actu Rennes)<\/p>\n<p class=\" wall-content\">Pour le dessert, la<strong> salade de fraises<\/strong> de Plougastel ou encore la panna cotta mont\u00e9e ont ravi les papilles des becs sucr\u00e9s.<\/p>\n<p class=\" wall-content\">Chacune de ces recettes nous a s\u00e9duites tant par les couleurs et la pr\u00e9sentation globale des assiettes que par les<strong> saveurs tant\u00f4t famili\u00e8res, tant\u00f4t plus surprenantes.<\/strong><\/p>\n<p class=\" wall-content\">C\u00f4t\u00e9 budget, il faut compter entre 8 et 11\u00a0euros pour une entr\u00e9e\u2009; entre 16 et 29\u00a0euros pour un plat et entre 8 et 10,50\u00a0euros pour un dessert. Le midi, une formule entr\u00e9e\/plat ou plat\/dessert est propos\u00e9e \u00e0<strong> 21\u00a0euros.<\/strong> Le menu d\u00e9jeuner entr\u00e9e\/plat\/dessert est \u00e0 25\u00a0euros.<\/p>\n<p><strong>Infos pratiques\u2009:<\/strong><br \/>La Cocotte d\u2019Isidore, 5 avenue Germaine-Tillon, Saint-Jacques-de-la-Lande.<br \/>Acc\u00e8s m\u00e9tro\u2009: ligne B arr\u00eat Saint-Jacques-Ga\u00eet\u00e9. Pour les voitures parking disponible sur place.<br \/>Horaires\u2009: d\u00e9jeuner du lundi au vendredi, de 12\u2009h \u00e0 14\u2009h\u2009; d\u00eener, du lundi au jeudi, de 19\u2009h \u00e0 22\u2009h. Ouverture possible le vendredi soir et le week-end, selon la demande et la disponibilit\u00e9 du lieu.<br \/>Contact\u2009: 02\u200999\u200905\u200972\u200900.<\/p>\n<p class=\" wall-content\">La r\u00e9daction a \u00e9t\u00e9 invit\u00e9e par le restaurant. Les photos pr\u00e9sentent des versions r\u00e9duites des plats, permettant de tester l\u2019int\u00e9gralit\u00e9 de la carte.<\/p>\n<p class=\" wall-content\">Pour suivre toute l\u2019actualit\u00e9 des restaurants \u00e0 Rennes, rendez-vous sur <a href=\"https:\/\/actu.fr\/tag\/restos-de-rennes\" target=\"_blank\" rel=\"noopener\">notre page d\u00e9di\u00e9e<\/a>.<\/p>\n<p class=\" wall-content\">Suivez toute l\u2019actualit\u00e9 de vos villes et m\u00e9dias favoris en vous inscrivant \u00e0 <a href=\"https:\/\/moncompte.actu.fr\" title=\"D\u00e9couvez Mon Actu\" rel=\"nofollow noopener\" data-trk=\"{&quot;cta&quot;:{&quot;action&quot;:&quot;https:\\\/\\\/moncompte.actu.fr&quot;,&quot;category&quot;:&quot;mon compte&quot;,&quot;from&quot;:&quot;article footer&quot;,&quot;name&quot;:&quot;Mon actu&quot;,&quot;type&quot;:&quot;cta&quot;}}\" target=\"_blank\">Mon Actu<\/a>.<\/p>\n<ul class=\"ac-article-tag wall-content\">\n<li><a href=\"https:\/\/actu.fr\/tag\/restaurant\" data-trk=\"{&quot;cta&quot;:{&quot;action&quot;:&quot;Restaurant&quot;,&quot;category&quot;:&quot;tag&quot;,&quot;from&quot;:&quot;article footer&quot;,&quot;name&quot;:&quot;Restaurant&quot;,&quot;type&quot;:&quot;cta&quot;}}\" target=\"_blank\" rel=\"noopener\">#Restaurant<\/a><\/li>\n<li><a href=\"https:\/\/actu.fr\/tag\/restos-de-rennes\" data-trk=\"{&quot;cta&quot;:{&quot;action&quot;:&quot;Restos de Rennes&quot;,&quot;category&quot;:&quot;tag&quot;,&quot;from&quot;:&quot;article footer&quot;,&quot;name&quot;:&quot;Restos de Rennes&quot;,&quot;type&quot;:&quot;cta&quot;}}\" target=\"_blank\" rel=\"noopener\">#Restos de Rennes<\/a><\/li>\n<\/ul>\n","protected":false},"excerpt":{"rendered":"Par Cl\u00e9mence Pays Publi\u00e9 le 5 mai 2025 \u00e0 13h03 C\u2019est pour d\u00e9couvrir la nouvelle carte du restaurant&hellip;\n","protected":false},"author":2,"featured_media":76515,"comment_status":"","ping_status":"","sticky":false,"template":"","format":"standard","meta":{"footnotes":""},"categories":[2821],"tags":[1111,11,829,1777,674,1011,27,1305,12,584,25,1340,10619],"class_list":{"0":"post-76514","1":"post","2":"type-post","3":"status-publish","4":"format-standard","5":"has-post-thumbnail","7":"category-rennes","8":"tag-actu","9":"tag-actualites","10":"tag-bretagne","11":"tag-eu","12":"tag-europe","13":"tag-fr","14":"tag-france","15":"tag-lifestyle","16":"tag-news","17":"tag-rennes","18":"tag-republique-francaise","19":"tag-restaurant","20":"tag-restos-de-rennes"},"share_on_mastodon":{"url":"https:\/\/pubeurope.com\/@fr\/114454981821511243","error":""},"_links":{"self":[{"href":"https:\/\/www.europesays.com\/fr\/wp-json\/wp\/v2\/posts\/76514","targetHints":{"allow":["GET"]}}],"collection":[{"href":"https:\/\/www.europesays.com\/fr\/wp-json\/wp\/v2\/posts"}],"about":[{"href":"https:\/\/www.europesays.com\/fr\/wp-json\/wp\/v2\/types\/post"}],"author":[{"embeddable":true,"href":"https:\/\/www.europesays.com\/fr\/wp-json\/wp\/v2\/users\/2"}],"replies":[{"embeddable":true,"href":"https:\/\/www.europesays.com\/fr\/wp-json\/wp\/v2\/comments?post=76514"}],"version-history":[{"count":0,"href":"https:\/\/www.europesays.com\/fr\/wp-json\/wp\/v2\/posts\/76514\/revisions"}],"wp:featuredmedia":[{"embeddable":true,"href":"https:\/\/www.europesays.com\/fr\/wp-json\/wp\/v2\/media\/76515"}],"wp:attachment":[{"href":"https:\/\/www.europesays.com\/fr\/wp-json\/wp\/v2\/media?parent=76514"}],"wp:term":[{"taxonomy":"category","embeddable":true,"href":"https:\/\/www.europesays.com\/fr\/wp-json\/wp\/v2\/categories?post=76514"},{"taxonomy":"post_tag","embeddable":true,"href":"https:\/\/www.europesays.com\/fr\/wp-json\/wp\/v2\/tags?post=76514"}],"curies":[{"name":"wp","href":"https:\/\/api.w.org\/{rel}","templated":true}]}}