{"id":76616,"date":"2025-05-05T12:18:10","date_gmt":"2025-05-05T12:18:10","guid":{"rendered":"https:\/\/www.europesays.com\/fr\/76616\/"},"modified":"2025-05-05T12:18:10","modified_gmt":"2025-05-05T12:18:10","slug":"economie-americaine-donald-trump-sattribue-les-bons-cotes-et-rejette-la-faute-sur-joe-biden-pour-les-mauvais-05-05-2025-a-1259","status":"publish","type":"post","link":"https:\/\/www.europesays.com\/fr\/76616\/","title":{"rendered":"\u00c9conomie am\u00e9ricaine : Donald Trump s&rsquo;attribue \u00ab\u00a0les bons c\u00f4t\u00e9s\u00a0\u00bb et rejette la faute sur Joe Biden pour les \u00ab\u00a0mauvais\u00a0\u00bb &#8211; 05\/05\/2025 \u00e0 12:59"},"content":{"rendered":"<p> \u00ab\u00a0C&rsquo;est une p\u00e9riode de transition, a promis le pr\u00e9sident am\u00e9ricain, qui anticipe \u00ab\u00a0le plus grand boom \u00e9conomique de l&rsquo;histoire\u00a0\u00bb gr\u00e2ce \u00e0 ses choix politiques.<\/p>\n<p>        <img fetchpriority=\"high\" decoding=\"async\" src=\"https:\/\/www.europesays.com\/fr\/wp-content\/uploads\/2025\/05\/4df4e07d971d7ca2c6832959ddb6ac0e-760x496.jpg\" alt=\"Donald Trump \u00e0 Washington, aux \u00c9tats-Unis, le 4 mai 2025. ( AFP \/ ALEX WROBLEWSKI )\" loading=\"eager\" width=\"760\" height=\"496\" style=\"max-width: 100%!important; height: auto;\"\/><\/p>\n<p class=\"c-image-news__legend\">Donald Trump \u00e0 Washington, aux \u00c9tats-Unis, le 4 mai 2025. ( AFP \/ ALEX WROBLEWSKI )<\/p>\n<p>\n Si certains aspects de l&rsquo;\u00e9conomie am\u00e9ricaine affichent de couleurs, c&rsquo;est bien gr\u00e2ce \u00e0 lui, a assur\u00e9 Donald Trump dimanche 5 mai. Mais si d&rsquo;autres indicateurs sont en berne, c&rsquo;est par contre de la faute de son pr\u00e9d\u00e9cesseur Joe Biden qui \u00ab\u00a0a fait un travail terrible\u00a0\u00bb.\n<\/p>\n<p>\n <strong><br \/>\n  \u00ab\u00a0En fin de compte, j&rsquo;assume la responsabilit\u00e9 de tout.<br \/>\n <\/strong><br \/>\n Mais je ne suis l\u00e0 que depuis un peu plus de trois mois\u00a0\u00bb, a assur\u00e9 le pr\u00e9sident am\u00e9ricain lors d&rsquo;une interview sur<\/p>\n<p>  NBC<\/p>\n<p> <strong><br \/>\n  .<br \/>\n <\/strong>\n<\/p>\n<p>\n <strong><br \/>\n  Selon lui, l&rsquo;\u00e9conomie am\u00e9ricaine refl\u00e8te \u00ab\u00a0pour certains aspects\u00a0\u00bb sa politique. \u00ab\u00a0J&rsquo;ai r\u00e9ussi \u00e0 faire baisser les prix\u00a0\u00bb<br \/>\n <\/strong><br \/>\n , a soutenu Donald Trump, en d\u00e9fendant la guerre commerciale qu&rsquo;il a lanc\u00e9e depuis son retour \u00e0 la Maison Blanche.\n<\/p>\n<p>\n Si les barom\u00e8tres \u00e9conomiques r\u00e9guliers montrent une nervosit\u00e9 croissante,<br \/>\n <strong><br \/>\n  les indicateurs officiels restent contenus<br \/>\n <\/strong><br \/>\n (4,2% de ch\u00f4mage en avril, 2,3% d&rsquo;inflation en mars, l\u00e9g\u00e8rement au-dessus de la cible de la banque centrale am\u00e9ricaine). Les responsables de la R\u00e9serve f\u00e9d\u00e9rale (Fed) ont cependant d\u00e9grad\u00e9 leurs pr\u00e9visions pour la premi\u00e8re \u00e9conomie mondiale, anticipant moins de croissance, plus d&rsquo;inflation et de ch\u00f4mage.\n<\/p>\n<p> \u00ab\u00a0Je pense que \u00e7a va super bien se passer\u00a0\u00bb<\/p>\n<p>\n Interrog\u00e9 sur le risque d&rsquo;une r\u00e9cession aux \u00c9tats-Unis, le pr\u00e9sident am\u00e9ricain a r\u00e9pondu :<br \/>\n <strong><br \/>\n  \u00ab\u00a0Tout peut se passer\u00a0\u00bb.<br \/>\n <\/strong>\n<\/p>\n<p>\n <strong><br \/>\n  \u00ab\u00a0C&rsquo;est une p\u00e9riode de transition, et je pense que \u00e7a va super bien se passer\u00a0\u00bb<br \/>\n <\/strong><br \/>\n , a ajout\u00e9 le dirigeant am\u00e9ricain, anticipant \u00ab\u00a0le plus grand boom \u00e9conomique de l&rsquo;histoire\u00a0\u00bb gr\u00e2ce \u00e0 ses choix politiques.\n<\/p>\n<p>\n Concernant P\u00e9kin, vers qui Donald Trump concentre ses fl\u00e8ches en imposant une surtaxe de 145% sur les produits \u00ab\u00a0made in China\u00a0\u00bb,<br \/>\n <strong><br \/>\n  \u00ab\u00a0nous avons essentiellement rompu les relations commerciales en imposant des droits de douane aussi \u00e9lev\u00e9s\u00a0\u00bb<br \/>\n <\/strong><br \/>\n , a rappel\u00e9 le locataire de la Maison Blanche. \u00ab\u00a0Et ce n&rsquo;est pas grave\u00a0\u00bb, a-t-il ajout\u00e9, assurant toutefois vouloir abaisser ces droits de douane \u00ab\u00a0\u00e0 un moment donn\u00e9\u00a0\u00bb.\n<\/p>\n<p>\n Critique acerbe du patron de la Fed Jerome Powell, Donald Trump a r\u00e9p\u00e9t\u00e9 dimanche qu&rsquo;il \u00ab\u00a0devrait baisser les taux d&rsquo;int\u00e9r\u00eat\u00a0\u00bb et qu&rsquo;il s&rsquo;agissait du \u00ab\u00a0moment id\u00e9al\u00a0\u00bb.\n<\/p>\n<p>\n L&rsquo;issue de la r\u00e9union de la R\u00e9serve f\u00e9d\u00e9rale, programm\u00e9e mardi et mercredi, ne fait gu\u00e8re de doute aux yeux de l&rsquo;immense majorit\u00e9 des acteurs de la finance. L&rsquo;institution mon\u00e9taire devrait laisser ses taux au niveau qui est le leur depuis d\u00e9cembre, dans une fourchette comprise entre 4,25% et 4,50%.\n<\/p>\n<p>\n Le pr\u00e9sident am\u00e9ricain a aussi de nouveau assur\u00e9 qu&rsquo;il ne chercherait pas \u00e0 faire partir Jerome Powell avant la fin de son second mandat, qui doit s&rsquo;achever en mai 2026.<\/p>\n","protected":false},"excerpt":{"rendered":"\u00ab\u00a0C&rsquo;est une p\u00e9riode de transition, a promis le pr\u00e9sident am\u00e9ricain, qui anticipe \u00ab\u00a0le plus grand boom \u00e9conomique de&hellip;\n","protected":false},"author":2,"featured_media":76617,"comment_status":"","ping_status":"","sticky":false,"template":"","format":"standard","meta":{"footnotes":""},"categories":[6],"tags":[400,398,408,35,405,33,34,1011,27,403,402,399,404,401,406,407],"class_list":{"0":"post-76616","1":"post","2":"type-post","3":"status-publish","4":"format-standard","5":"has-post-thumbnail","7":"category-economie","8":"tag-action-cac-40","9":"tag-bourse-de-paris","10":"tag-boursorama","11":"tag-business","12":"tag-cotations","13":"tag-economie","14":"tag-economy","15":"tag-fr","16":"tag-france","17":"tag-indices-devises","18":"tag-investir","19":"tag-investissement","20":"tag-marche-boursier","21":"tag-sicav","22":"tag-trackers","23":"tag-warrants"},"share_on_mastodon":{"url":"https:\/\/pubeurope.com\/@fr\/114455190194232363","error":""},"_links":{"self":[{"href":"https:\/\/www.europesays.com\/fr\/wp-json\/wp\/v2\/posts\/76616","targetHints":{"allow":["GET"]}}],"collection":[{"href":"https:\/\/www.europesays.com\/fr\/wp-json\/wp\/v2\/posts"}],"about":[{"href":"https:\/\/www.europesays.com\/fr\/wp-json\/wp\/v2\/types\/post"}],"author":[{"embeddable":true,"href":"https:\/\/www.europesays.com\/fr\/wp-json\/wp\/v2\/users\/2"}],"replies":[{"embeddable":true,"href":"https:\/\/www.europesays.com\/fr\/wp-json\/wp\/v2\/comments?post=76616"}],"version-history":[{"count":0,"href":"https:\/\/www.europesays.com\/fr\/wp-json\/wp\/v2\/posts\/76616\/revisions"}],"wp:featuredmedia":[{"embeddable":true,"href":"https:\/\/www.europesays.com\/fr\/wp-json\/wp\/v2\/media\/76617"}],"wp:attachment":[{"href":"https:\/\/www.europesays.com\/fr\/wp-json\/wp\/v2\/media?parent=76616"}],"wp:term":[{"taxonomy":"category","embeddable":true,"href":"https:\/\/www.europesays.com\/fr\/wp-json\/wp\/v2\/categories?post=76616"},{"taxonomy":"post_tag","embeddable":true,"href":"https:\/\/www.europesays.com\/fr\/wp-json\/wp\/v2\/tags?post=76616"}],"curies":[{"name":"wp","href":"https:\/\/api.w.org\/{rel}","templated":true}]}}