{"id":76618,"date":"2025-05-05T12:19:08","date_gmt":"2025-05-05T12:19:08","guid":{"rendered":"https:\/\/www.europesays.com\/fr\/76618\/"},"modified":"2025-05-05T12:19:08","modified_gmt":"2025-05-05T12:19:08","slug":"cinq-choses-a-savoir-sur-lemblematique-prison-dalcatraz-que-propose-de-rouvrir-trump","status":"publish","type":"post","link":"https:\/\/www.europesays.com\/fr\/76618\/","title":{"rendered":"Cinq choses \u00e0 savoir sur l\u2019embl\u00e9matique prison d&rsquo;Alcatraz que propose de rouvrir Trump"},"content":{"rendered":"<p>Dimanche soir, Donald Trump a donn\u00e9 l\u2019ordre \u00e0 son administration de moderniser et de rouvrir ce lieu embl\u00e9matique, devenu une attraction touristique depuis sa fermeture il y a plus de soixante ans.<\/p>\n<p class=\"fig-paragraph\"><a href=\"https:\/\/www.lefigaro.fr\/horlogerie\/al-capone-saddam-kadhafi-le-cote-obscur-du-temps-fascine-les-collectionneurs-20211001\" target=\"_blank\" data-fig-type=\"Article\" rel=\"noopener\" data-gtm-custom-categorie=\"navigation\" data-gtm-custom-action=\"crossclick\" data-gtm-custom-label=\"Contextuel\" data-gtm-event=\"customEventSPE\" data-fig-domain=\"LEFIGARO\">Al Capone\u00a0<\/a>, Robert Stroud ou encore George \u00ab\u00a0Machine Gun\u00a0\u00bb Kelly, nombreux sont les c\u00e9l\u00e8bres criminels ayant \u00e9t\u00e9 enferm\u00e9s \u00e0\u00a0<a href=\"https:\/\/www.lefigaro.fr\/international\/2018\/12\/05\/01003-20181205ARTFIG00329-un-alcatraz-danois-pour-les-criminels-etrangers.php\" target=\"_blank\" data-fig-type=\"Article\" rel=\"noopener\" data-gtm-custom-categorie=\"navigation\" data-gtm-custom-action=\"crossclick\" data-gtm-custom-label=\"Contextuel\" data-gtm-event=\"customEventSPE\" data-fig-domain=\"LEFIGARO\">Alcatraz<\/a>. Cet ancien fort b\u00e2ti sur un petit \u00eelot dans la baie de San Francisco est certainement la prison la plus populaire du monde.<\/p>\n<p class=\"fig-paragraph\">Devenu une attraction touristique depuis sa fermeture il y a plus de soixante ans,\u00a0<a href=\"http:\/\/www.lefigaro.fr\/conjoncture\/choose-europe-comment-bruxelles-compte-retourner-la-guerre-commerciale-de-donald-trump-a-son-avantage-20250502\" target=\"_blank\" data-fig-type=\"Article\" rel=\"noopener\" data-gtm-custom-categorie=\"navigation\" data-gtm-custom-action=\"crossclick\" data-gtm-custom-label=\"Contextuel\" data-gtm-event=\"customEventSPE\" data-fig-domain=\"LEFIGARO\">Donald Trump<\/a>\u00a0a fait grand bruit ce dimanche soir apr\u00e8s avoir donn\u00e9 l\u2019ordre \u00e0 son administration de moderniser et de rouvrir ce lieu embl\u00e9matique. \u00abSymbole de loi, d\u2019ordre et de justice\u00bb d\u2019apr\u00e8s le pr\u00e9sident am\u00e9ricain, voici cinq choses \u00e0 savoir sur Alcatraz.<\/p>\n<p class=\"fig-body-link\">\n            \u00c0 lire aussi<br \/>\n        <a class=\"fig-body-link__link fig-premium-mark\" href=\"http:\/\/www.lefigaro.fr\/vox\/monde\/et-si-donald-trump-marchait-dans-les-pas-d-al-capone-20240520\" target=\"_blank\" data-fig-type=\"Article\" rel=\"noopener\" data-gtm-custom-categorie=\"navigation\" data-gtm-custom-action=\"crossclick\" data-gtm-custom-label=\"Contextuel\" data-gtm-event=\"customEventSPE\" data-fig-domain=\"LEFIGARO\">Et si Donald Trump marchait dans les pas d\u2019Al Capone\u00a0?<br \/>\n    <\/a>\n<\/p>\n<p>Une prison isol\u00e9e et entour\u00e9 de requins<\/p>\n<p class=\"fig-paragraph\">Ancien fort devenu une<a href=\"http:\/\/www.lefigaro.fr\/lyon\/transformer-les-domaines-penitentiaires-en-zones-quasi-militaires-la-proposition-d-un-syndicat-lyonnais-face-aux-attaques-de-prison-20250422\" target=\"_blank\" data-fig-type=\"NewsFlash\" rel=\"noopener\" data-gtm-custom-categorie=\"navigation\" data-gtm-custom-action=\"crossclick\" data-gtm-custom-label=\"Contextuel\" data-gtm-event=\"customEventSPE\" data-fig-domain=\"LEFIGARO\">\u00a0prison militaire<\/a>\u00a0puis une prison f\u00e9d\u00e9rale, Alcatraz a ferm\u00e9 ses portes en mars 1963.<\/p>\n<p class=\"fig-paragraph\">Se trouvant sur un \u00eelot rocheux d&rsquo;environ neuf hectares, \u00e0 deux kilom\u00e8tres au large de San Francisco, cet \u00e9tablissement p\u00e9nitentiaire embl\u00e9matique est encercl\u00e9 par des requins nageant dans des eaux \u00e0 environ 12\u00b0C.<\/p>\n<p>Un lieu qui co\u00fbtait cher<\/p>\n<p class=\"fig-paragraph\">L\u2019agence am\u00e9ricaine de l\u2019administration p\u00e9nitentiaire a \u00e9valu\u00e9 qu\u2019en raison de sa situation g\u00e9ographique, Alcatraz co\u00fbtait pr\u00e8s de trois fois plus cher que toute autre\u00a0<a href=\"http:\/\/www.lefigaro.fr\/international\/le-policier-qui-a-tue-george-floyd-condamne-a-plus-de-20-ans-de-prison-par-la-justice-federale-20220707\" target=\"_blank\" data-fig-type=\"NewsFlash\" rel=\"noopener\" data-gtm-custom-categorie=\"navigation\" data-gtm-custom-action=\"crossclick\" data-gtm-custom-label=\"Contextuel\" data-gtm-event=\"customEventSPE\" data-fig-domain=\"LEFIGARO\">prison f\u00e9d\u00e9rale<\/a>.<\/p>\n<p class=\"fig-paragraph\">En effet, le lieu devait assumer de nombreux frais engendr\u00e9s par sa situation unique, tels que l\u2019acheminement par bateau de nourriture et de 3,8 millions de litres d\u2019eau potable par semaine (l\u2019\u00eele ne disposant d\u2019aucune source d\u2019eau douce). Selon des estimations, trois \u00e0 cinq millions de dollars avaient \u00e9t\u00e9 inject\u00e9s dans des travaux de restauration et d\u2019entretien afin de le maintenir ouvert.<\/p>\n<p class=\"fig-paragraph\">Pendant ses 29 ans de service,\u00a0<a href=\"http:\/\/www.lefigaro.fr\/actualite-france\/prisons-la-population-carcerale-atteint-un-nouveau-record-de-72-836-detenus-20221228\" target=\"_blank\" data-fig-type=\"NewsFlash\" rel=\"noopener\" data-gtm-custom-categorie=\"navigation\" data-gtm-custom-action=\"crossclick\" data-gtm-custom-label=\"Contextuel\" data-gtm-event=\"customEventSPE\" data-fig-domain=\"LEFIGARO\">la population carc\u00e9rale\u00a0<\/a>moyenne d\u2019Alcatraz se situait entre 260 et 275 personnes, selon le Bureau des prisons, soit moins d\u20191% de la population totale des prisons f\u00e9d\u00e9rales.<\/p>\n<p>\u00abL\u2019\u00e9vad\u00e9 d\u2019Alcatraz\u00bb<\/p>\n<p class=\"fig-paragraph\">C\u2019est \u00e0 partir de 1934 que l&rsquo;\u00e9tablissement fut transform\u00e9 en prison civile. Des grands chefs de la mafia comme Al Capone, c\u00e9l\u00e8bre gangster am\u00e9ricain incarc\u00e9r\u00e9 pour trafic d&rsquo;alcool de contrebande et \u00e9vasion fiscale pendant\u00a0<a href=\"https:\/\/www.lefigaro.fr\/sciences\/drogues-la-prohibition-une-efficacite-illusoire-20210505\" target=\"_blank\" data-fig-type=\"Article\" rel=\"noopener\" data-gtm-custom-categorie=\"navigation\" data-gtm-custom-action=\"crossclick\" data-gtm-custom-label=\"Contextuel\" data-gtm-event=\"customEventSPE\" data-fig-domain=\"LEFIGARO\">la Prohibition<\/a>, y ont r\u00e9sid\u00e9.<\/p>\n<p class=\"fig-paragraph\">La prison f\u00e9d\u00e9rale de haute s\u00e9curit\u00e9 est entr\u00e9e \u00e0 la post\u00e9rit\u00e9 en 1962 \u00e0 la suite de l&rsquo;\u00e9vasion spectaculaire de trois d\u00e9tenus, inspirant notamment un livre en 1963 (\u00abL&rsquo;\u00e9vad\u00e9 d&rsquo;Alcatraz\u00bb de J. Campbell Bruce) ainsi qu\u2019un film du m\u00eame titre de Don Siegel, avec\u00a0<a href=\"http:\/\/www.lefigaro.fr\/cinema\/en-tournage-avec-clint-eastwood-l-homme-qui-murmurait-a-l-oreille-des-acteurs-20241123\" target=\"_blank\" data-fig-type=\"Article\" rel=\"noopener\" data-gtm-custom-categorie=\"navigation\" data-gtm-custom-action=\"crossclick\" data-gtm-custom-label=\"Contextuel\" data-gtm-event=\"customEventSPE\" data-fig-domain=\"LEFIGARO\">Clint Eastwood<\/a>, sorti en 1979.<\/p>\n<p class=\"fig-paragraph\">Elle a aussi accueilli les \u00e9quipes de tournage du film d&rsquo;action \u00abThe Rock\u00bb, sorti en 1996, dans lequel \u00e9voluent des acteurs comme\u00a0<a href=\"https:\/\/www.lefigaro.fr\/cinema\/sean-connery-le-magnifique-sur-ocs-geants-20211001\" target=\"_blank\" data-fig-type=\"Article\" rel=\"noopener\" data-gtm-custom-categorie=\"navigation\" data-gtm-custom-action=\"crossclick\" data-gtm-custom-label=\"Contextuel\" data-gtm-event=\"customEventSPE\" data-fig-domain=\"LEFIGARO\">Sean Connery<\/a>, Ed Harris ou Nicolas Cage.<\/p>\n<p>Le d\u00e9barquement des activistes<\/p>\n<p class=\"fig-paragraph\">En 1969, un groupe d\u2019activistes am\u00e9rindiens nomm\u00e9 \u00abIndians of All Tribes\u00bb a d\u00e9barqu\u00e9 \u00e0 Alcatraz pour d\u00e9noncer la politique d\u2019expulsion du gouvernement am\u00e9ricain et mettre en lumi\u00e8re la situation difficile des\u00a0<a href=\"http:\/\/www.lefigaro.fr\/international\/etats-unis-plus-de-3100-enfants-amerindiens-seraient-decedes-dans-des-pensionnats-d-assimilation-20241223\" target=\"_blank\" data-fig-type=\"NewsFlash\" rel=\"noopener\" data-gtm-custom-categorie=\"navigation\" data-gtm-custom-action=\"crossclick\" data-gtm-custom-label=\"Contextuel\" data-gtm-event=\"customEventSPE\" data-fig-domain=\"LEFIGARO\">Am\u00e9rindiens\u00a0<\/a>dans le pays.<\/p>\n<p class=\"fig-paragraph\">Principalement men\u00e9e par des \u00e9tudiants, l\u2019occupation de l\u2019\u00eele a dur\u00e9 19 mois avant de prendre fin en 1971 sous l\u2019impulsion du pr\u00e9sident<a href=\"http:\/\/www.lefigaro.fr\/en\/world\/richard-nixon-ronald-reagan-bill-clinton-donald-trump-is-not-the-first-u-s-president-to-shape-the-global-economy-to-his-liking-20250413\" target=\"_blank\" data-fig-type=\"Article\" rel=\"noopener\" data-gtm-custom-categorie=\"navigation\" data-gtm-custom-action=\"crossclick\" data-gtm-custom-label=\"Contextuel\" data-gtm-event=\"customEventSPE\" data-fig-domain=\"LEFIGARO\">\u00a0Richard Nixon<\/a>, qui avait ordonn\u00e9 le d\u00e9ploiement d\u2019agents du FBI et de forces sp\u00e9ciales pour d\u00e9loger les insurg\u00e9s.<\/p>\n<p>Plus d&rsquo;un million de visiteurs<\/p>\n<p class=\"fig-paragraph\">Devenu un\u00a0<a href=\"http:\/\/www.lefigaro.fr\/lefigaromagazine\/rdc-emmanuel-de-merode-directeur-du-parc-national-des-virunga-menace-par-la-guerre-20250205\" target=\"_blank\" data-fig-type=\"Article\" rel=\"noopener\" data-gtm-custom-categorie=\"navigation\" data-gtm-custom-action=\"crossclick\" data-gtm-custom-label=\"Contextuel\" data-gtm-event=\"customEventSPE\" data-fig-domain=\"LEFIGARO\">parc national<\/a>\u00a0en 1972, la situation exceptionnelle et le pass\u00e9 sinistre de p\u00e9nitencier f\u00e9d\u00e9ral du fort en ont fait un lieu extr\u00eamement fascinant.<\/p>\n<p class=\"fig-paragraph\">Ainsi, l\u2019\u00eelot rocheux attire chaque ann\u00e9e plus d&rsquo;un million de visiteurs venus du monde entier pour d\u00e9couvrir l&rsquo;ancienne prison f\u00e9d\u00e9rale et visiter ses 378 cellules.<\/p>\n<p class=\"fig-paragraph\">Aujourd\u2019hui, Donald Trump souhaiterait donc r\u00e9habiliter ce lieu afin d\u2019y incarc\u00e9rer les \u00abcriminels les plus dangereux et violents d\u2019Am\u00e9rique\u00bb. \u00abLa prison f\u00e9d\u00e9rale d\u2019Alcatraz a ferm\u00e9 il y a plus de 60 ans. Il s\u2019agit aujourd\u2019hui d\u2019un parc national tr\u00e8s populaire et d\u2019un lieu touristique majeur. La proposition du pr\u00e9sident n\u2019est pas s\u00e9rieuse\u00bb, a r\u00e9agi sur X Nancy Pelosi,\u00a0<a href=\"http:\/\/www.lefigaro.fr\/international\/aux-etats-unis-une-elue-democrate-annonce-s-etre-fait-steriliser-pour-echapper-a-la-politique-de-trump-20250209\" target=\"_blank\" data-fig-type=\"Article\" rel=\"noopener\" data-gtm-custom-categorie=\"navigation\" data-gtm-custom-action=\"crossclick\" data-gtm-custom-label=\"Contextuel\" data-gtm-event=\"customEventSPE\" data-fig-domain=\"LEFIGARO\">\u00e9lue d\u00e9mocrate<\/a>\u00a0californienne et ex-pr\u00e9sidente de la Chambre des repr\u00e9sentants.<\/p>\n","protected":false},"excerpt":{"rendered":"Dimanche soir, Donald Trump a donn\u00e9 l\u2019ordre \u00e0 son administration de moderniser et de rouvrir ce lieu embl\u00e9matique,&hellip;\n","protected":false},"author":2,"featured_media":76619,"comment_status":"","ping_status":"","sticky":false,"template":"","format":"standard","meta":{"footnotes":""},"categories":[5],"tags":[259,11,260,75,1011,27,14,261,12,262,806,28],"class_list":{"0":"post-76618","1":"post","2":"type-post","3":"status-publish","4":"format-standard","5":"has-post-thumbnail","7":"category-international","8":"tag-actualite-internationale","9":"tag-actualites","10":"tag-affaires-etrangeres","11":"tag-donald-trump","12":"tag-fr","13":"tag-france","14":"tag-international","15":"tag-ministere-des-affaires-etrangeres","16":"tag-news","17":"tag-politique-etrangere","18":"tag-prison","19":"tag-world"},"share_on_mastodon":{"url":"https:\/\/pubeurope.com\/@fr\/114455194089479060","error":""},"_links":{"self":[{"href":"https:\/\/www.europesays.com\/fr\/wp-json\/wp\/v2\/posts\/76618","targetHints":{"allow":["GET"]}}],"collection":[{"href":"https:\/\/www.europesays.com\/fr\/wp-json\/wp\/v2\/posts"}],"about":[{"href":"https:\/\/www.europesays.com\/fr\/wp-json\/wp\/v2\/types\/post"}],"author":[{"embeddable":true,"href":"https:\/\/www.europesays.com\/fr\/wp-json\/wp\/v2\/users\/2"}],"replies":[{"embeddable":true,"href":"https:\/\/www.europesays.com\/fr\/wp-json\/wp\/v2\/comments?post=76618"}],"version-history":[{"count":0,"href":"https:\/\/www.europesays.com\/fr\/wp-json\/wp\/v2\/posts\/76618\/revisions"}],"wp:featuredmedia":[{"embeddable":true,"href":"https:\/\/www.europesays.com\/fr\/wp-json\/wp\/v2\/media\/76619"}],"wp:attachment":[{"href":"https:\/\/www.europesays.com\/fr\/wp-json\/wp\/v2\/media?parent=76618"}],"wp:term":[{"taxonomy":"category","embeddable":true,"href":"https:\/\/www.europesays.com\/fr\/wp-json\/wp\/v2\/categories?post=76618"},{"taxonomy":"post_tag","embeddable":true,"href":"https:\/\/www.europesays.com\/fr\/wp-json\/wp\/v2\/tags?post=76618"}],"curies":[{"name":"wp","href":"https:\/\/api.w.org\/{rel}","templated":true}]}}