{"id":76628,"date":"2025-05-05T12:28:14","date_gmt":"2025-05-05T12:28:14","guid":{"rendered":"https:\/\/www.europesays.com\/fr\/76628\/"},"modified":"2025-05-05T12:28:14","modified_gmt":"2025-05-05T12:28:14","slug":"vers-une-operation-escargot-ce-mardi","status":"publish","type":"post","link":"https:\/\/www.europesays.com\/fr\/76628\/","title":{"rendered":"vers une op\u00e9ration escargot ce mardi"},"content":{"rendered":"<p>\u00ab <a href=\"https:\/\/www.estrepublicain.fr\/transport\/2024\/07\/17\/en-permanence-en-souterrain-suite-aux-travaux-pres-de-la-gare-les-taxis-locaux-sont-en-colere\" target=\"_blank\" rel=\"nofollow noopener\">Les gens ne nous voient plus<\/a> et on du mal \u00e0 nous trouver quand ils ont command\u00e9 une course. Certains finissent m\u00eame par appeler un chauffeur Uber\u00a0\u00bb, r\u00e9sume Isabelle Rolando, pr\u00e9sidente de l\u2019association des taxis de Nancy, pr\u00e9cisant que ces derniers attendent d\u00e9sormais \u00ab\u00a0dans le noir et enferm\u00e9s\u00a0\u00bb, alors qu\u2019ils aimeraient retrouver la place de la R\u00e9publique, \u00e0 l\u2019endroit o\u00f9 il reste des quais de bus, vers le centre Prouv\u00e9.<\/p>\n<p>Apr\u00e8s plusieurs rendez-vous et \u00e9changes avec la municipalit\u00e9, et des \u00ab\u00a0promesses avort\u00e9es\u00a0\u00bb au fil des mois, selon Isabelle Rolando, une action est pr\u00e9vue ce mardi 7\u00a0mai, au matin, pour exprimer leur m\u00e9contentement\u00a0: une cinquantaine de taxis doivent proc\u00e9der \u00e0 une op\u00e9ration-escargot au d\u00e9part du parking de la Sapini\u00e8re \u00e0 Laxou, en descendant l\u2019avenue de la Lib\u00e9ration vers le secteur gare de Nancy.<\/p>\n<p>\u00c0 moins que\u00a0: une nouvelle r\u00e9union est, en effet, programm\u00e9e ce lundi \u00e0 14\u00a0h\u00a030 entre les taxis et la Ville. Si une solution est trouv\u00e9e, l\u2019op\u00e9ration-escargot devrait \u00eatre annul\u00e9e.<\/p>\n","protected":false},"excerpt":{"rendered":"\u00ab Les gens ne nous voient plus et on du mal \u00e0 nous trouver quand ils ont command\u00e9&hellip;\n","protected":false},"author":2,"featured_media":76629,"comment_status":"","ping_status":"","sticky":false,"template":"","format":"standard","meta":{"footnotes":""},"categories":[9635],"tags":[1111,11,1704,1777,674,1011,27,775,1702,1703,12,25,2803],"class_list":{"0":"post-76628","1":"post","2":"type-post","3":"status-publish","4":"format-standard","5":"has-post-thumbnail","7":"category-nancy","8":"tag-actu","9":"tag-actualites","10":"tag-edition-nancy-et-agglomeration","11":"tag-eu","12":"tag-europe","13":"tag-fr","14":"tag-france","15":"tag-grand-est","16":"tag-nancy","17":"tag-nancy-ville-54b","18":"tag-news","19":"tag-republique-francaise","20":"tag-transport"},"share_on_mastodon":{"url":"https:\/\/pubeurope.com\/@fr\/114455229566515573","error":""},"_links":{"self":[{"href":"https:\/\/www.europesays.com\/fr\/wp-json\/wp\/v2\/posts\/76628","targetHints":{"allow":["GET"]}}],"collection":[{"href":"https:\/\/www.europesays.com\/fr\/wp-json\/wp\/v2\/posts"}],"about":[{"href":"https:\/\/www.europesays.com\/fr\/wp-json\/wp\/v2\/types\/post"}],"author":[{"embeddable":true,"href":"https:\/\/www.europesays.com\/fr\/wp-json\/wp\/v2\/users\/2"}],"replies":[{"embeddable":true,"href":"https:\/\/www.europesays.com\/fr\/wp-json\/wp\/v2\/comments?post=76628"}],"version-history":[{"count":0,"href":"https:\/\/www.europesays.com\/fr\/wp-json\/wp\/v2\/posts\/76628\/revisions"}],"wp:featuredmedia":[{"embeddable":true,"href":"https:\/\/www.europesays.com\/fr\/wp-json\/wp\/v2\/media\/76629"}],"wp:attachment":[{"href":"https:\/\/www.europesays.com\/fr\/wp-json\/wp\/v2\/media?parent=76628"}],"wp:term":[{"taxonomy":"category","embeddable":true,"href":"https:\/\/www.europesays.com\/fr\/wp-json\/wp\/v2\/categories?post=76628"},{"taxonomy":"post_tag","embeddable":true,"href":"https:\/\/www.europesays.com\/fr\/wp-json\/wp\/v2\/tags?post=76628"}],"curies":[{"name":"wp","href":"https:\/\/api.w.org\/{rel}","templated":true}]}}