{"id":76634,"date":"2025-05-05T12:31:10","date_gmt":"2025-05-05T12:31:10","guid":{"rendered":"https:\/\/www.europesays.com\/fr\/76634\/"},"modified":"2025-05-05T12:31:10","modified_gmt":"2025-05-05T12:31:10","slug":"mieux-former-les-reservistes-un-enjeu-crucial-pour-la-marine-nationale","status":"publish","type":"post","link":"https:\/\/www.europesays.com\/fr\/76634\/","title":{"rendered":"Mieux former les r\u00e9servistes : un enjeu crucial pour la Marine nationale"},"content":{"rendered":"<p><img loading=\"lazy\" decoding=\"async\" alt=\"\u00a9 S. Foliot - Au sein de la r\u00e9serve, 20 % des postes concernent la protection nationale et 80 % sont tourn\u00e9s vers le soutien op\u00e9rationnel.\" data-zoom-src=\"https:\/\/www.europesays.com\/fr\/wp-content\/uploads\/2025\/05\/initial-reserviste-aper-toulon-1.jpg\" data-zoomable=\"\" height=\"702\" src=\"https:\/\/www.europesays.com\/fr\/wp-content\/uploads\/2025\/05\/initial-reserviste-aper-toulon-1.jpg\" width=\"1248\"\/>  <\/p>\n<p class=\"article-desc\">\u00a9 S. Foliot &#8211; Au sein de la r\u00e9serve, 20 % des postes concernent la protection nationale et 80 % sont tourn\u00e9s vers le soutien op\u00e9rationnel. <\/p>\n<p>Le 20 janvier 2025, lors de ses v\u0153ux \u00e0 l\u2019arm\u00e9e, le pr\u00e9sident de la R\u00e9publique <strong>Emmanuel Macron a appel\u00e9 \u00e0 doubler les rangs de la r\u00e9serve militaire : <\/strong>\u00ab\u00a0Apr\u00e8s l\u2019arm\u00e9e de m\u00e9tier, c\u2019est la r\u00e9serve de professionnels qu\u2019il nous faut \u00e0 pr\u00e9sent mobiliser, en appui, en appoint. \u00bb Son intention est d&rsquo;atteindre, d&rsquo;ici 2035, le <strong>ratio d\u2019un r\u00e9serviste pour deux militaires d\u2019active<\/strong>. <\/p>\n<p>Au sein de la <a href=\"https:\/\/mesinfos.fr\/tag\/marine-nationale\" rel=\"noopener\" target=\"_blank\">Marine nationale<\/a>, <strong>5 600 r\u00e9servistes sont actuellement en poste<\/strong>. Pour C\u00e9cile Canovas, premier ma\u00eetre \u00e0 <a href=\"https:\/\/www.reservistes.defense.gouv.fr\/\" rel=\"noopener\" target=\"_blank\">l\u2019Antenne pour l\u2019Emploi des R\u00e9servistes (Aper) de Toulon<\/a>, le recrutement n\u2019est donc pas tant un probl\u00e8me. Le nouvel enjeu se trouve davantage dans l\u2019<strong>int\u00e9gration des r\u00e9servistes <\/strong>qui, depuis la suspension du service militaire, n\u2019ont parfois jamais eu de contact avec l\u2019arm\u00e9e. <\/p>\n<blockquote>\n<p>\u00ab Avant, on avait une r\u00e9serve de compl\u00e9ments avec essentiellement des anciens marins. Aujourd&rsquo;hui, ce que nous demande le pr\u00e9sident, c&rsquo;est d&rsquo;\u00e9largir les profils et donc d&rsquo;int\u00e9grer \u00e9norm\u00e9ment de gens sans aucune culture militaire \u00bb explique celle qui compte 26 ans de carri\u00e8re \u00e0 son actif.\u00a0 <\/p>\n<\/blockquote>\n<p>  Cr\u00e9ation d&rsquo;une formation sp\u00e9ciale pour les r\u00e9servistes <\/p>\n<p>Dans les crit\u00e8res d\u2019acc\u00e8s \u00e0 la r\u00e9serve, <strong>aucune connaissance sp\u00e9cifique sur le monde de la d\u00e9fense n\u2019est n\u00e9cessit\u00e9e<\/strong>. Ce manque de savoirs est un frein \u00e0 l\u2019int\u00e9gration des engag\u00e9s. Pour pallier cette carence, <strong>une formation d\u2019une semaine a \u00e9t\u00e9 cr\u00e9\u00e9e <\/strong>pour permettre aux nouveaux engag\u00e9s de s\u2019approprier les bases du m\u00e9tier.\u00a0\u00ab\u00a0Elle commence tout juste \u00e0 \u00eatre mise en place puisque les engag\u00e9s qui ont int\u00e9gr\u00e9 pendant les vacances d&rsquo;avril ont suivi la premi\u00e8re formation initiale. \u00bb Le programme pourra par la suite \u00e9voluer en fonction des besoins identifi\u00e9s.<\/p>\n<p>Enti\u00e8rement pris en charge par l\u2019\u00c9tat, les cours <strong>ont lieu principalement \u00e0 Paris, Toulon ou Brest.<\/strong> <\/p>\n<p>Fid\u00e9liser pour cr\u00e9er \u00ab une r\u00e9serve de professionnels \u00bb <\/p>\n<p>Apr\u00e8s l\u2019instauration de ce premier\u00a0cycle, d\u2019autres enseignements devraient aussi appara\u00eetre : \u00ab Apr\u00e8s, il y aura la formation continue en unit\u00e9, puis une formation pour passer au niveau sup\u00e9rieur. Mais tout \u00e7a, c&rsquo;est en cours de construction.\u00a0\u00bb <\/p>\n<p>L\u2019objectif : <strong>cr\u00e9er des possibilit\u00e9s d\u2019\u00e9volution au sein de la r\u00e9serve<\/strong>. A long terme, cela permettrait de fid\u00e9liser les engag\u00e9s aux comp\u00e9tences rares, comme les juristes, les m\u00e9caniciens, les \u00e9lectriciens, mais aussi de <strong>cr\u00e9er une coh\u00e9sion nationale autour des enjeux de la d\u00e9fense<\/strong> :<\/p>\n<blockquote>\n<p>\u00ab\u00a0Depuis la suspension du service militaire, la coh\u00e9sion nationale s\u2019essouffle. Oui, il y a eu des mouvements apr\u00e8s les attentats, mais c&rsquo;est tr\u00e8s vite retomb\u00e9. Donc, il fallait mettre des choses en place et la r\u00e9serve a \u00e9t\u00e9 le vecteur choisi.\u00a0\u00bb <\/p>\n<\/blockquote>\n<p>  \u00catre r\u00e9serviste, comment ? <\/p>\n<p>En moyenne, un r\u00e9serviste consacre <strong>37 jours par an \u00e0 l\u2019arm\u00e9e<\/strong>. Il choisit en d\u00e9but de contrat le planning qui lui convient ce qui lui permet de concilier son engagement\u00a0avec un autre emploi. Pour candidater, il faut <strong>avoir au moins 17 ans<\/strong>, \u00eatre <strong>reconnu apte physiquement<\/strong> par un m\u00e9decin militaire ou encore avoir un <strong>casier judiciaire vierge<\/strong>. L\u2019Aper de Brest, pour la partie ouest de la France, et l\u2019Aper de Toulon, pour le c\u00f4t\u00e9 est, re\u00e7oivent les candidatures et s\u2019occupent de la gestion du dossier. <\/p>\n<p>Il faut compter g\u00e9n\u00e9ralement deux mois entre le d\u00e9p\u00f4t d\u2019une candidature et le premier jour de r\u00e9serve.<\/p>\n","protected":false},"excerpt":{"rendered":"\u00a9 S. Foliot &#8211; Au sein de la r\u00e9serve, 20 % des postes concernent la protection nationale et&hellip;\n","protected":false},"author":2,"featured_media":76635,"comment_status":"","ping_status":"","sticky":false,"template":"","format":"standard","meta":{"footnotes":""},"categories":[9619],"tags":[1111,11,1777,674,1119,1011,27,567,12,882,7099,25,2310],"class_list":{"0":"post-76634","1":"post","2":"type-post","3":"status-publish","4":"format-standard","5":"has-post-thumbnail","7":"category-toulon","8":"tag-actu","9":"tag-actualites","10":"tag-eu","11":"tag-europe","12":"tag-formation","13":"tag-fr","14":"tag-france","15":"tag-marine-nationale","16":"tag-news","17":"tag-provence-alpes-cote-dazur","18":"tag-recrutement","19":"tag-republique-francaise","20":"tag-toulon"},"share_on_mastodon":{"url":"https:\/\/pubeurope.com\/@fr\/114455241239333753","error":""},"_links":{"self":[{"href":"https:\/\/www.europesays.com\/fr\/wp-json\/wp\/v2\/posts\/76634","targetHints":{"allow":["GET"]}}],"collection":[{"href":"https:\/\/www.europesays.com\/fr\/wp-json\/wp\/v2\/posts"}],"about":[{"href":"https:\/\/www.europesays.com\/fr\/wp-json\/wp\/v2\/types\/post"}],"author":[{"embeddable":true,"href":"https:\/\/www.europesays.com\/fr\/wp-json\/wp\/v2\/users\/2"}],"replies":[{"embeddable":true,"href":"https:\/\/www.europesays.com\/fr\/wp-json\/wp\/v2\/comments?post=76634"}],"version-history":[{"count":0,"href":"https:\/\/www.europesays.com\/fr\/wp-json\/wp\/v2\/posts\/76634\/revisions"}],"wp:featuredmedia":[{"embeddable":true,"href":"https:\/\/www.europesays.com\/fr\/wp-json\/wp\/v2\/media\/76635"}],"wp:attachment":[{"href":"https:\/\/www.europesays.com\/fr\/wp-json\/wp\/v2\/media?parent=76634"}],"wp:term":[{"taxonomy":"category","embeddable":true,"href":"https:\/\/www.europesays.com\/fr\/wp-json\/wp\/v2\/categories?post=76634"},{"taxonomy":"post_tag","embeddable":true,"href":"https:\/\/www.europesays.com\/fr\/wp-json\/wp\/v2\/tags?post=76634"}],"curies":[{"name":"wp","href":"https:\/\/api.w.org\/{rel}","templated":true}]}}