{"id":76650,"date":"2025-05-05T12:40:30","date_gmt":"2025-05-05T12:40:30","guid":{"rendered":"https:\/\/www.europesays.com\/fr\/76650\/"},"modified":"2025-05-05T12:40:30","modified_gmt":"2025-05-05T12:40:30","slug":"la-nouvelle-adresse-strasbourgeoise-qui-va-mettre-de-la-couleur-dans-nos-brunchs","status":"publish","type":"post","link":"https:\/\/www.europesays.com\/fr\/76650\/","title":{"rendered":"la nouvelle adresse strasbourgeoise qui va mettre de la couleur dans nos brunchs"},"content":{"rendered":"<p><strong>En d\u00e9cembre 2024, un ancien local associatif se transformait en lieu de rendez-vous pour les amateurs\/rices de brunchs : Peach. Aujourd\u2019hui, apr\u00e8s quelques mois de rodage, l\u2019\u00e9tablissement accueille les Strasbourgeois(e)s en manque de gourmandise et de boissons originales. On vous dit tout ce que l\u2019on sait sur cette nouvelle adresse situ\u00e9e rue de la Premi\u00e8re Arm\u00e9e.<\/strong><\/p>\n<p>R\u00e9cemment,<strong> un nouvel \u00e9tablissement tout de rose v\u00eatu a ouvert ses portes <\/strong>pr\u00e8s de la place d\u2019Austerlitz. Avec sa soixantaine de couverts, sa v\u00e9randa et son petit espace de jeux pour enfants, <strong>c\u2019est un lieu familial sp\u00e9cialis\u00e9 dans les brunchs sur assiette.<br \/><\/strong><\/p>\n<p>Des plats chauds, froids, sucr\u00e9s, sal\u00e9s, des boissons fra\u00eeches, des smoothies ou des lattes<strong> : il y a de la couleur et une belle diversit\u00e9 de proposition.\u00a0<\/strong><\/p>\n<p><strong>Ouvert en continu 7 jours sur 7<\/strong>, du matin au soir, Peach est devenu un lieu o\u00f9 l\u2019on vient \u00e0 la fois boire un verre, manger une p\u00e2tisserie ou un plat, mais aussi pour bosser entre deux cours.<\/p>\n<p>                <img width=\"375\" height=\"500\" src=\"https:\/\/www.europesays.com\/fr\/wp-content\/uploads\/2025\/05\/peach-brunchimg-4267-375x500.jpeg\" class=\"attachment-gallery size-gallery\" alt=\"Peach brunchIMG_4267\" data-full-url=\"https:\/\/pokaa.fr\/wp-content\/uploads\/2025\/05\/02\/peach-brunchimg-4267.jpeg\" decoding=\"async\" loading=\"lazy\"  \/>            <\/p>\n<p>                <img width=\"375\" height=\"500\" src=\"https:\/\/www.europesays.com\/fr\/wp-content\/uploads\/2025\/05\/peach-brunchimg-4199-375x500.jpeg\" class=\"attachment-gallery size-gallery\" alt=\"Peach brunchIMG_4199\" data-full-url=\"https:\/\/pokaa.fr\/wp-content\/uploads\/2025\/05\/02\/peach-brunchimg-4199.jpeg\" decoding=\"async\" loading=\"lazy\"  \/>            <\/p>\n<p>                <img width=\"375\" height=\"500\" src=\"https:\/\/www.europesays.com\/fr\/wp-content\/uploads\/2025\/05\/peach-brunchimg-4142-375x500.jpeg\" class=\"attachment-gallery size-gallery\" alt=\"Peach brunchIMG_4142\" data-full-url=\"https:\/\/pokaa.fr\/wp-content\/uploads\/2025\/05\/02\/peach-brunchimg-4142.jpeg\" decoding=\"async\" loading=\"lazy\"  \/>            <\/p>\n<p>                <img width=\"375\" height=\"500\" src=\"https:\/\/www.europesays.com\/fr\/wp-content\/uploads\/2025\/05\/peach-brunchimg-4274-375x500.jpeg\" class=\"attachment-gallery size-gallery\" alt=\"Peach brunchIMG_4274\" data-full-url=\"https:\/\/pokaa.fr\/wp-content\/uploads\/2025\/05\/02\/peach-brunchimg-4274.jpeg\" decoding=\"async\" loading=\"lazy\"  \/>            <\/p>\n<p>                <img width=\"375\" height=\"500\" src=\"https:\/\/www.europesays.com\/fr\/wp-content\/uploads\/2025\/05\/peach-brunchimg-4107-375x500.jpeg\" class=\"attachment-gallery size-gallery\" alt=\"Peach brunchIMG_4107\" data-full-url=\"https:\/\/pokaa.fr\/wp-content\/uploads\/2025\/05\/02\/peach-brunchimg-4107.jpeg\" decoding=\"async\" loading=\"lazy\"  \/>            <\/p>\n<p>                    \u00a9 Bastien Pietronave \/ Pokaa<\/p>\n<p>Christiane, qui a imagin\u00e9 ce lieu avec son mari Julien, a souhait\u00e9 <strong>cr\u00e9er un lieu vivant et familial ouvert \u00e0 tout le monde et pour toutes les occasions.<br \/><\/strong><\/p>\n<p>\u00ab On a voulu proposer<strong> un espace o\u00f9 les parents, leurs enfants, et toutes les g\u00e9n\u00e9rations se rencontrent dans un seul et m\u00eame lieu<\/strong>. Les gens causent, travaillent, les enfants jouent, les parents se retrouvent, et on a aussi programm\u00e9 des soir\u00e9es pour animer tout ce monde \u00bb nous explique la patronne entre deux commandes.<\/p>\n<p>                <img width=\"375\" height=\"500\" src=\"https:\/\/www.europesays.com\/fr\/wp-content\/uploads\/2025\/05\/peach-brunchimg-4186-375x500.jpeg\" class=\"attachment-gallery size-gallery\" alt=\"Peach brunchIMG_4186\" data-full-url=\"https:\/\/pokaa.fr\/wp-content\/uploads\/2025\/05\/02\/peach-brunchimg-4186.jpeg\" decoding=\"async\" loading=\"lazy\"  \/>            <\/p>\n<p>                <img width=\"375\" height=\"500\" src=\"https:\/\/www.europesays.com\/fr\/wp-content\/uploads\/2025\/05\/peach-brunchimg-4146-375x500.jpeg\" class=\"attachment-gallery size-gallery\" alt=\"Peach brunchIMG_4146\" data-full-url=\"https:\/\/pokaa.fr\/wp-content\/uploads\/2025\/05\/02\/peach-brunchimg-4146.jpeg\" decoding=\"async\" loading=\"lazy\"  \/>            <\/p>\n<p>                <img width=\"375\" height=\"500\" src=\"https:\/\/www.europesays.com\/fr\/wp-content\/uploads\/2025\/05\/peach-brunchimg-4280-375x500.jpeg\" class=\"attachment-gallery size-gallery\" alt=\"Peach brunchIMG_4280\" data-full-url=\"https:\/\/pokaa.fr\/wp-content\/uploads\/2025\/05\/02\/peach-brunchimg-4280.jpeg\" decoding=\"async\" loading=\"lazy\"  \/>            <\/p>\n<p>                <img width=\"812\" height=\"500\" src=\"https:\/\/www.europesays.com\/fr\/wp-content\/uploads\/2025\/05\/peach-brunchimg-4234-812x500.jpeg\" class=\"attachment-gallery size-gallery\" alt=\"Peach brunchIMG_4234\" data-full-url=\"https:\/\/pokaa.fr\/wp-content\/uploads\/2025\/05\/02\/peach-brunchimg-4234.jpeg\" decoding=\"async\" loading=\"lazy\"  \/>            <\/p>\n<p>                    \u00a9 Bastien Pietronave \/ Pokaa<\/p>\n<p>Mais alors, qu\u2019est-ce qu\u2019on mange ? <\/p>\n<p>Chez Peach, on retrouve <strong>une ribambelle de plats sucr\u00e9s et de plats sal\u00e9s dans l\u2019esprit d\u2019un brunch sur assiette<\/strong>, avec de grosses originalit\u00e9s imagin\u00e9es par Christiane. <strong>La carte s\u2019inspire de plusieurs influences qui ont \u00e9t\u00e9 pioch\u00e9es ici et l\u00e0 puis assembl\u00e9es<\/strong> <strong>avec beaucoup de cr\u00e9ativit\u00e9<\/strong>.<\/p>\n<p><strong>Bowl au tofu grill\u00e9, tempura, riz au curcuma et avocat<\/strong> ; pancakes avec beurre de patate douce, bacon grill\u00e9, bananes caram\u00e9lis\u00e9 et noix de p\u00e9can ; <strong>french toast au saumon gravlax et au pesto de framboise<\/strong>, il y a beaucoup de couleurs et des associations parfois os\u00e9es.<\/p>\n<p>                <img width=\"375\" height=\"500\" src=\"https:\/\/www.europesays.com\/fr\/wp-content\/uploads\/2025\/05\/peach-brunchimg-4246-2-375x500.jpeg\" class=\"attachment-gallery size-gallery\" alt=\"Peach brunchIMG_4246 2\" data-full-url=\"https:\/\/pokaa.fr\/wp-content\/uploads\/2025\/05\/02\/peach-brunchimg-4246-2.jpeg\" decoding=\"async\" loading=\"lazy\"  \/>            <\/p>\n<p>                <img width=\"375\" height=\"500\" src=\"https:\/\/www.europesays.com\/fr\/wp-content\/uploads\/2025\/05\/peach-brunchimg-4121-375x500.jpeg\" class=\"attachment-gallery size-gallery\" alt=\"Peach brunchIMG_4121\" data-full-url=\"https:\/\/pokaa.fr\/wp-content\/uploads\/2025\/05\/02\/peach-brunchimg-4121.jpeg\" decoding=\"async\" loading=\"lazy\"  \/>            <\/p>\n<p>                <img width=\"375\" height=\"500\" src=\"https:\/\/www.europesays.com\/fr\/wp-content\/uploads\/2025\/05\/peach-brunchimg-4219-375x500.jpeg\" class=\"attachment-gallery size-gallery\" alt=\"Peach brunchIMG_4219\" data-full-url=\"https:\/\/pokaa.fr\/wp-content\/uploads\/2025\/05\/02\/peach-brunchimg-4219.jpeg\" decoding=\"async\" loading=\"lazy\"  \/>            <\/p>\n<p>                <img width=\"375\" height=\"500\" src=\"https:\/\/www.europesays.com\/fr\/wp-content\/uploads\/2025\/05\/peach-brunchimg-4272-375x500.jpeg\" class=\"attachment-gallery size-gallery\" alt=\"Peach brunchIMG_4272\" data-full-url=\"https:\/\/pokaa.fr\/wp-content\/uploads\/2025\/05\/02\/peach-brunchimg-4272.jpeg\" decoding=\"async\" loading=\"lazy\"  \/>            <\/p>\n<p>                <img width=\"375\" height=\"500\" src=\"https:\/\/www.europesays.com\/fr\/wp-content\/uploads\/2025\/05\/peach-brunchimg-4201-375x500.jpeg\" class=\"attachment-gallery size-gallery\" alt=\"Peach brunchIMG_4201\" data-full-url=\"https:\/\/pokaa.fr\/wp-content\/uploads\/2025\/05\/02\/peach-brunchimg-4201.jpeg\" decoding=\"async\" loading=\"lazy\"  \/>            <\/p>\n<p>                    \u00a9 Bastien Pietronave \/ Pokaa<\/p>\n<p>C\u00f4t\u00e9 sucr\u00e9, l\u2019\u00e9quipe souhaite aussi sortir du lot avec des plats comme <strong>le pain perdu au Bailey\u2019s maison, cr\u00e8me p\u00e2tissi\u00e8re au caf\u00e9 et fruits rouge<\/strong> ; des pancakes \u00e0 l\u2019orange, au sirop de limoncello et au gel d\u2019orange sanguine\u2026Vous l\u2019avez compris, ici,<strong> on essaye de se d\u00e9marquer<\/strong>. Parfois, \u00e7a marche, parfois un peu moins,<strong> mais il en faut pour tous les go\u00fbts.<\/strong><\/p>\n<p>                <img width=\"375\" height=\"500\" src=\"https:\/\/www.europesays.com\/fr\/wp-content\/uploads\/2025\/05\/peach-brunchimg-4283-375x500.jpeg\" class=\"attachment-gallery size-gallery\" alt=\"Peach brunchIMG_4283\" data-full-url=\"https:\/\/pokaa.fr\/wp-content\/uploads\/2025\/05\/02\/peach-brunchimg-4283.jpeg\" decoding=\"async\" loading=\"lazy\"  \/>            <\/p>\n<p>                <img width=\"375\" height=\"500\" src=\"https:\/\/www.europesays.com\/fr\/wp-content\/uploads\/2025\/05\/peach-brunchimg-4111-2-375x500.jpeg\" class=\"attachment-gallery size-gallery\" alt=\"Peach brunchIMG_4111 2\" data-full-url=\"https:\/\/pokaa.fr\/wp-content\/uploads\/2025\/05\/02\/peach-brunchimg-4111-2.jpeg\" decoding=\"async\" loading=\"lazy\"  \/>            <\/p>\n<p>                <img width=\"375\" height=\"500\" src=\"https:\/\/www.europesays.com\/fr\/wp-content\/uploads\/2025\/05\/peach-brunchimg-4215-375x500.jpeg\" class=\"attachment-gallery size-gallery\" alt=\"Peach brunchIMG_4215\" data-full-url=\"https:\/\/pokaa.fr\/wp-content\/uploads\/2025\/05\/02\/peach-brunchimg-4215.jpeg\" decoding=\"async\" loading=\"lazy\"  \/>            <\/p>\n<p>                <img width=\"667\" height=\"500\" src=\"https:\/\/www.europesays.com\/fr\/wp-content\/uploads\/2025\/05\/peach-brunchimg-4152-667x500.jpeg\" class=\"attachment-gallery size-gallery\" alt=\"Peach brunchIMG_4152\" data-full-url=\"https:\/\/pokaa.fr\/wp-content\/uploads\/2025\/05\/02\/peach-brunchimg-4152.jpeg\" decoding=\"async\" loading=\"lazy\"  \/>            <\/p>\n<p>                    \u00a9 Bastien Pietronave \/ Pokaa<\/p>\n<p>Selon les disponibilit\u00e9s, <strong>on retrouve aussi une gamme de cakes, de tartes et autres desserts faits maison<\/strong> qui sont expos\u00e9s en vitrine d\u00e8s l\u2019entr\u00e9e. Chaque matin,<strong> des petits-d\u00e9jeuners sont \u00e9galement propos\u00e9s.<\/strong><\/p>\n<p>Niveau boisson, on sort l\u00e0 aussi des grands classiques\u00a0 : boisson fra\u00eeche au matcha, coulis de mangue et eau de coco ;<strong> infusion de fleur d\u2019hibiscus, citron noir d\u2019Iran et f\u00e8ve de cacao ;<\/strong>\u00a0boissons latt\u00e9es, th\u00e9s maison et chocolats chauds, la gamme est tr\u00e8s large et <strong>l\u2019\u00e9quipe s\u2019\u00e9clate \u00e0 m\u00e9langer des saveurs que l\u2019on n\u2019a pas l\u2019habitude de go\u00fbter.<\/strong><\/p>\n<p>Les petits et gros + <\/p>\n<ul>\n<li><strong>C\u2019est un lieu ouvert tous les jours avec des amplitudes horaires larges, c\u2019est parfait pour venir manger ou boire un verre \u00e0 toute heure<\/strong><\/li>\n<li><strong>On est dans une ambiance familiale qui plaira aux parents, un petit espace de jeu est m\u00eame mis \u00e0 dispo<\/strong><\/li>\n<li>La carte est vari\u00e9e et tr\u00e8s diversifi\u00e9e, elle changera d\u2019ailleurs r\u00e9guli\u00e8rement en fonction des envies du moment. Selon nous, certaines associations fonctionnement mieux que d\u2019autres, mais heureusement qu\u2019on n\u2019a pas tous et toutes les m\u00eames go\u00fbts<\/li>\n<li>Une veranda se cache \u00e0 l\u2019arri\u00e8re du restaurant, elle est d\u2019ailleurs privatisable pour des \u00e9v\u00e9nements<\/li>\n<li><strong>C\u2019est un projet mont\u00e9 en famille par des personnes qui donnent beaucoup de leur personnalit\u00e9, et \u00e7a, on adore<\/strong><\/li>\n<\/ul>\n<p>                <img width=\"375\" height=\"500\" src=\"https:\/\/www.europesays.com\/fr\/wp-content\/uploads\/2025\/05\/peach-brunchimg-4268-2-375x500.jpeg\" class=\"attachment-gallery size-gallery\" alt=\"Peach brunchIMG_4268 2\" data-full-url=\"https:\/\/pokaa.fr\/wp-content\/uploads\/2025\/05\/02\/peach-brunchimg-4268-2.jpeg\" decoding=\"async\" loading=\"lazy\"  \/>            <\/p>\n<p>                <img width=\"375\" height=\"500\" src=\"https:\/\/www.europesays.com\/fr\/wp-content\/uploads\/2025\/05\/peach-brunchimg-4204-375x500.jpeg\" class=\"attachment-gallery size-gallery\" alt=\"Peach brunchIMG_4204\" data-full-url=\"https:\/\/pokaa.fr\/wp-content\/uploads\/2025\/05\/02\/peach-brunchimg-4204.jpeg\" decoding=\"async\" loading=\"lazy\"  \/>            <\/p>\n<p>                <img width=\"667\" height=\"500\" src=\"https:\/\/www.europesays.com\/fr\/wp-content\/uploads\/2025\/05\/peach-brunchimg-4137-667x500.jpeg\" class=\"attachment-gallery size-gallery\" alt=\"Peach brunchIMG_4137\" data-full-url=\"https:\/\/pokaa.fr\/wp-content\/uploads\/2025\/05\/02\/peach-brunchimg-4137.jpeg\" decoding=\"async\" loading=\"lazy\"  \/>            <\/p>\n<p>                <img width=\"375\" height=\"500\" src=\"https:\/\/www.europesays.com\/fr\/wp-content\/uploads\/2025\/05\/peach-brunchimg-4139-375x500.jpeg\" class=\"attachment-gallery size-gallery\" alt=\"Peach brunchIMG_4139\" data-full-url=\"https:\/\/pokaa.fr\/wp-content\/uploads\/2025\/05\/02\/peach-brunchimg-4139.jpeg\" decoding=\"async\" loading=\"lazy\"  \/>            <\/p>\n<p>                <img width=\"667\" height=\"500\" src=\"https:\/\/www.europesays.com\/fr\/wp-content\/uploads\/2025\/05\/peach-brunchimg-4108-2-667x500.jpeg\" class=\"attachment-gallery size-gallery\" alt=\"Peach brunchIMG_4108 2\" data-full-url=\"https:\/\/pokaa.fr\/wp-content\/uploads\/2025\/05\/02\/peach-brunchimg-4108-2.jpeg\" decoding=\"async\" loading=\"lazy\"  \/>            <\/p>\n<p>                <img width=\"375\" height=\"500\" src=\"https:\/\/www.europesays.com\/fr\/wp-content\/uploads\/2025\/05\/peach-brunchimg-4103-375x500.jpeg\" class=\"attachment-gallery size-gallery\" alt=\"Peach brunchIMG_4103\" data-full-url=\"https:\/\/pokaa.fr\/wp-content\/uploads\/2025\/05\/02\/peach-brunchimg-4103.jpeg\" decoding=\"async\" loading=\"lazy\"  \/>            <\/p>\n<p>                <img width=\"667\" height=\"500\" src=\"https:\/\/www.europesays.com\/fr\/wp-content\/uploads\/2025\/05\/peach-brunchimg-4292-667x500.jpeg\" class=\"attachment-gallery size-gallery\" alt=\"Peach brunchIMG_4292\" data-full-url=\"https:\/\/pokaa.fr\/wp-content\/uploads\/2025\/05\/02\/peach-brunchimg-4292.jpeg\" decoding=\"async\" loading=\"lazy\"  \/>            <\/p>\n<p>                    \u00a9 Bastien Pietronave \/ Pokaa<\/p>\n","protected":false},"excerpt":{"rendered":"En d\u00e9cembre 2024, un ancien local associatif se transformait en lieu de rendez-vous pour les amateurs\/rices de brunchs&hellip;\n","protected":false},"author":2,"featured_media":76651,"comment_status":"","ping_status":"","sticky":false,"template":"","format":"standard","meta":{"footnotes":""},"categories":[2820],"tags":[1111,11,18191,1777,674,1011,27,775,12,18192,25,640],"class_list":{"0":"post-76650","1":"post","2":"type-post","3":"status-publish","4":"format-standard","5":"has-post-thumbnail","7":"category-strasbourg","8":"tag-actu","9":"tag-actualites","10":"tag-brunch","11":"tag-eu","12":"tag-europe","13":"tag-fr","14":"tag-france","15":"tag-grand-est","16":"tag-news","17":"tag-peach","18":"tag-republique-francaise","19":"tag-strasbourg"},"share_on_mastodon":{"url":"https:\/\/pubeurope.com\/@fr\/114455277157673236","error":""},"_links":{"self":[{"href":"https:\/\/www.europesays.com\/fr\/wp-json\/wp\/v2\/posts\/76650","targetHints":{"allow":["GET"]}}],"collection":[{"href":"https:\/\/www.europesays.com\/fr\/wp-json\/wp\/v2\/posts"}],"about":[{"href":"https:\/\/www.europesays.com\/fr\/wp-json\/wp\/v2\/types\/post"}],"author":[{"embeddable":true,"href":"https:\/\/www.europesays.com\/fr\/wp-json\/wp\/v2\/users\/2"}],"replies":[{"embeddable":true,"href":"https:\/\/www.europesays.com\/fr\/wp-json\/wp\/v2\/comments?post=76650"}],"version-history":[{"count":0,"href":"https:\/\/www.europesays.com\/fr\/wp-json\/wp\/v2\/posts\/76650\/revisions"}],"wp:featuredmedia":[{"embeddable":true,"href":"https:\/\/www.europesays.com\/fr\/wp-json\/wp\/v2\/media\/76651"}],"wp:attachment":[{"href":"https:\/\/www.europesays.com\/fr\/wp-json\/wp\/v2\/media?parent=76650"}],"wp:term":[{"taxonomy":"category","embeddable":true,"href":"https:\/\/www.europesays.com\/fr\/wp-json\/wp\/v2\/categories?post=76650"},{"taxonomy":"post_tag","embeddable":true,"href":"https:\/\/www.europesays.com\/fr\/wp-json\/wp\/v2\/tags?post=76650"}],"curies":[{"name":"wp","href":"https:\/\/api.w.org\/{rel}","templated":true}]}}