{"id":76660,"date":"2025-05-05T12:45:11","date_gmt":"2025-05-05T12:45:11","guid":{"rendered":"https:\/\/www.europesays.com\/fr\/76660\/"},"modified":"2025-05-05T12:45:11","modified_gmt":"2025-05-05T12:45:11","slug":"une-adolescente-agressee-dans-le-parcage-visiteurs-un-homme-arrete-angers-info","status":"publish","type":"post","link":"https:\/\/www.europesays.com\/fr\/76660\/","title":{"rendered":"une adolescente agress\u00e9e dans le parcage visiteurs, un homme arr\u00eat\u00e9 \u2013 Angers Info"},"content":{"rendered":"<p><img fetchpriority=\"high\" decoding=\"async\" width=\"1024\" height=\"737\" src=\"https:\/\/www.europesays.com\/fr\/wp-content\/uploads\/2025\/05\/3461B3D1-F7EA-4524-AB5C-2968825ED49A-2-1024x737.jpg\" alt=\"\" class=\"wp-image-149440\"  \/>Image d\u2019Illustration<\/p>\n<p><strong>Un supporter du SCO d\u2019Angers, \u00e2g\u00e9 de 45 ans, a \u00e9t\u00e9 interpell\u00e9 dimanche 4 mai 2025 au stade de la Beaujoire \u00e0 Nantes, lors du match de Ligue 1 entre le FC Nantes et Angers. Il est soup\u00e7onn\u00e9 d\u2019avoir eu un comportement d\u00e9plac\u00e9 envers une adolescente de 15 ans, pr\u00e9sente dans le parcage visiteur.<\/strong><\/p>\n<p><strong>Signal\u00e9 par la victime, l\u2019homme remis \u00e0 la police<br \/><\/strong>Selon <a href=\"https:\/\/www.ouest-france.fr\/societe\/faits-divers\/un-supporter-angevin-interpelle-a-la-beaujoire-pour-une-agression-sexuelle-sur-mineure-6750c116-2996-11f0-964c-4f0f93c651c3\" target=\"_blank\" rel=\"noopener\">Ouest France,<\/a> l\u2019adolescente avait rep\u00e9r\u00e9 l\u2019individu d\u00e8s son arriv\u00e9e dans la tribune r\u00e9serv\u00e9e aux supporters angevins, le d\u00e9crivant comme ayant un \u00ab regard bizarre \u00bb. C\u2019est au moment d\u2019un regroupement \u00e0 l\u2019entr\u00e9e de la tribune qu\u2019elle aurait \u00e9t\u00e9 troubl\u00e9e par son attitude. Quelques instants plus tard, elle affirme avoir \u00e9t\u00e9 touch\u00e9e de mani\u00e8re inappropri\u00e9e.<\/p>\n<p>La jeune fille a imm\u00e9diatement alert\u00e9 son p\u00e8re, pr\u00e9sent \u00e0 ses c\u00f4t\u00e9s, qui s\u2019est adress\u00e9 aux agents de s\u00e9curit\u00e9. Ceux-ci ont appr\u00e9hend\u00e9 l\u2019individu concern\u00e9 et l\u2019ont remis aux policiers. L\u2019homme, manifestement en \u00e9tat d\u2019ivresse, a \u00e9t\u00e9 plac\u00e9 en garde \u00e0 vue au commissariat central de Nantes.<\/p>\n<p><strong>Taux d\u2019alcool \u00e9lev\u00e9<br \/><\/strong>Un test d\u2019alcool\u00e9mie a r\u00e9v\u00e9l\u00e9 un taux de 1,24 mg\/L d\u2019air expir\u00e9, soit l\u2019\u00e9quivalent de 2,48 g\/L dans le sang. L\u2019adolescente et son p\u00e8re ont port\u00e9 plainte \u00e0 l\u2019issue de la rencontre. Une enqu\u00eate a \u00e9t\u00e9 ouverte.<\/p>\n","protected":false},"excerpt":{"rendered":"Image d\u2019Illustration Un supporter du SCO d\u2019Angers, \u00e2g\u00e9 de 45 ans, a \u00e9t\u00e9 interpell\u00e9 dimanche 4 mai 2025&hellip;\n","protected":false},"author":2,"featured_media":76661,"comment_status":"","ping_status":"","sticky":false,"template":"","format":"standard","meta":{"footnotes":""},"categories":[2818],"tags":[1111,11,1267,1438,460,1777,674,63,1011,27,766,12,2636,25],"class_list":{"0":"post-76660","1":"post","2":"type-post","3":"status-publish","4":"format-standard","5":"has-post-thumbnail","7":"category-nantes","8":"tag-actu","9":"tag-actualites","10":"tag-agression-sexuelle","11":"tag-angers","12":"tag-angers-sco","13":"tag-eu","14":"tag-europe","15":"tag-football","16":"tag-fr","17":"tag-france","18":"tag-nantes","19":"tag-news","20":"tag-pays-de-la-loire","21":"tag-republique-francaise"},"share_on_mastodon":{"url":"https:\/\/pubeurope.com\/@fr\/114455296339757568","error":""},"_links":{"self":[{"href":"https:\/\/www.europesays.com\/fr\/wp-json\/wp\/v2\/posts\/76660","targetHints":{"allow":["GET"]}}],"collection":[{"href":"https:\/\/www.europesays.com\/fr\/wp-json\/wp\/v2\/posts"}],"about":[{"href":"https:\/\/www.europesays.com\/fr\/wp-json\/wp\/v2\/types\/post"}],"author":[{"embeddable":true,"href":"https:\/\/www.europesays.com\/fr\/wp-json\/wp\/v2\/users\/2"}],"replies":[{"embeddable":true,"href":"https:\/\/www.europesays.com\/fr\/wp-json\/wp\/v2\/comments?post=76660"}],"version-history":[{"count":0,"href":"https:\/\/www.europesays.com\/fr\/wp-json\/wp\/v2\/posts\/76660\/revisions"}],"wp:featuredmedia":[{"embeddable":true,"href":"https:\/\/www.europesays.com\/fr\/wp-json\/wp\/v2\/media\/76661"}],"wp:attachment":[{"href":"https:\/\/www.europesays.com\/fr\/wp-json\/wp\/v2\/media?parent=76660"}],"wp:term":[{"taxonomy":"category","embeddable":true,"href":"https:\/\/www.europesays.com\/fr\/wp-json\/wp\/v2\/categories?post=76660"},{"taxonomy":"post_tag","embeddable":true,"href":"https:\/\/www.europesays.com\/fr\/wp-json\/wp\/v2\/tags?post=76660"}],"curies":[{"name":"wp","href":"https:\/\/api.w.org\/{rel}","templated":true}]}}