{"id":766878,"date":"2026-02-28T23:55:17","date_gmt":"2026-02-28T23:55:17","guid":{"rendered":"https:\/\/www.europesays.com\/fr\/766878\/"},"modified":"2026-02-28T23:55:17","modified_gmt":"2026-02-28T23:55:17","slug":"n2-locmine-respire-le-bas-de-tableau-reste-sous-tension-dans-la-poule-des-girondins","status":"publish","type":"post","link":"https:\/\/www.europesays.com\/fr\/766878\/","title":{"rendered":"N2 : Locmin\u00e9 respire, le bas de tableau reste sous tension dans la poule des Girondins"},"content":{"rendered":"<p><img decoding=\"async\" src=\"https:\/\/www.europesays.com\/fr\/wp-content\/uploads\/2025\/10\/671_2736f79fccaffe6298e908a716c02291.jpg\" alt=\"N2 : Locmin\u00e9 respire, le bas de tableau reste sous tension dans la poule des Girondins\" class=\"img-responsive mt-3\"\/><\/p>\n<p class=\"text-center mb-3\" style=\"font-size: 14px\">\u00a9 Iconsport<\/p>\n<p>      <strong>Girondins de Bordeaux : un classement toujours incertain en National 2<\/strong><\/p>\n<p style=\"text-align: justify;\">Il n&rsquo;y a pas eu beaucoup de buts ce samedi compar\u00e9 au score fleuve de vendredi soir entre <a href=\"https:\/\/www.webgirondins.com\/actualite-girondins-n2-bayonne-corrige-severement-angouleme-et-frappe-fort-dans-la-poule-des-girondins-132324\" target=\"_blank\" rel=\"noopener nofollow\">l&rsquo;Aviron Bayonnais et Angoul\u00eame Charente FC (5-0)<\/a>. Un seul but a \u00e9t\u00e9 marqu\u00e9 par Locmin\u00e9 ce samedi. Le Bretons ne sont plus rel\u00e9gables.<\/p>\n<p style=\"text-align: justify;\">R\u00e9sultats des matchs en retard :<\/p>\n<p style=\"text-align: justify;\">Les Herbiers <strong>0-1<\/strong> Saint-Malo<br \/>Bayonne <strong>5-0<\/strong> Angoul\u00eame<br \/>Locmin\u00e9 <strong>1-0<\/strong> Lorient<br \/>Montlouis <strong>0-0<\/strong> Chauray<\/p>\n<p style=\"text-align: justify;\">La 20e et prochaine journ\u00e9e d\u00e9bute vendredi 6 mars. Les autres matchs en retard de la poule A se joueront au mois de mars et avril.<\/p>\n<p style=\"text-align: justify;\">&gt;&gt; <a href=\"https:\/\/www.webgirondins.com\/classement-girondins-national-2\" target=\"_blank\" rel=\"noopener nofollow\"><strong>Voir le classement de National 2<\/strong><\/a><\/p>\n<p style=\"text-align: justify;\">\u00c0 lire &gt;&gt; <strong><a href=\"https:\/\/www.webgirondins.com\/actualite-mercato-girondins-la-recrue-zola-oniesim-est-a-bordeaux-132329\" target=\"_blank\" rel=\"noopener nofollow\">la recrue Zola Oniesim est \u00e0 Bordeaux<\/a><\/strong><\/p>\n<p style=\"text-align: justify;\">Notre podcast court \u00e0 \u00e9couter sur l&rsquo;actualit\u00e9 des Girondins de Bordeaux :<br \/><strong><br \/><\/strong><\/p>\n<p>\u00a0<\/p>\n","protected":false},"excerpt":{"rendered":"\u00a9 Iconsport Girondins de Bordeaux : un classement toujours incertain en National 2 Il n&rsquo;y a pas eu&hellip;\n","protected":false},"author":2,"featured_media":441698,"comment_status":"","ping_status":"","sticky":false,"template":"","format":"standard","meta":{"footnotes":"","_share_on_mastodon":"0"},"categories":[1410],"tags":[1997,33487,1446,37779,63,1011,27,1987,4432,22567,7557,3238,4789,30807,3138,3107,60,3898,6371],"class_list":["post-766878","post","type-post","status-publish","format-standard","has-post-thumbnail","category-football","tag-bordeaux","tag-continue","tag-dans","tag-derriere","tag-football","tag-fr","tag-france","tag-girondins","tag-jour","tag-locmine","tag-mettre","tag-national","tag-poule","tag-respire","tag-reste","tag-sous","tag-sports","tag-tableau","tag-tension"],"share_on_mastodon":{"url":"https:\/\/pubeurope.com\/@fr\/116150964384446877","error":""},"_links":{"self":[{"href":"https:\/\/www.europesays.com\/fr\/wp-json\/wp\/v2\/posts\/766878","targetHints":{"allow":["GET"]}}],"collection":[{"href":"https:\/\/www.europesays.com\/fr\/wp-json\/wp\/v2\/posts"}],"about":[{"href":"https:\/\/www.europesays.com\/fr\/wp-json\/wp\/v2\/types\/post"}],"author":[{"embeddable":true,"href":"https:\/\/www.europesays.com\/fr\/wp-json\/wp\/v2\/users\/2"}],"replies":[{"embeddable":true,"href":"https:\/\/www.europesays.com\/fr\/wp-json\/wp\/v2\/comments?post=766878"}],"version-history":[{"count":0,"href":"https:\/\/www.europesays.com\/fr\/wp-json\/wp\/v2\/posts\/766878\/revisions"}],"wp:featuredmedia":[{"embeddable":true,"href":"https:\/\/www.europesays.com\/fr\/wp-json\/wp\/v2\/media\/441698"}],"wp:attachment":[{"href":"https:\/\/www.europesays.com\/fr\/wp-json\/wp\/v2\/media?parent=766878"}],"wp:term":[{"taxonomy":"category","embeddable":true,"href":"https:\/\/www.europesays.com\/fr\/wp-json\/wp\/v2\/categories?post=766878"},{"taxonomy":"post_tag","embeddable":true,"href":"https:\/\/www.europesays.com\/fr\/wp-json\/wp\/v2\/tags?post=766878"}],"curies":[{"name":"wp","href":"https:\/\/api.w.org\/{rel}","templated":true}]}}