{"id":76692,"date":"2025-05-05T13:04:09","date_gmt":"2025-05-05T13:04:09","guid":{"rendered":"https:\/\/www.europesays.com\/fr\/76692\/"},"modified":"2025-05-05T13:04:09","modified_gmt":"2025-05-05T13:04:09","slug":"la-coree-du-nord-envoie-ses-soldats-a-la-russie-mais-aussi-sa-main-doeuvre-lexpress","status":"publish","type":"post","link":"https:\/\/www.europesays.com\/fr\/76692\/","title":{"rendered":"La Cor\u00e9e du Nord envoie ses soldats \u00e0 la Russie&#8230; mais aussi sa main d&rsquo;oeuvre \u2013 L&rsquo;Express"},"content":{"rendered":"<p class=\"paragraph article-body-paragraph article__item   article-body-paragraph--first \">Dans le cadre de l\u2019alliance toujours plus \u00e9troite entre Pyongyang et Moscou, <a href=\"https:\/\/www.lexpress.fr\/monde\/europe\/les-bombes-humaines-de-kim-jong-un-ces-soldats-delite-qui-menacent-lukraine-EXC6QWACL5FEFMHQG2F7Y44ZYQ\/\" target=\"_blank\" rel=\"noopener\">Kim Jong-un<\/a> a intensifi\u00e9 son soutien au Kremlin, offrant \u00e0 <a href=\"https:\/\/www.lexpress.fr\/monde\/europe\/il-est-lhomme-qui-a-fabrique-vladimir-poutine-pourquoi-nous-avons-interviewe-vladislav-sourkov-TDKAB2PDQVF3RFSPQKH5NPRIIU\/\" target=\"_blank\" rel=\"noopener\">Vladimir Poutine<\/a> ce que la Russie r\u00e9clame avec insistance : des bras. Selon une estimation r\u00e9cente des services de renseignements sud-cor\u00e9ens (NIS), la Cor\u00e9e du Nord aurait envoy\u00e9 environ 15 000 travailleurs en <a href=\"https:\/\/www.lexpress.fr\/idees-et-debats\/robert-person-toute-solution-diplomatique-entre-la-russie-et-lukraine-est-aujourdhui-illusoire-IX3B3XCAYVGIPDYB5RPODGOHZU\/\" target=\"_blank\" rel=\"noopener\">Russie<\/a>, la plupart sous couvert de visas \u00e9tudiants, en violation directe des sanctions onusiennes visant Pyongyang. Le chiffre est spectaculaire : le nombre de Nord-Cor\u00e9ens entr\u00e9s en Russie a \u00e9t\u00e9 multipli\u00e9 par 12 par rapport \u00e0 l\u2019ann\u00e9e pr\u00e9c\u00e9dente, selon l\u2019hebdomadaire am\u00e9ricain <a href=\"https:\/\/www.newsweek.com\/russia-turns-north-koreans-amid-labor-shortage-2028743\" target=\"_blank\" rel=\"noopener\">Newsweek<\/a>. Jusqu\u2019ici concentr\u00e9s dans l\u2019Extr\u00eame-Orient russe, notamment en Sib\u00e9rie et dans les r\u00e9gions frontali\u00e8res, ces travailleurs pourraient bient\u00f4t rejoindre Moscou et d\u2019autres grandes villes, selon les espoirs exprim\u00e9s par plusieurs responsables de l\u2019industrie russe.<\/p>\n<p class=\"paragraph article-body-paragraph article__item   \">Comme le rappelle <a href=\"https:\/\/www.wsj.com\/world\/asia\/kim-jong-uns-latest-gift-to-russia-is-migrant-workers-916693a4?mod=hp_lead_pos10\" target=\"_blank\" rel=\"noopener\">The Wall Street Journal<\/a>, la Russie fait face \u00e0 une crise d\u00e9mographique aigu\u00eb, amplifi\u00e9e par <a href=\"https:\/\/www.lexpress.fr\/monde\/europe\/l-ukraine-hesite-entre-est-et-ouest_1302698.html\" target=\"_self\" rel=\"noopener\" title=\"https:\/\/www.lexpress.fr\/monde\/europe\/l-ukraine-hesite-entre-est-et-ouest_1302698.html\">la guerre en Ukraine<\/a>, entam\u00e9e en f\u00e9vrier 2022. Des centaines de milliers de soldats russes seraient morts au front, selon les estimations occidentales, tandis qu\u2019une partie de la population active a fui le pays pour \u00e9chapper \u00e0 la <a href=\"https:\/\/www.lexpress.fr\/monde\/europe\/guerre-en-ukraine-les-multiples-strategies-de-moscou-pour-continuer-a-recruter-des-volontaires-XA3RCDENJNBELO25ZRFJMJCUWU\/\" target=\"_self\" rel=\"noopener\" title=\"https:\/\/www.lexpress.fr\/monde\/europe\/guerre-en-ukraine-les-multiples-strategies-de-moscou-pour-continuer-a-recruter-des-volontaires-XA3RCDENJNBELO25ZRFJMJCUWU\/\">mobilisation<\/a>. Le minist\u00e8re russe du Travail estime que le d\u00e9ficit de main-d\u2019\u0153uvre pourrait atteindre 2,4 millions d\u2019ici 2030, contre 1,5 million aujourd\u2019hui. Dans ce contexte, les travailleurs nord-cor\u00e9ens sont une aubaine pour le Kremlin : peu exigeants, tr\u00e8s encadr\u00e9s et, surtout, silencieux.<\/p>\n<p><strong class=\"article-body-link-list__item text-gray-800 article-body-link-list__item--one-item\">LIRE AUSSI : <a class=\"article-body-link-list__item-link\" href=\"https:\/\/www.lexpress.fr\/idees-et-debats\/robert-person-toute-solution-diplomatique-entre-la-russie-et-lukraine-est-aujourdhui-illusoire-IX3B3XCAYVGIPDYB5RPODGOHZU\/\" target=\"_blank\" rel=\"noreferrer noopener\">Robert Person : \u00ab\u00a0Toute solution diplomatique entre la Russie et l\u2019Ukraine est aujourd\u2019hui illusoire\u00a0\u00bb<\/a><\/strong><\/p>\n<p class=\"paragraph article-body-paragraph article__item   \">Mais leur pr\u00e9sence constitue une violation flagrante des r\u00e9solutions du Conseil de s\u00e9curit\u00e9 de l&rsquo;ONU, qui interdisent depuis 2017 l\u2019emploi de main-d\u2019\u0153uvre nord-cor\u00e9enne \u00e0 l\u2019\u00e9tranger, afin de couper les financements au r\u00e9gime de Kim Jong-un. D\u00e9j\u00e0 en f\u00e9vrier dernier, <a href=\"https:\/\/www.newsweek.com\/russia-turns-north-koreans-amid-labor-shortage-2028743\" target=\"_blank\" rel=\"noopener\">Newsweek<\/a> rapportait que plusieurs milliers de travailleurs nord-cor\u00e9ens avaient \u00e9t\u00e9 d\u00e9ploy\u00e9s dans les secteurs de la construction, de la foresterie ou des mines en Russie. Selon le Korea Herald, ces ouvriers recevraient environ 800 dollars par mois, dont une partie serait confisqu\u00e9e par le gouvernement nord-cor\u00e9en.<\/p>\n<p>12 000 soldats nord-cor\u00e9ens envoy\u00e9s en Ukraine<\/p>\n<p class=\"paragraph article-body-paragraph article__item   \">Au-del\u00e0 de la main d\u2019\u0153uvre civile, <a href=\"https:\/\/www.lexpress.fr\/monde\/asie\/guerre-en-ukraine-la-coree-du-nord-confirme-pour-la-premiere-fois-lenvoi-de-soldats-en-russie-VG35JCJTLRE43N3V3IVVG3UFL4\/\" target=\"_self\" rel=\"noopener\" title=\"https:\/\/www.lexpress.fr\/monde\/asie\/guerre-en-ukraine-la-coree-du-nord-confirme-pour-la-premiere-fois-lenvoi-de-soldats-en-russie-VG35JCJTLRE43N3V3IVVG3UFL4\/\">Pyongyang a confirm\u00e9 il y a quelques jours avoir fourni un soutien militaire direct \u00e0 la Russie<\/a>. Lors d\u2019un briefing au Parlement sud-cor\u00e9en le 30 avril, le d\u00e9put\u00e9 Lee Seong-Kweun a r\u00e9v\u00e9l\u00e9 que 12 000 soldats nord-cor\u00e9ens avaient \u00e9t\u00e9 envoy\u00e9s en Ukraine en 2024, suivis de 3 000 autres en 2025 pour compenser les pertes russes. Ces troupes auraient notamment jou\u00e9 un r\u00f4le cl\u00e9 dans la reconqu\u00eate de la r\u00e9gion strat\u00e9gique de Koursk, au sud de la Russie, occup\u00e9e par les forces ukrainiennes. D\u2019apr\u00e8s les renseignements sud-cor\u00e9ens, environ 600 soldats nord-cor\u00e9ens ont \u00e9t\u00e9 tu\u00e9s au combat, et pr\u00e8s de 2 000 bless\u00e9s rapatri\u00e9s entre janvier et mars par voie a\u00e9rienne et ferroviaire.<\/p>\n<p><strong class=\"article-body-link-list__item text-gray-800 article-body-link-list__item--one-item\">LIRE AUSSI : <a class=\"article-body-link-list__item-link\" href=\"https:\/\/www.lexpress.fr\/monde\/europe\/claude-blanchemaison-ex-ambassadeur-a-moscou-poutine-devra-aussi-faire-des-concessions-territoriales-HMFLQBCFD5BLRJPGMTQ6BLV2SU\/\" target=\"_blank\" rel=\"noreferrer noopener\">Claude Blanchemaison, ex-ambassadeur \u00e0 Moscou : \u00ab\u00a0Poutine devra aussi faire des concessions territoriales\u00a0\u00bb<\/a><\/strong><\/p>\n<p class=\"paragraph article-body-paragraph article__item   \">Ces soldats seraient actuellement maintenus \u00e0 l\u2019isolement \u00e0 Pyongyang et dans d\u2019autres zones sensibles du pays, tandis que les corps des morts auraient \u00e9t\u00e9 incin\u00e9r\u00e9s en Russie, les cendres renvoy\u00e9es en Cor\u00e9e du Nord pour \u00e9viter toute m\u00e9diatisation. A noter qu\u2019un <a href=\"https:\/\/www.lexpress.fr\/monde\/europe\/guerre-en-ukraine-les-soldats-nord-coreens-retires-du-front-apres-de-lourdes-pertes-YV3UQ3WOZJFONIPWLN5LBUANV4\/\" target=\"_self\" rel=\"noopener\" title=\"https:\/\/www.lexpress.fr\/monde\/europe\/guerre-en-ukraine-les-soldats-nord-coreens-retires-du-front-apres-de-lourdes-pertes-YV3UQ3WOZJFONIPWLN5LBUANV4\/\">retrait temporaire<\/a> des forces nord-cor\u00e9ennes de la r\u00e9gion de Koursk avait \u00e9t\u00e9 observ\u00e9 fin janvier 2025 apr\u00e8s avoir subi de lourdes pertes, selon des responsables ukrainiens et am\u00e9ricains anonymes cit\u00e9s par le New York Times. Mais d\u00e8s le 7 f\u00e9vrier, le pr\u00e9sident ukrainien <a href=\"https:\/\/www.lexpress.fr\/monde\/europe\/guerre-en-ukraine-nouveau-round-de-pourparlers-a-londres-7Q23ORRGSJB55MAANFLSLZNTF4\/\" target=\"_blank\" rel=\"noopener\" title=\"https:\/\/www.lexpress.fr\/monde\/europe\/guerre-en-ukraine-nouveau-round-de-pourparlers-a-londres-7Q23ORRGSJB55MAANFLSLZNTF4\/\">Volodymyr Zelensky<\/a> confirmait leur retour au front, preuve du lien d\u00e9sormais organique entre les arm\u00e9es russe et nord-cor\u00e9enne.<\/p>\n<p class=\"paragraph article-body-paragraph article__item    article__text__endpicto\">A travers cette coop\u00e9ration croissante, Pyongyang et Moscou s\u2019affranchissent de plus en plus ouvertement du cadre multilat\u00e9ral. Pour Kim Jong-un, cette alliance est une planche de salut \u00e9conomique et diplomatique. Pour Vladimir Poutine, un appui opportun dans une guerre d\u2019usure qui \u00e9puise l\u2019arm\u00e9e et l\u2019\u00e9conomie russes.<\/p>\n","protected":false},"excerpt":{"rendered":"Dans le cadre de l\u2019alliance toujours plus \u00e9troite entre Pyongyang et Moscou, Kim Jong-un a intensifi\u00e9 son soutien&hellip;\n","protected":false},"author":2,"featured_media":76693,"comment_status":"","ping_status":"","sticky":false,"template":"","format":"standard","meta":{"footnotes":""},"categories":[1591],"tags":[11,1328,1887,74,12,1885,1886,132],"class_list":{"0":"post-76692","1":"post","2":"type-post","3":"status-publish","4":"format-standard","5":"has-post-thumbnail","7":"category-russie","8":"tag-actualites","9":"tag-asie-pacifique","10":"tag-federation-de-russie","11":"tag-monde","12":"tag-news","13":"tag-russia","14":"tag-russian-federation","15":"tag-russie"},"share_on_mastodon":{"url":"https:\/\/pubeurope.com\/@fr\/114455371070017116","error":""},"_links":{"self":[{"href":"https:\/\/www.europesays.com\/fr\/wp-json\/wp\/v2\/posts\/76692","targetHints":{"allow":["GET"]}}],"collection":[{"href":"https:\/\/www.europesays.com\/fr\/wp-json\/wp\/v2\/posts"}],"about":[{"href":"https:\/\/www.europesays.com\/fr\/wp-json\/wp\/v2\/types\/post"}],"author":[{"embeddable":true,"href":"https:\/\/www.europesays.com\/fr\/wp-json\/wp\/v2\/users\/2"}],"replies":[{"embeddable":true,"href":"https:\/\/www.europesays.com\/fr\/wp-json\/wp\/v2\/comments?post=76692"}],"version-history":[{"count":0,"href":"https:\/\/www.europesays.com\/fr\/wp-json\/wp\/v2\/posts\/76692\/revisions"}],"wp:featuredmedia":[{"embeddable":true,"href":"https:\/\/www.europesays.com\/fr\/wp-json\/wp\/v2\/media\/76693"}],"wp:attachment":[{"href":"https:\/\/www.europesays.com\/fr\/wp-json\/wp\/v2\/media?parent=76692"}],"wp:term":[{"taxonomy":"category","embeddable":true,"href":"https:\/\/www.europesays.com\/fr\/wp-json\/wp\/v2\/categories?post=76692"},{"taxonomy":"post_tag","embeddable":true,"href":"https:\/\/www.europesays.com\/fr\/wp-json\/wp\/v2\/tags?post=76692"}],"curies":[{"name":"wp","href":"https:\/\/api.w.org\/{rel}","templated":true}]}}