{"id":76716,"date":"2025-05-05T13:20:11","date_gmt":"2025-05-05T13:20:11","guid":{"rendered":"https:\/\/www.europesays.com\/fr\/76716\/"},"modified":"2025-05-05T13:20:11","modified_gmt":"2025-05-05T13:20:11","slug":"alpine-envisage-le-remplacement-immediat-de-doohan-par-colapinto","status":"publish","type":"post","link":"https:\/\/www.europesays.com\/fr\/76716\/","title":{"rendered":"Alpine envisage le remplacement imm\u00e9diat de Doohan par Colapinto"},"content":{"rendered":"<p>Le d\u00e9but de la saison europ\u00e9enne marquera-t-il d\u00e9j\u00e0 la fin de la campagne de <a href=\"https:\/\/fr.motorsport.com\/driver\/jack-doohan\/455259\/\" target=\"_blank\" rel=\"noopener\">Jack Doohan<\/a>\u00a0? C&rsquo;est en tout cas une probabilit\u00e9 alors que son \u00e9curie, <a href=\"https:\/\/fr.motorsport.com\/team\/alpine\/37490\/\" target=\"_blank\" rel=\"noopener\">Alpine<\/a>, est actuellement en train de caresser l&rsquo;id\u00e9e de le remplacer par <a href=\"https:\/\/fr.motorsport.com\/driver\/franco-colapinto\/875918\/\" target=\"_blank\" rel=\"noopener\">Franco Colapinto<\/a>, nomm\u00e9 r\u00e9serviste en d\u00e9but d&rsquo;ann\u00e9e, selon les informations r\u00e9colt\u00e9es par\u00a0<strong>Motorsport.com<\/strong>.<\/p>\n<p>D\u00e9j\u00e0 sous une grande pression depuis l&rsquo;arriv\u00e9e de l&rsquo;Argentin dans les rangs de l&rsquo;\u00e9curie, Doohan n&rsquo;a jusqu&rsquo;ici sign\u00e9 aucun r\u00e9sultat particuli\u00e8rement notable et s&rsquo;est surtout fait remarquer par son implication dans plusieurs incidents en piste, pas plus tard que ce dimanche soir lors des premiers virages du GP de Miami, quand il s&rsquo;est accroch\u00e9 avec <a href=\"https:\/\/fr.motorsport.com\/driver\/liam-lawson\/826061\/\" target=\"_blank\" rel=\"noopener\">Liam Lawson<\/a>. Il avait aussi \u00e9t\u00e9 l&rsquo;auteur d&rsquo;une \u00e9norme sortie de piste \u00e0 Suzuka en essais libres, <a href=\"https:\/\/fr.motorsport.com\/f1\/news\/alpine-confirme-erreur-jugement-crash-doohan\/10709796\/\" target=\"_self\" rel=\"noopener\">quand il avait abord\u00e9 le premier virage sans d\u00e9sactiver son DRS<\/a>.<\/p>\n<p>Alpine semble disposer cette saison d&rsquo;une monoplace plus prometteuse que l&rsquo;an pass\u00e9 \u00e0 ce stade de la campagne. Toutefois, jusqu&rsquo;ici, l&rsquo;A525 n&rsquo;a termin\u00e9 dans les points qu&rsquo;\u00e0 une seule reprise au terme d&rsquo;une course, avec la septi\u00e8me place de <a href=\"https:\/\/fr.motorsport.com\/driver\/pierre-gasly\/95098\/\" target=\"_blank\" rel=\"noopener\">Pierre Gasly<\/a> \u00e0 Bahre\u00efn. \u00c0 Miami, le Fran\u00e7ais a inscrit une autre unit\u00e9 au terme du sprint, mais apr\u00e8s trois p\u00e9nalit\u00e9s inflig\u00e9es \u00e0 des pilotes qui avaient termin\u00e9 devant lui. L&rsquo;\u00e9curie franco-britannique est actuellement <a href=\"https:\/\/fr.motorsport.com\/f1\/standings\/2025\/?type=Team&amp;class=\" target=\"_self\" rel=\"noopener\">neuvi\u00e8me du classement constructeurs<\/a>, ne devan\u00e7ant que <a href=\"https:\/\/fr.motorsport.com\/team\/stake-sauber\/612\/\" target=\"_blank\" rel=\"noopener\">Stake Sauber<\/a>.<\/p>\n<p>Ses r\u00e9sultats plut\u00f4t d\u00e9cevants et ses accidents n&rsquo;ont rien fait, jusqu&rsquo;ici, pour dissiper les rumeurs qui entourent l&rsquo;avenir \u00e0 court terme de Doohan, rumeurs qui ont \u00e9galement \u00e9t\u00e9 largement aliment\u00e9es par le discours des responsables de la structure d&rsquo;Enstone. Plus encore, ces derni\u00e8res semaines, le PDG de la compagnie p\u00e9troli\u00e8re argentine YPF, Horacio Mar\u00edn, a lanc\u00e9 que Colapinto serait dans l&rsquo;Alpine \u00ab\u00a0\u00e0 Imola\u00a0\u00bb apr\u00e8s une interview t\u00e9l\u00e9vis\u00e9e, avant de r\u00e9trop\u00e9daler en expliquant que c&rsquo;\u00e9tait un souhait et non une affirmation.<\/p>\n<p>   <img decoding=\"async\" draggable=\"false\" src=\"https:\/\/www.europesays.com\/fr\/wp-content\/uploads\/2025\/05\/jack-doohan-alpine-crash.jpg\" alt=\"L'accident de Jack Doohan \u00e0 Suzuka.\" width=\"1200\" height=\"800\" loading=\"lazy\"\/> <\/p>\n<p class=\"title\">L&rsquo;accident de Jack Doohan \u00e0 Suzuka.<\/p>\n<p class=\"photographer\">Photo de: Bryn Lennon &#8211; Formula 1<\/p>\n<p>Avant le Grand Prix de Miami, le directeur d&rsquo;Alpine, Oliver Oakes, avait d\u00e9clar\u00e9 : \u00ab\u00a0Je pense qu&rsquo;il s&rsquo;agissait d&rsquo;un sponsor argentin, hors cam\u00e9ra, qui donnait son point de vue sur Franco et sur le moment o\u00f9 il monterait dans la voiture. Je suis s\u00fbr qu&rsquo;il y a beaucoup de gens en Argentine qui aimeraient qu&rsquo;il soit dans la voiture ce dimanche. Notre \u00e9quipe a \u00e9t\u00e9 tr\u00e8s ouverte sur le fait qu&rsquo;il ne s&rsquo;agit que de rumeurs. Jack doit continuer \u00e0 faire du bon travail. Mais il est naturel qu&rsquo;il y ait toujours des sp\u00e9culations.\u00a0\u00bb<\/p>\n<p>Toutefois, quand une r\u00e9ponse moins ambig\u00fce lui a \u00e9t\u00e9 demand\u00e9e sur la pr\u00e9sence de Doohan \u00e0 Imola, Oakes a l\u00e2ch\u00e9 que l&rsquo;Australien \u00e9tait le pilote de l&rsquo;\u00e9curie \u00ab\u00a0\u00e0 l&rsquo;heure actuelle\u00a0\u00bb, avant d&rsquo;ajouter que l&rsquo;\u00e9quipe \u00ab\u00a0\u00e9value en permanence\u00a0\u00bb son line-up.<\/p>\n<p>Imola marquera le d\u00e9but d&rsquo;une s\u00e9rie de trois Grands Prix cons\u00e9cutifs pour le retour de la F1 en Europe, puisque la course italienne sera suivie par Monaco et Barcelone. Selon nos informations, Alpine n&rsquo;aurait toutefois pas particuli\u00e8rement ce timing logistique en t\u00eate au moment de prendre sa d\u00e9cision, quelle qu&rsquo;elle soit. En sus, Colapinto fait depuis son arriv\u00e9e au sein de l&rsquo;\u00e9quipe l&rsquo;objet d&rsquo;une pr\u00e9paration intensive, que ce soit en simulateur ou via des tests priv\u00e9s.<\/p>\n<p>Colapinto a marqu\u00e9 les esprits l&rsquo;an pass\u00e9 en rempla\u00e7ant <a href=\"https:\/\/fr.motorsport.com\/driver\/logan-sargeant\/823205\/\" target=\"_blank\" rel=\"noopener\">Logan Sargeant<\/a> chez <a href=\"https:\/\/fr.motorsport.com\/team\/williams\/613\/\" target=\"_blank\" rel=\"noopener\">Williams<\/a>. Il s&rsquo;est m\u00eame permis d&rsquo;inscrire des points lors des \u00e9preuves d&rsquo;Azerba\u00efdjan et des \u00c9tats-Unis, suscitant alors des rumeurs allant jusqu&rsquo;\u00e0 l&rsquo;envoyer chez <a href=\"https:\/\/fr.motorsport.com\/team\/red-bull\/553\/\" target=\"_blank\" rel=\"noopener\">Red Bull<\/a>. Cependant, la toute fin de saison a aussi \u00e9t\u00e9 parsem\u00e9e par plusieurs accidents, notamment \u00e0 Las Vegas et au Br\u00e9sil, qui ont \u00e9loign\u00e9 la perspective qu&rsquo;il rejoigne le programme autrichien. C&rsquo;est toutefois \u00e0 ce moment-l\u00e0 qu&rsquo;Alpine est entr\u00e9e dans la danse pour int\u00e9grer le pilote \u00e0 son pool de r\u00e9servistes.<\/p>\n<p>Outre ce qu&rsquo;il a sportivement pu d\u00e9montrer l&rsquo;an pass\u00e9, Colapinto est accompagn\u00e9 d&rsquo;une cohorte de sponsors d\u00e9sireux de soutenir sa pr\u00e9sence en F1. Le \u00ab\u00a0Amazon d&rsquo;Am\u00e9rique du Sud\u00a0\u00bb, \u00e0 savoir l&rsquo;entreprise Mercado Libre, a d\u00e9j\u00e0 rejoint Alpine en tant que partenaire.<\/p>\n<p style=\"text-align: right;\">Avec Filip Cleeren<\/p>\n<p>Lire aussi :<\/p>\n<p>Dans cet article<\/p>\n<p>    Fabien Gaillard\n<\/p>\n<p>    Formule 1\n<\/p>\n<p>    Jack Doohan\n<\/p>\n<p>    Franco Colapinto\n<\/p>\n<p>    Alpine\n<\/p>\n<p>Soyez le premier inform\u00e9 et souscrivez aux alertes mails pour recevoir les infos en temps r\u00e9el<\/p>\n<p>    S&rsquo;abonner aux alertes de news<\/p>\n","protected":false},"excerpt":{"rendered":"Le d\u00e9but de la saison europ\u00e9enne marquera-t-il d\u00e9j\u00e0 la fin de la campagne de Jack Doohan\u00a0? C&rsquo;est en&hellip;\n","protected":false},"author":2,"featured_media":76717,"comment_status":"","ping_status":"","sticky":false,"template":"","format":"standard","meta":{"footnotes":""},"categories":[1412],"tags":[2674,1451,1452,1453,1454,1455,1011,27,18196,18197,9935,2252,60],"class_list":{"0":"post-76716","1":"post","2":"type-post","3":"status-publish","4":"format-standard","5":"has-post-thumbnail","7":"category-f1","8":"tag-alpine","9":"tag-f1","10":"tag-formula-1","11":"tag-formula1","12":"tag-formule-1","13":"tag-formule1","14":"tag-fr","15":"tag-france","16":"tag-franco-colapinto","17":"tag-gp-du00c9milie-romagne","18":"tag-imola","19":"tag-jack-doohan","20":"tag-sports"},"share_on_mastodon":{"url":"https:\/\/pubeurope.com\/@fr\/114455434392632067","error":""},"_links":{"self":[{"href":"https:\/\/www.europesays.com\/fr\/wp-json\/wp\/v2\/posts\/76716","targetHints":{"allow":["GET"]}}],"collection":[{"href":"https:\/\/www.europesays.com\/fr\/wp-json\/wp\/v2\/posts"}],"about":[{"href":"https:\/\/www.europesays.com\/fr\/wp-json\/wp\/v2\/types\/post"}],"author":[{"embeddable":true,"href":"https:\/\/www.europesays.com\/fr\/wp-json\/wp\/v2\/users\/2"}],"replies":[{"embeddable":true,"href":"https:\/\/www.europesays.com\/fr\/wp-json\/wp\/v2\/comments?post=76716"}],"version-history":[{"count":0,"href":"https:\/\/www.europesays.com\/fr\/wp-json\/wp\/v2\/posts\/76716\/revisions"}],"wp:featuredmedia":[{"embeddable":true,"href":"https:\/\/www.europesays.com\/fr\/wp-json\/wp\/v2\/media\/76717"}],"wp:attachment":[{"href":"https:\/\/www.europesays.com\/fr\/wp-json\/wp\/v2\/media?parent=76716"}],"wp:term":[{"taxonomy":"category","embeddable":true,"href":"https:\/\/www.europesays.com\/fr\/wp-json\/wp\/v2\/categories?post=76716"},{"taxonomy":"post_tag","embeddable":true,"href":"https:\/\/www.europesays.com\/fr\/wp-json\/wp\/v2\/tags?post=76716"}],"curies":[{"name":"wp","href":"https:\/\/api.w.org\/{rel}","templated":true}]}}