{"id":76720,"date":"2025-05-05T13:22:09","date_gmt":"2025-05-05T13:22:09","guid":{"rendered":"https:\/\/www.europesays.com\/fr\/76720\/"},"modified":"2025-05-05T13:22:09","modified_gmt":"2025-05-05T13:22:09","slug":"luefa-sanctionne-financierement-lol","status":"publish","type":"post","link":"https:\/\/www.europesays.com\/fr\/76720\/","title":{"rendered":"L\u2019UEFA sanctionne financi\u00e8rement l\u2019OL"},"content":{"rendered":"<p>                            <img width=\"770\" height=\"433\" src=\"https:\/\/www.europesays.com\/fr\/wp-content\/uploads\/2025\/05\/000_34TZ9LT-770x433.jpg\" class=\"attachment-article size-article wp-post-image\" alt=\"John Textor lors de finale de Coupe de France entre l'OL et le PSG\" decoding=\"async\" fetchpriority=\"high\"  \/><\/p>\n<p>John Textor lors de finale de Coupe de France entre l\u2019OL et le PSG (Photo by FRANCK FIFE \/ AFP)<\/p>\n<p>En plus de la FIFA qui a interdit temporairement le recrutement de jeunes joueurs de plus de 15 ans, l\u2019UEFA a \u00e9galement inflig\u00e9 une amende \u00e0 l\u2019OL pour des impay\u00e9s envers d\u2019autres clubs, des employ\u00e9s ou des autorit\u00e9s sociales et fiscales.<\/p>\n<p>Avec la d\u00e9faite <a href=\"https:\/\/www.olympique-et-lyonnais.com\/battu-par-lens-l-ol-a-certainement-dit-adieu-a-la-ligue-des-champions,360900.html\" rel=\"nofollow noopener\" target=\"_blank\">2-1<\/a> contre le <strong>RC Lens<\/strong>, les sinistroses ont refait surface au-dessus du Parc OL. Plus que le sportif, c\u2019est bien sur le volet \u00e9conomique que l\u2019inqui\u00e9tude grandit avec l\u2019absence de Ligue des champions qui se profile. La manne financi\u00e8re qui peut provenir d\u2019une participation \u00e0 la coupe aux grandes oreilles va faire d\u00e9faut dans le projet financier que va pr\u00e9senter John <strong>Textor<\/strong> \u00e0 la DNCG dans les prochaines semaines. Les supporters s\u2019attendent d\u00e9sormais au pire et ce ne sont pas les r\u00e9centes nouvelles qui viennent calmer la col\u00e8re et l\u2019inqui\u00e9tude de l\u2019environnement lyonnais.<\/p>\n<p>Plus grosse amende parmi les clubs sanctionn\u00e9s<\/p>\n<p>Comme avanc\u00e9 ce lundi matin, l\u2019<strong>OL<\/strong> a \u00e9t\u00e9 \u00e9pingl\u00e9 par la FIFA pour le non-versement de contribution \u00e0 la formation pour certains joueurs d\u00e9barqu\u00e9s entre Rh\u00f4ne et Sa\u00f4ne. Cela a entra\u00een\u00e9 une interdiction de recrutement de jeunes de plus de 15 ans, mais le club a r\u00e9gularis\u00e9 sa situation, comme <a href=\"https:\/\/www.olympique-et-lyonnais.com\/epingle-par-la-fifa-l-ol-est-en-regle-sur-les-contributions-de-formation,360929.html\" rel=\"nofollow noopener\" target=\"_blank\">il l\u2019a fait savoir <\/a>\u00e0 Olympique-et-Lyonnais. N\u00e9anmoins, ce contexte peu agr\u00e9able ne s\u2019est pas limit\u00e9 \u00e0 la FIFA et l\u2019UEFA est \u00e9galement venu mettre son grain de sel.<\/p>\n<p>Dans un communiqu\u00e9 publi\u00e9 ces derniers jours, l\u2019instance europ\u00e9enne a sanctionn\u00e9 plusieurs clubs durant la saison pour des impay\u00e9s envers d\u2019autres clubs, des employ\u00e9s ou des autorit\u00e9s sociales et fiscales. La CFCB a ainsi inflig\u00e9 une amende de 200 000 euros \u00e0 l\u2019Olympique lyonnais, l\u2019amende la plus importante parmi les clubs concern\u00e9s par ces sanctions.<\/p>\n<p>\t\t\t\t\t<a href=\"https:\/\/www.olympique-et-lyonnais.com\/lol-en-ligue-des-champions-oui-mais-comment,360950.html\" title=\"L\u2019OL en Ligue des champions ? Oui, mais comment ?\" rel=\"nofollow noopener\" target=\"_blank\"><img loading=\"lazy\" width=\"580\" height=\"326\" src=\"https:\/\/www.europesays.com\/fr\/wp-content\/uploads\/2025\/05\/AFP__20250309__36ZK8RH__v1__HighRes__FblFraLigue1NiceLyon-580x326.jpg\" class=\"attachment-actularge size-actularge wp-post-image\" alt=\"Mohamed-Ali Cho au duel avec Clinton Mata et Alexandre Lacazette lors de Nice - OL\" decoding=\"async\"  \/>\t\t\t\t\t<\/a><\/p>\n","protected":false},"excerpt":{"rendered":"John Textor lors de finale de Coupe de France entre l\u2019OL et le PSG (Photo by FRANCK FIFE&hellip;\n","protected":false},"author":2,"featured_media":76721,"comment_status":"","ping_status":"","sticky":false,"template":"","format":"standard","meta":{"footnotes":""},"categories":[1410],"tags":[63,1011,27,66,241,978,60],"class_list":{"0":"post-76720","1":"post","2":"type-post","3":"status-publish","4":"format-standard","5":"has-post-thumbnail","7":"category-football","8":"tag-football","9":"tag-fr","10":"tag-france","11":"tag-ligue-1","12":"tag-ol","13":"tag-olympique-lyonnais","14":"tag-sports"},"share_on_mastodon":{"url":"https:\/\/pubeurope.com\/@fr\/114455441844315847","error":""},"_links":{"self":[{"href":"https:\/\/www.europesays.com\/fr\/wp-json\/wp\/v2\/posts\/76720","targetHints":{"allow":["GET"]}}],"collection":[{"href":"https:\/\/www.europesays.com\/fr\/wp-json\/wp\/v2\/posts"}],"about":[{"href":"https:\/\/www.europesays.com\/fr\/wp-json\/wp\/v2\/types\/post"}],"author":[{"embeddable":true,"href":"https:\/\/www.europesays.com\/fr\/wp-json\/wp\/v2\/users\/2"}],"replies":[{"embeddable":true,"href":"https:\/\/www.europesays.com\/fr\/wp-json\/wp\/v2\/comments?post=76720"}],"version-history":[{"count":0,"href":"https:\/\/www.europesays.com\/fr\/wp-json\/wp\/v2\/posts\/76720\/revisions"}],"wp:featuredmedia":[{"embeddable":true,"href":"https:\/\/www.europesays.com\/fr\/wp-json\/wp\/v2\/media\/76721"}],"wp:attachment":[{"href":"https:\/\/www.europesays.com\/fr\/wp-json\/wp\/v2\/media?parent=76720"}],"wp:term":[{"taxonomy":"category","embeddable":true,"href":"https:\/\/www.europesays.com\/fr\/wp-json\/wp\/v2\/categories?post=76720"},{"taxonomy":"post_tag","embeddable":true,"href":"https:\/\/www.europesays.com\/fr\/wp-json\/wp\/v2\/tags?post=76720"}],"curies":[{"name":"wp","href":"https:\/\/api.w.org\/{rel}","templated":true}]}}