{"id":767243,"date":"2026-03-01T04:25:25","date_gmt":"2026-03-01T04:25:25","guid":{"rendered":"https:\/\/www.europesays.com\/fr\/767243\/"},"modified":"2026-03-01T04:25:25","modified_gmt":"2026-03-01T04:25:25","slug":"a-lyon-la-justice-saisie-pour-poursuite-des-activites-dun-groupe-antifasciste-dissous","status":"publish","type":"post","link":"https:\/\/www.europesays.com\/fr\/767243\/","title":{"rendered":"A Lyon, la justice saisie pour \u00ab poursuite des activit\u00e9s \u00bb d\u2019un groupe antifasciste dissous"},"content":{"rendered":"<p class=\"mb-4 text-lg md:leading-8 break-words\"><strong>Article 40 de la proc\u00e9dure p\u00e9nale &#8211; La pr\u00e9f\u00e8te du Rh\u00f4ne, Fabienne Buccio, estime qu\u2019un compte sur le r\u00e9seau social X poursuit, sous une forme d\u00e9tourn\u00e9e, l\u2019action d\u2019un groupe antifasciste de Lyon dissous il y a quatre ans<\/strong><\/p>\n<p class=\"mb-4 text-lg md:leading-8 break-words\">Elle estime qu\u2019un compte sur X nomm\u00e9 \u00ab @antifa_lyon \u00bb poursuit, sous une forme d\u00e9tourn\u00e9e, les activit\u00e9s d\u2019un groupe <a href=\"https:\/\/www.20minutes.fr\/dossier\/antifa?at_medium=RSS%20feed&amp;at_campaign=ynews&amp;utm_source=yahoo&amp;utm_medium=rss&amp;utm_campaign=news_feed&amp;utm_content=in_article_link\" rel=\"nofollow noopener\" target=\"_blank\" data-ylk=\"slk:antifasciste;elm:context_link;itc:0;sec:content-canvas\" class=\"link \">antifasciste<\/a> de <a href=\"https:\/\/www.20minutes.fr\/magazine\/foire-de-lyon-mag\/?at_medium=RSS%20feed&amp;at_campaign=ynews&amp;utm_source=yahoo&amp;utm_medium=rss&amp;utm_campaign=news_feed&amp;utm_content=in_article_link\" rel=\"nofollow noopener\" target=\"_blank\" data-ylk=\"slk:Lyon;elm:context_link;itc:0;sec:content-canvas\" class=\"link \">Lyon<\/a> dissous il y a quatre ans, et appelle \u00e0 la violence, notamment contre les forces de l\u2019ordre. La pr\u00e9f\u00e8te du <a href=\"https:\/\/www.20minutes.fr\/dossier\/rhone?at_medium=RSS%20feed&amp;at_campaign=ynews&amp;utm_source=yahoo&amp;utm_medium=rss&amp;utm_campaign=news_feed&amp;utm_content=in_article_link\" rel=\"nofollow noopener\" target=\"_blank\" data-ylk=\"slk:Rh\u00f4ne;elm:context_link;itc:0;sec:content-canvas\" class=\"link \">Rh\u00f4ne<\/a>, Fabienne Buccio a saisi la justice en cons\u00e9quence a indiqu\u00e9 la pr\u00e9fecture \u00e0 l\u2019AFP samedi.<\/p>\n<p class=\"mb-4 text-lg md:leading-8 break-words\">En vertu de l\u2019article 40 du code de proc\u00e9dure p\u00e9nale, Fabienne Buccio a signal\u00e9 au procureur, pour des publications r\u00e9centes, la similitude des logos et des signal\u00e9tiques de ce compte avec ceux du Groupe Antifasciste Lyon et Environs (GALE) dissous par d\u00e9cret le 30 mars 2022.<\/p>\n<p>\u00ab Apologie d\u2019un crime \u00bb<\/p>\n<p class=\"mb-4 text-lg md:leading-8 break-words\">Ce compte invite notamment \u00e0 participer \u00e0 la pr\u00e9sentation dans diverses villes d\u2019un livre, A bas l\u2019\u00e9tat, les flics et les fachos : fragments d\u2019une lutte antifasciste, publi\u00e9 en 2024.<\/p>\n<p class=\"mb-4 text-lg md:leading-8 break-words\">Il exhorte aussi \u00e0 soutenir les personnes mises en examen pour l&rsquo; \u00bb homicide volontaire \u00bb du militant d\u2019extr\u00eame droite radicale <a href=\"https:\/\/www.20minutes.fr\/societe\/mort-quentin-deranque-lyon\/?at_medium=RSS%20feed&amp;at_campaign=ynews&amp;utm_source=yahoo&amp;utm_medium=rss&amp;utm_campaign=news_feed&amp;utm_content=in_article_link\" rel=\"nofollow noopener\" target=\"_blank\" data-ylk=\"slk:Quentin Deranque;elm:context_link;itc:0;sec:content-canvas\" class=\"link \">Quentin Deranque<\/a> \u00e0 Lyon, une \u00ab apologie d\u2019un crime \u00bb, indique la pr\u00e9fecture \u00e0 l\u2019AFP, mais appelle aussi \u00e0 la \u00ab violence contre les forces de l\u2019ordre \u00bb.<\/p>\n<p class=\"mb-4 text-lg md:leading-8 break-words\">La repr\u00e9sentante de l\u2019Etat demande \u00e0 la justice de constater la \u00ab poursuite de l\u2019activit\u00e9 \u00bb du GALE \u00ab sous une forme identique ou d\u00e9tourn\u00e9e \u00bb \u00e0 travers ce compte X.<\/p>\n<p class=\"mb-4 text-lg md:leading-8 break-words\">L\u2019article 40 fait obligation \u00e0 toute autorit\u00e9 constitu\u00e9e de signaler \u00e0 la justice de possibles crimes et d\u00e9lits. Le gouvernement avait ainsi signal\u00e9 mardi \u00e0 la justice une possible \u00ab reconstitution \u00bb de la Jeune Garde Antifasciste(&#8230;)<\/p>\n<p class=\"mb-4 text-lg md:leading-8 break-words\"><a href=\"https:\/\/www.20minutes.fr\/justice\/4203894-20260228-lyon-justice-saisie-poursuite-activites-groupe-antifasciste-dissous?at_medium=RSS%20feed&amp;at_campaign=ynews&amp;utm_source=yahoo&amp;utm_medium=rss&amp;utm_campaign=news_feed&amp;utm_content=read_more_link&quot;\" rel=\"nofollow noopener\" target=\"_blank\" data-ylk=\"slk:Lire la suite sur 20minutes;elm:context_link;itc:0;sec:content-canvas\" class=\"link \">Lire la suite sur 20minutes<\/a><\/p>\n<p>\u00c0 lire aussi :<br \/><a href=\"https:\/\/www.20minutes.fr\/politique\/assemblee_nationale\/4202156-20260219-mort-quentin-deranque-autodefense-pronee-jeune-garde-ur-polemique-touchant-insoumis?at_medium=RSS%20feed&amp;at_campaign=ynews&amp;utm_source=yahoo&amp;utm_medium=rss&amp;utm_campaign=news_feed&amp;utm_content=related_content_link\" rel=\"nofollow noopener\" target=\"_blank\" data-ylk=\"slk:Mort de Quentin Deranque : \u00ab L\u2019autod\u00e9fense \u00bb pr\u00f4n\u00e9e par la Jeune Garde au c\u0153ur de la pol\u00e9mique touchant les insoumis;elm:context_link;itc:0;sec:content-canvas\" class=\"link \">Mort de Quentin Deranque : \u00ab L\u2019autod\u00e9fense \u00bb pr\u00f4n\u00e9e par la Jeune Garde au c\u0153ur de la pol\u00e9mique touchant les insoumis<\/a><br \/><a href=\"https:\/\/www.20minutes.fr\/societe\/4203402-20260227-generation-identitaire-remparts-jeune-garde-dissolution-groupuscules-violents-fausse-bonne-idee?at_medium=RSS%20feed&amp;at_campaign=ynews&amp;utm_source=yahoo&amp;utm_medium=rss&amp;utm_campaign=news_feed&amp;utm_content=related_content_link\" rel=\"nofollow noopener\" target=\"_blank\" data-ylk=\"slk:G\u00e9n\u00e9ration identitaire, Les Remparts, Jeune garde\u2026 La dissolution des groupuscules violents, une fausse bonne id\u00e9e ?;elm:context_link;itc:0;sec:content-canvas\" class=\"link \">G\u00e9n\u00e9ration identitaire, Les Remparts, Jeune garde\u2026 La dissolution des groupuscules violents, une fausse bonne id\u00e9e ?<\/a><\/p>\n","protected":false},"excerpt":{"rendered":"Article 40 de la proc\u00e9dure p\u00e9nale &#8211; La pr\u00e9f\u00e8te du Rh\u00f4ne, Fabienne Buccio, estime qu\u2019un compte sur le&hellip;\n","protected":false},"author":2,"featured_media":767244,"comment_status":"","ping_status":"","sticky":false,"template":"","format":"standard","meta":{"footnotes":"","_share_on_mastodon":"0"},"categories":[1889],"tags":[1111,11,2430,50424,1777,674,9846,3160,1011,27,2428,12,31903,25],"class_list":["post-767243","post","type-post","status-publish","format-standard","has-post-thumbnail","category-lyon","tag-actu","tag-actualites","tag-auvergne-rhone-alpes","tag-code-de-procedure-penale","tag-eu","tag-europe","tag-fabienne-buccio","tag-forces-de-lordre","tag-fr","tag-france","tag-lyon","tag-news","tag-procedure-penale","tag-republique-francaise"],"share_on_mastodon":{"url":"https:\/\/pubeurope.com\/@fr\/116152023478940812","error":""},"_links":{"self":[{"href":"https:\/\/www.europesays.com\/fr\/wp-json\/wp\/v2\/posts\/767243","targetHints":{"allow":["GET"]}}],"collection":[{"href":"https:\/\/www.europesays.com\/fr\/wp-json\/wp\/v2\/posts"}],"about":[{"href":"https:\/\/www.europesays.com\/fr\/wp-json\/wp\/v2\/types\/post"}],"author":[{"embeddable":true,"href":"https:\/\/www.europesays.com\/fr\/wp-json\/wp\/v2\/users\/2"}],"replies":[{"embeddable":true,"href":"https:\/\/www.europesays.com\/fr\/wp-json\/wp\/v2\/comments?post=767243"}],"version-history":[{"count":0,"href":"https:\/\/www.europesays.com\/fr\/wp-json\/wp\/v2\/posts\/767243\/revisions"}],"wp:featuredmedia":[{"embeddable":true,"href":"https:\/\/www.europesays.com\/fr\/wp-json\/wp\/v2\/media\/767244"}],"wp:attachment":[{"href":"https:\/\/www.europesays.com\/fr\/wp-json\/wp\/v2\/media?parent=767243"}],"wp:term":[{"taxonomy":"category","embeddable":true,"href":"https:\/\/www.europesays.com\/fr\/wp-json\/wp\/v2\/categories?post=767243"},{"taxonomy":"post_tag","embeddable":true,"href":"https:\/\/www.europesays.com\/fr\/wp-json\/wp\/v2\/tags?post=767243"}],"curies":[{"name":"wp","href":"https:\/\/api.w.org\/{rel}","templated":true}]}}