{"id":76726,"date":"2025-05-05T13:25:09","date_gmt":"2025-05-05T13:25:09","guid":{"rendered":"https:\/\/www.europesays.com\/fr\/76726\/"},"modified":"2025-05-05T13:25:09","modified_gmt":"2025-05-05T13:25:09","slug":"nicolas-bedos-je-me-suis-tu-pendant-deux-ans-condamne-pour-agression-sexuelle-lauteur-sort-un-livre-pour-raconter-ce-qui-la-conduit-a-cette-chute","status":"publish","type":"post","link":"https:\/\/www.europesays.com\/fr\/76726\/","title":{"rendered":"Nicolas Bedos &#8211; \u00ab\u00a0Je me suis tu pendant deux ans\u00a0\u00bb : condamn\u00e9 pour agression sexuelle, l&rsquo;auteur sort un livre pour raconter ce qui l&rsquo;a conduit \u00e0 \u00ab\u00a0cette chute\u00a0\u00bb"},"content":{"rendered":"<p>En juin 2023, <a data-i13n=\"cpos:1;pos:1\" href=\"https:\/\/fr.style.yahoo.com\/couples-mythiques-doria-tillier-nicolas-bedos-trouble-peine-073242313.html\" data-ylk=\"slk:Nicolas Bedos;cpos:1;pos:1;elm:context_link;itc:0;sec:content-canvas;outcm:mb_qualified_link;_E:mb_qualified_link;ct:story;\" class=\"link  yahoo-link\" target=\"_blank\" rel=\"noopener\">Nicolas Bedos <\/a>est plac\u00e9 en garde \u00e0 vue pour <a data-i13n=\"cpos:2;pos:1\" href=\"https:\/\/fr.style.yahoo.com\/gerard-depardieu-ca-me-repugne-a-vomir-vraiment-ecoeurant-un-monde-de-tordus-une-veritable-amie-cest-tout-le-retour-de-lacteur-au-cinema-grace-a-fanny-ardant-divise-les-francais-144434388.html\" data-ylk=\"slk:l&#039;agression sexuelle;cpos:2;pos:1;elm:context_link;itc:0;sec:content-canvas;outcm:mb_qualified_link;_E:mb_qualified_link;ct:story;\" class=\"link  yahoo-link\" target=\"_blank\" rel=\"noopener\">l&rsquo;agression sexuelle<\/a> pr\u00e9sum\u00e9e d&rsquo;une femme quelques semaines plus t\u00f4t, lors d&rsquo;une soir\u00e9e. L&rsquo;ann\u00e9e suivante, l&rsquo;auteur est condamn\u00e9 \u00e0 une ann\u00e9e d&#8217;emprisonnement dont six mois avec sursis : il annonce faire appel de cette condamnation avant de se r\u00e9tracter en janvier 2025.<\/p>\n<p>\u00ab\u00a0Aujourd&rsquo;hui, je raconte\u00a0\u00bb<\/p>\n<p>Reconnu coupable d&rsquo;agression sexuelle, le quadrag\u00e9naire a d\u00e9cid\u00e9 de raconter son exp\u00e9rience dans un livre : \u00ab\u00a0Je me suis tu pendant deux ans. Deux ans de honte, de col\u00e8re et de doutes. J\u2019ai <a data-i13n=\"cpos:3;pos:1\" href=\"https:\/\/fr.style.yahoo.com\/laurent-baffie-il-est-devenu-wokiste-un-hypocrite-sans-talent-il-a-eu-des-decennies-pour-reflechir-cest-quand-meme-triste-ses-excuses-pour-ses-propos-sexistes-ne-convainquent-personne-092814212.html\" data-ylk=\"slk:reconnu mes fautes;cpos:3;pos:1;elm:context_link;itc:0;sec:content-canvas;outcm:mb_qualified_link;_E:mb_qualified_link;ct:story;\" class=\"link  yahoo-link\" target=\"_blank\" rel=\"noopener\">reconnu mes fautes<\/a>, accept\u00e9 ma peine. Aujourd\u2019hui, je raconte. Non pour me justifier, mais pour tenter de comprendre ce qui m\u2019a conduit \u00e0 cette chute \u2014 et ce qu\u2019elle r\u00e9v\u00e8le de nous, de moi, de notre \u00e9poque\u00a0\u00bb, a-t-il \u00e9crit dans un post Instagram, pr\u00e9cisant que la sortie de son ouvrage est pr\u00e9vue pour le 7 mai.<\/p>\n<p>L&rsquo;auteur a \u00e9galement d\u00e9voil\u00e9 la quatri\u00e8me de couverture de son livre, ainsi que le bandeau qui l&rsquo;accompagne. Ce qui semble avoir \u00e9galement motiv\u00e9 Nicolas Bedos \u00e0 \u00e9crire est la volont\u00e9 de pr\u00e9senter sa version des faits \u00e0 sa fille Jos\u00e9phine, n\u00e9e en 2023 : \u00ab\u00a0Un jour viendra, ma fille, o\u00f9 tu te poseras des questions. Tu iras sur internet glaner des infos sur ton p\u00e8re. C&rsquo;est en pr\u00e9vision de ce jour que j&rsquo;ai \u00e9crit ce livre.\u00a0\u00bb<\/p>\n<p>Le dos du livre r\u00e9v\u00e8le l&rsquo;extrait d&rsquo;un dialogue, dans lequel il s&rsquo;auto-analyse. \u00ab\u00a0Tu n&rsquo;as pas pris conscience que le temps avait pass\u00e9, qu&rsquo;une bo\u00eete de nuit n&rsquo;est pas une foire et que l&rsquo;\u00e9poque n&rsquo;excuse plus ce que certains minimisaient\u00a0\u00bb, peut-on lire. Une affirmation \u00e9crite par lui m\u00eame \u00e0 laquelle il r\u00e9pond \u00ab\u00a0Je l&rsquo;admets\u00a0\u00bb. \u00ab\u00a0Si les gal\u00e8res qui t&rsquo;attendent peuvent en dissuader d&rsquo;autres de devenir des types comme toi, tu auras servi \u00e0 quelques chose\u00a0\u00bb, peut-on \u00e9galement lire. Outre le jugement de sa fille, Nicolas Bedos semble esp\u00e9rer que son r\u00e9cit pourra \u00ab\u00a0dissuader\u00a0\u00bb d&rsquo;autres hommes qui pourraient se comporter comme il l&rsquo;a fait.<\/p>\n<p>Un ouvrage qui divise avant m\u00eame sa sortie<\/p>\n<p>Dans l&rsquo;espace commentaire, sa d\u00e9marche est largement salu\u00e9e : \u00ab\u00a0Bravo, c&rsquo;est tr\u00e8s courageux\u00a0\u00bb, \u00ab\u00a0Bravo pour ce livre et votre remise en question\u00a0\u00bb, \u00ab\u00a0Reconna\u00eetre ses torts demande du courage, de l\u2019humilit\u00e9 et une grande force int\u00e9rieure\u00a0\u00bb, \u00ab\u00a0C&rsquo;est rare quelqu&rsquo;un qui fait son mea culpa\u00a0\u00bb, peut-on notamment lire. Yannick Noah, ex tennisman international reconverti dans la chanson, a \u00e9galement tenu \u00e0 apporter son soutien \u00e0 Nicolas Bedos, en \u00e9crivant \u00ab\u00a0Courage my friend\u00a0\u00bb.<\/p>\n<p>Mais si certains le f\u00e9licitent, d&rsquo;autres internautes ont d\u00e9nonc\u00e9 l&rsquo;aspect mercantile de cette initiative : \u00ab\u00a0Vous n&rsquo;aurez pas un centime de ma poche !\u00a0\u00bb, \u00ab\u00a0J\u2019esp\u00e8re que les b\u00e9n\u00e9fices iront \u00e0 des associations de d\u00e9fense des victimes d\u2019agressions sexuelles et sexistes\u00a0\u00bb, \u00ab\u00a0Encore une carri\u00e8re bris\u00e9e, un \u00ab\u00a0fils de\u00a0\u00bb qui va faire du fric avec ses comportements d\u00e9linquants et qui \u00e0 table ouverte dans tous les m\u00e9dias. Fais-toi oublier, ce sera plus d\u00e9cent\u00a0\u00bb, \u00ab\u00a0Tous ces gens connus se croient tout permis. \u00c7a me d\u00e9go\u00fbte (&#8230;) en plus \u00e7a se fait de la thune avec ce livre. Il faut le boycotter !\u00a0\u00bb<\/p>\n","protected":false},"excerpt":{"rendered":"En juin 2023, Nicolas Bedos est plac\u00e9 en garde \u00e0 vue pour l&rsquo;agression sexuelle pr\u00e9sum\u00e9e d&rsquo;une femme quelques&hellip;\n","protected":false},"author":2,"featured_media":76727,"comment_status":"","ping_status":"","sticky":false,"template":"","format":"standard","meta":{"footnotes":""},"categories":[1357],"tags":[1267,1379,58,59,1011,27,1380,16083,16084],"class_list":{"0":"post-76726","1":"post","2":"type-post","3":"status-publish","4":"format-standard","5":"has-post-thumbnail","7":"category-livres","8":"tag-agression-sexuelle","9":"tag-books","10":"tag-divertissement","11":"tag-entertainment","12":"tag-fr","13":"tag-france","14":"tag-livres","15":"tag-nicolas-bedos","16":"tag-un-livre"},"share_on_mastodon":{"url":"https:\/\/pubeurope.com\/@fr\/114455453629585831","error":""},"_links":{"self":[{"href":"https:\/\/www.europesays.com\/fr\/wp-json\/wp\/v2\/posts\/76726","targetHints":{"allow":["GET"]}}],"collection":[{"href":"https:\/\/www.europesays.com\/fr\/wp-json\/wp\/v2\/posts"}],"about":[{"href":"https:\/\/www.europesays.com\/fr\/wp-json\/wp\/v2\/types\/post"}],"author":[{"embeddable":true,"href":"https:\/\/www.europesays.com\/fr\/wp-json\/wp\/v2\/users\/2"}],"replies":[{"embeddable":true,"href":"https:\/\/www.europesays.com\/fr\/wp-json\/wp\/v2\/comments?post=76726"}],"version-history":[{"count":0,"href":"https:\/\/www.europesays.com\/fr\/wp-json\/wp\/v2\/posts\/76726\/revisions"}],"wp:featuredmedia":[{"embeddable":true,"href":"https:\/\/www.europesays.com\/fr\/wp-json\/wp\/v2\/media\/76727"}],"wp:attachment":[{"href":"https:\/\/www.europesays.com\/fr\/wp-json\/wp\/v2\/media?parent=76726"}],"wp:term":[{"taxonomy":"category","embeddable":true,"href":"https:\/\/www.europesays.com\/fr\/wp-json\/wp\/v2\/categories?post=76726"},{"taxonomy":"post_tag","embeddable":true,"href":"https:\/\/www.europesays.com\/fr\/wp-json\/wp\/v2\/tags?post=76726"}],"curies":[{"name":"wp","href":"https:\/\/api.w.org\/{rel}","templated":true}]}}