{"id":767279,"date":"2026-03-01T04:50:12","date_gmt":"2026-03-01T04:50:12","guid":{"rendered":"https:\/\/www.europesays.com\/fr\/767279\/"},"modified":"2026-03-01T04:50:12","modified_gmt":"2026-03-01T04:50:12","slug":"ma-performance-un-tres-bon-match-pour-moi","status":"publish","type":"post","link":"https:\/\/www.europesays.com\/fr\/767279\/","title":{"rendered":"Ma performance ? Un tr\u00e8s bon match pour moi"},"content":{"rendered":"<p><img width=\"700\" height=\"350\" src=\"https:\/\/www.europesays.com\/fr\/wp-content\/uploads\/2025\/11\/Zabarnyi-.jpg\" class=\"attachment-jannah-image-post size-jannah-image-post wp-post-image\" alt=\"Zabarnyi\" is_main_img=\"1\" decoding=\"async\" fetchpriority=\"high\"  \/><br \/>\n Image :<br \/>\nPSG.fr<\/p>\n<p>Le PSG jouait ce samedi soir contre Le Havre lors de la 24e<br \/>\njourn\u00e9e de Ligue 1. Dans une rencontre qu\u2019il a totalement domin\u00e9e,<br \/>\nle PSG s\u2019est impos\u00e9 sur la plus petite des marges<br \/>\n(0-1).\u00a0<\/p>\n<p>Avant de rentrer sur la pelouse du <strong>stade<br \/>\nOc\u00e9ane<\/strong>, le <strong>PSG<\/strong> savait qu\u2019en cas de<br \/>\nvictoire ce soir contre <strong>Le Havre<\/strong>, il prendrait<br \/>\nquatre points d\u2019avance sur le <strong>RC Lens<\/strong>, qui avait<br \/>\nconc\u00e9d\u00e9 le match nul \u00e0 <strong>Strasbourg<\/strong> hier <a href=\"https:\/\/canal-supporters.com\/ligue-1-le-psg-peut-accroitre-son-avance-en-tete-du-championnat\/\" title=\"\" rel=\"nofollow noopener\" target=\"_blank\">(1-1)<\/a>. Dans un match qu\u2019il a totalement domin\u00e9, le<br \/>\nclub de la capitale s\u2019est procur\u00e9 un tr\u00e8s grand nombre d\u2019occasions,<br \/>\ndont un penalty rat\u00e9 par <strong>D\u00e9sir\u00e9<\/strong><br \/>\n<strong>Dou\u00e9<\/strong>, mais n\u2019a marqu\u00e9 qu\u2019un seul but, par<br \/>\nl\u2019interm\u00e9diaire de <strong><a href=\"https:\/\/canal-supporters.com\/barcola-cest-dommage-que-lon-ne-marque-pas-plus-de-buts\/\" title=\"\" rel=\"nofollow noopener\" target=\"_blank\">Bradley Barcola<\/a><\/strong> (0-1). Mais l\u2019essentiel est<br \/>\nl\u00e0, le <strong>PSG<\/strong> a profit\u00e9 du faux pas de<br \/>\n<strong>Lens<\/strong> pour prendre quatre points d\u2019avance en t\u00eate<br \/>\nde la <strong>Ligue 1<\/strong>. Titulaire en d\u00e9fense centrale et<br \/>\nauteur d\u2019une belle prestation, <strong>Illia Zabarnyi<\/strong> est<br \/>\nrevenu sur ce succ\u00e8s pr\u00e9cieux du <strong>PSG<\/strong>.<\/p>\n<p>\u00c0 lire aussi :\u00a0<a href=\"https:\/\/canal-supporters.com\/ligue-1-le-psg-simpose-au-havre-et-conforte-sa-place-de-leader\/\" title=\"\" rel=\"nofollow noopener\" target=\"_blank\">Ligue 1 \u2013 Le PSG s\u2019impose au Havre et conforte sa place de<br \/>\nleader<\/a><\/p>\n<p><a href=\"https:\/\/x.com\/CanalSupporters\" target=\"_blank\" rel=\"noopener nofollow\" title=\"\">canalsupporters.com<\/a><\/p>\n<p>\u00ab\u00a0On a pris<br \/>\ntrois points, ce qui \u00e9tait tr\u00e8s important pour nous\u00a0\u00bb<\/p>\n<p>\u00ab\u00a0C\u2019\u00e9tait un match difficile, ils ont bien jou\u00e9. On s\u2019y<br \/>\nattendait. Ce n\u2019est jamais facile de jouer ici. Mais on a pris<br \/>\ntrois points, ce qui \u00e9tait tr\u00e8s important pour nous. Comment<br \/>\nje me suis senti ce soir ? Les critiques, \u00e7a fait toujours<br \/>\npartie du football. Je suis toujours rest\u00e9 concentr\u00e9 sur mes<br \/>\nmatches, sur ce que je savais faire, sur ce que je pouvais donner \u00e0<br \/>\nl\u2019\u00e9quipe, lance le num\u00e9ro 6 du <strong>PSG<\/strong> au micro<br \/>\nde <a href=\"https:\/\/plus.ligue1.com\/live\/296373\" target=\"_blank\" rel=\"noopener nofollow\" title=\"\">Ligue 1 +<\/a>. C\u2019est comme \u00e7a.<br \/>\nC\u2019\u00e9tait un tr\u00e8s bon match pour moi. Je veux continuer. D\u00e8s que le<br \/>\ncoach me donne du temps de jeu, je dois r\u00e9pondre pr\u00e9sent. Une<br \/>\nvictoire cruciale ce soir ? Toutes les victoires sont<br \/>\nimportantes. Ce sont les m\u00eames trois points. On est concentr\u00e9 sur<br \/>\nchaque match. Tous les matches sont importants, c\u2019est aussi simple<br \/>\nque \u00e7a.\u00ab\u00a0<\/p>\n","protected":false},"excerpt":{"rendered":"Image : PSG.fr Le PSG jouait ce samedi soir contre Le Havre lors de la 24e journ\u00e9e de&hellip;\n","protected":false},"author":2,"featured_media":506007,"comment_status":"","ping_status":"","sticky":false,"template":"","format":"standard","meta":{"footnotes":"","_share_on_mastodon":"0"},"categories":[1410],"tags":[12130,84715,84716,81,787,63,1011,27,84717,84718,39683,77231,66,1611,626,91,92,93,60,96,29675],"class_list":["post-767279","post","type-post","status-publish","format-standard","has-post-thumbnail","category-football","tag-24e-journee","tag-24e-journee-de-ligue-1","tag-24e-journee-ligue-1","tag-canal-supporters","tag-cs","tag-football","tag-fr","tag-france","tag-hac-psg","tag-hacpsg","tag-illia-zabarnyi","tag-le-havre-psg","tag-ligue-1","tag-ligue-1-macdonalds","tag-paris","tag-paris-saint-germain","tag-paris-sg","tag-psg","tag-sports","tag-une","tag-zabarnyi"],"share_on_mastodon":{"url":"https:\/\/pubeurope.com\/@fr\/116152121879392992","error":""},"_links":{"self":[{"href":"https:\/\/www.europesays.com\/fr\/wp-json\/wp\/v2\/posts\/767279","targetHints":{"allow":["GET"]}}],"collection":[{"href":"https:\/\/www.europesays.com\/fr\/wp-json\/wp\/v2\/posts"}],"about":[{"href":"https:\/\/www.europesays.com\/fr\/wp-json\/wp\/v2\/types\/post"}],"author":[{"embeddable":true,"href":"https:\/\/www.europesays.com\/fr\/wp-json\/wp\/v2\/users\/2"}],"replies":[{"embeddable":true,"href":"https:\/\/www.europesays.com\/fr\/wp-json\/wp\/v2\/comments?post=767279"}],"version-history":[{"count":0,"href":"https:\/\/www.europesays.com\/fr\/wp-json\/wp\/v2\/posts\/767279\/revisions"}],"wp:featuredmedia":[{"embeddable":true,"href":"https:\/\/www.europesays.com\/fr\/wp-json\/wp\/v2\/media\/506007"}],"wp:attachment":[{"href":"https:\/\/www.europesays.com\/fr\/wp-json\/wp\/v2\/media?parent=767279"}],"wp:term":[{"taxonomy":"category","embeddable":true,"href":"https:\/\/www.europesays.com\/fr\/wp-json\/wp\/v2\/categories?post=767279"},{"taxonomy":"post_tag","embeddable":true,"href":"https:\/\/www.europesays.com\/fr\/wp-json\/wp\/v2\/tags?post=767279"}],"curies":[{"name":"wp","href":"https:\/\/api.w.org\/{rel}","templated":true}]}}