{"id":76728,"date":"2025-05-05T13:26:34","date_gmt":"2025-05-05T13:26:34","guid":{"rendered":"https:\/\/www.europesays.com\/fr\/76728\/"},"modified":"2025-05-05T13:26:34","modified_gmt":"2025-05-05T13:26:34","slug":"laure-maries-au-premier-regard-prend-la-parole-sur-labsence-de-son-mari-matthieu","status":"publish","type":"post","link":"https:\/\/www.europesays.com\/fr\/76728\/","title":{"rendered":"Laure (Mari\u00e9s au premier regard) prend la parole sur l\u2019absence de son mari Matthieu"},"content":{"rendered":"<p class=\"articleContent-meta\">\n        Aujourd&rsquo;hui \u00e0 13:40 &#8211; par             Sophie Bongart<\/p>\n<p>                    Tweeter<\/p>\n<p>                    Partager sur Facebook<\/p>\n<p>                        <img decoding=\"async\" src=\"https:\/\/www.europesays.com\/fr\/wp-content\/uploads\/2025\/05\/laure-et-matthieu-maries-au-premier-regard-sont-parents.jpg\" alt=\"Player Video\" class=\"player-applyRatio poster exclude-seedtag\"\/><\/p>\n<p>Ce lundi 5 mai, Laure Larrory a pris la parole sur Instagram pour rassurer ses abonn\u00e9s, nombreux \u00e0 s\u2019interroger sur l\u2019absence prolong\u00e9e de Matthieu. L\u2019ex-candidate de Mari\u00e9s au premier regard a expliqu\u00e9 les raisons tout en donnant des nouvelles de leur quotidien.<\/p>\n<p><a href=\"https:\/\/www.programme.tv\/news\/tele-realite\/236937-cest-un-grand-jour-pour-nous-laure-maries-au-premier-regard-fait-une-annonce-qui-va-bouleverser-sa-vie-de-couple-avec-matthieu\/\" target=\"_blank\" rel=\"noopener\"><b>Laure et Matthieu<\/b><\/a><b>,<\/b> couple embl\u00e9matique de <b>Mari\u00e9s au premier regard<\/b>, traversent une p\u00e9riode de transition personnelle et professionnelle. Alors que le couple pr\u00e9pare son d\u00e9m\u00e9nagement et un nouveau projet, <a href=\"https:\/\/www.programme.tv\/news\/tele-realite\/261994-je-ne-me-suis-jamais-vue-comme-ca-laure-maries-au-premier-regard-confie-traverser-une-periode-tres-compliquee-dans-sa-vie\/\" target=\"_blank\" rel=\"noopener\">Laure Larrory s&rsquo;est r\u00e9cemment livr\u00e9e sans filtre sur ses soucis de sant\u00e9<\/a>, li\u00e9s \u00e0 une grosse fatigue physique et mentale. \u00ab\u00a0Je suis dans une mauvaise passe\u00a0\u00bb, a-t-elle confi\u00e9 le 25 avril dernier. Confront\u00e9s \u00e0 des tensions avec une ex-compagne de Matthieu,<a href=\"https:\/\/www.programme.tv\/news\/tele-realite\/238598-on-a-vendu-notre-maison-a-contrecoeur-laure-maries-au-premier-regard-evoque-les-soucis-financiers-de-matthieu-a-cause-de-son-ex-compagne\/\" target=\"_blank\" rel=\"noopener\"> ils ont d\u00fb se r\u00e9soudre \u00e0 vendre leur maison en Normandie<\/a>, un choix difficile motiv\u00e9 par des soucis financiers. Malgr\u00e9 ces turbulences, une lueur d\u2019espoir semble poindre : le couple s\u2019appr\u00eate \u00e0 tourner une page importante en quittant leur ancien foyer pour d\u00e9marrer un nouveau chapitre avec l\u2019ouverture d\u2019un local professionnel.<\/p>\n<p>Laure se confie sur l\u2019absence de son mari Matthieu : \u00ab\u00a0Vous \u00eates beaucoup \u00e0 me poser la question\u00a0\u00bb<\/p>\n<p>Dernier point abord\u00e9 dans ses stories, Laure Larrory a tenu \u00e0 clarifier une situation qui a suscit\u00e9 de nombreuses interrogations. \u00ab\u00a0C&rsquo;est aujourd&rsquo;hui que Matthieu commence son nouveau travail ! Vous \u00eates beaucoup \u00e0 me poser la question sur son absence des r\u00e9seaux sociaux\u00a0\u00bb, a-t-elle reconnu avant de rassurer sa communaut\u00e9. \u00ab\u00a0<b>En fait, il a voulu prendre un peu de recul et s\u2019\u00e9loigner des r\u00e9seaux. Il n\u2019y a pas d\u2019inqui\u00e9tude \u00e0 avoir par rapport \u00e0 \u00e7a.<\/b> Il est content de commencer et de r\u00e9cup\u00e9rer une routine un peu plus classique\u00a0\u00bb, a pr\u00e9cis\u00e9 la maman de Lya et Rose.<\/p>\n<p>                                    Laure (Mari\u00e9s au premier regard) se confie sur son \u00e9tat de sant\u00e9 : \u00ab\u00a0\u00c7a m\u2019inqui\u00e8te un peu\u00a0\u00bb<\/p>\n<p>Apr\u00e8s un long week-end ensoleill\u00e9 et ressour\u00e7ant pass\u00e9 en famille et entre amis, <a href=\"https:\/\/www.programme.tv\/news\/tele-realite\/262030-cetait-une-fausse-bonne-idee-laure-maries-au-premier-regard-raconte-une-grosse-galere-avec-sa-fille-lya\/\" target=\"_blank\" rel=\"noopener\">Laure Larrory<\/a> a repris la parole sur Instagram ce lundi 5 mai pour faire un \u00ab\u00a0petit point couperose\u00a0\u00bb, comme elle l\u2019a expliqu\u00e9 face cam\u00e9ra. Suivie de pr\u00e8s par sa communaut\u00e9 depuis qu\u2019elle a r\u00e9v\u00e9l\u00e9 souffrir de rosac\u00e9e, elle s\u2019est confi\u00e9e avec franchise : \u00ab\u00a0J&rsquo;ai plein de petits boutons qui sont sortis ce week-end, comme une peau granuleuse.\u00a0\u00bb Inqui\u00e8te, elle s\u2019interroge, mais garde espoir : \u00ab\u00a0Je me demande si c&rsquo;est la cr\u00e8me que j&rsquo;utilise&#8230; \u00c7a m&rsquo;inqui\u00e8te, m\u00eame si niveau rougeur, j&rsquo;en ai un peu moins.\u00a0\u00bb En attendant les r\u00e9sultats complets de sa derni\u00e8re s\u00e9ance de laser, Laure pr\u00e9f\u00e8re patienter et continuer \u00e0 surveiller l\u2019\u00e9volution.<\/p>\n<p>Article \u00e9crit avec la collaboration de 6Medias<\/p>\n<p>Rejoignez-nous sur Google News !<\/p>\n<p class=\"articleContent-pushTagline\">Abonnez-vous \u00e0 <a href=\"https:\/\/news.google.com\/publications\/CAAiEJwr-IZFXDFoZD1ePbkC_VcqFAgKIhCcK_iGRVwxaGQ9Xj25Av1X\" target=\"_blank\" rel=\"noopener\">T\u00e9l\u00e9 2 semaines sur Google News<\/a> pour ne manquer aucune info !<\/p>\n","protected":false},"excerpt":{"rendered":"Aujourd&rsquo;hui \u00e0 13:40 &#8211; par Sophie Bongart Tweeter Partager sur Facebook Ce lundi 5 mai, Laure Larrory a&hellip;\n","protected":false},"author":2,"featured_media":76729,"comment_status":"","ping_status":"","sticky":false,"template":"","format":"standard","meta":{"footnotes":""},"categories":[1356],"tags":[58,59,1011,27,18199,18198,5214,4581,4582,252,3604,1364,18200],"class_list":{"0":"post-76728","1":"post","2":"type-post","3":"status-publish","4":"format-standard","5":"has-post-thumbnail","7":"category-television","8":"tag-divertissement","9":"tag-entertainment","10":"tag-fr","11":"tag-france","12":"tag-guid_6269268788001","13":"tag-laure-et-matthieu","14":"tag-mariu00e9s-au-premier-regard","15":"tag-story","16":"tag-tel","17":"tag-television","18":"tag-tu00e9lu00e9-ru00e9alitu00e9","19":"tag-tv","20":"tag-uuid_6f6dde5e-52c7-409e-9c55-00d71cc2f2b4"},"share_on_mastodon":{"url":"https:\/\/pubeurope.com\/@fr\/114455457619022861","error":""},"_links":{"self":[{"href":"https:\/\/www.europesays.com\/fr\/wp-json\/wp\/v2\/posts\/76728","targetHints":{"allow":["GET"]}}],"collection":[{"href":"https:\/\/www.europesays.com\/fr\/wp-json\/wp\/v2\/posts"}],"about":[{"href":"https:\/\/www.europesays.com\/fr\/wp-json\/wp\/v2\/types\/post"}],"author":[{"embeddable":true,"href":"https:\/\/www.europesays.com\/fr\/wp-json\/wp\/v2\/users\/2"}],"replies":[{"embeddable":true,"href":"https:\/\/www.europesays.com\/fr\/wp-json\/wp\/v2\/comments?post=76728"}],"version-history":[{"count":0,"href":"https:\/\/www.europesays.com\/fr\/wp-json\/wp\/v2\/posts\/76728\/revisions"}],"wp:featuredmedia":[{"embeddable":true,"href":"https:\/\/www.europesays.com\/fr\/wp-json\/wp\/v2\/media\/76729"}],"wp:attachment":[{"href":"https:\/\/www.europesays.com\/fr\/wp-json\/wp\/v2\/media?parent=76728"}],"wp:term":[{"taxonomy":"category","embeddable":true,"href":"https:\/\/www.europesays.com\/fr\/wp-json\/wp\/v2\/categories?post=76728"},{"taxonomy":"post_tag","embeddable":true,"href":"https:\/\/www.europesays.com\/fr\/wp-json\/wp\/v2\/tags?post=76728"}],"curies":[{"name":"wp","href":"https:\/\/api.w.org\/{rel}","templated":true}]}}