{"id":76740,"date":"2025-05-05T13:32:23","date_gmt":"2025-05-05T13:32:23","guid":{"rendered":"https:\/\/www.europesays.com\/fr\/76740\/"},"modified":"2025-05-05T13:32:23","modified_gmt":"2025-05-05T13:32:23","slug":"aurait-on-trouve-linsaisissable-planete-neuf-un-indice-venu-du-fond-du-cosmos-intrigue-les-scientifiques","status":"publish","type":"post","link":"https:\/\/www.europesays.com\/fr\/76740\/","title":{"rendered":"Aurait-on trouv\u00e9 l&rsquo;insaisissable \u00ab\u00a0Plan\u00e8te Neuf\u00a0\u00bb? Un indice venu du fond du cosmos intrigue les scientifiques"},"content":{"rendered":"<p>Et si notre syst\u00e8me solaire ne comptait pas seulement huit plan\u00e8tes ? Depuis que <a href=\"https:\/\/www.geo.fr\/sciences\/ce-que-vous-ne-saviez-peut-etre-pas-sur-pluton-225220\" rel=\"nofollow noopener\" target=\"_blank\">Pluton<\/a> a \u00e9t\u00e9 r\u00e9trograd\u00e9e en 2006, les scientifiques scrutent le ciel \u00e0 la recherche d&rsquo;un corps c\u00e9leste massif qui pourrait se cacher dans les confins glac\u00e9s au-del\u00e0 de Neptune. Ce candidat insaisissable, surnomm\u00e9 \u00ab\u00a0Plan\u00e8te Neuf\u00a0\u00bb, continue de nourrir les espoirs et les sp\u00e9culations.<\/p>\n<p>Comme le r\u00e9v\u00e8le <a href=\"https:\/\/interestingengineering.com\/space\/planet-nine-could-be-strange-object\" target=\"_blank\" rel=\"nofollow noopener\">Interesting Engineering<\/a>, samedi 3 mai, une \u00e9quipe internationale de chercheurs a mis au jour, fin avril, une piste intrigante. En comparant deux relev\u00e9s infrarouges du ciel pris \u00e0 23 ans d&rsquo;intervalle, ils ont rep\u00e9r\u00e9 un objet dont le d\u00e9placement sur le long terme pourrait correspondre \u00e0 celui d&rsquo;une plan\u00e8te lointaine en orbite autour du <a href=\"https:\/\/www.geo.fr\/environnement\/bloquer-la-lumiere-du-soleil-pour-refroidir-la-planete-ce-projet-britannique-qui-irrite-les-experts-du-climat-226238\" rel=\"nofollow noopener\" target=\"_blank\">Soleil<\/a>.<\/p>\n<p>Tout part d&rsquo;archives vieilles de plusieurs d\u00e9cennies. En 2021, l&rsquo;astronome britannique Michael Rowan-Robinson avait d\u00e9j\u00e0 identifi\u00e9 un possible candidat, d&rsquo;une taille estim\u00e9e trois \u00e0 cinq fois plus grande que celle de la Terre, \u00e0 partir des donn\u00e9es du satellite infrarouge IRAS de la NASA, enregistr\u00e9es en 1983. Aucun autre relev\u00e9 n&rsquo;avait depuis confirm\u00e9 la pr\u00e9sence de cet objet.<\/p>\n<p>\t\t\t\t\t    <img decoding=\"async\" src=\"https:\/\/www.europesays.com\/fr\/wp-content\/uploads\/2025\/05\/les-bahamas-52p9d.jpg\"  class=\"apply-ratio\" title=\"Les Bahamas \"\/> \t\t<\/p>\n<p> Les plus belles photos captur\u00e9es par Thomas Pesquet depuis l&rsquo;espace\t<\/p>\n<p>\tIssue d&rsquo;un autre syst\u00e8me solaire ?<\/p>\n<p>Dans son rapport publi\u00e9 par <a href=\"https:\/\/arxiv.org\/pdf\/2504.17288\" target=\"_blank\" rel=\"nofollow noopener\">Cambridge University Press<\/a>, l&rsquo;\u00e9quipe men\u00e9e par Terry Long Phan a expliqu\u00e9 avoir compar\u00e9 les donn\u00e9es d&rsquo;IRAS avec les images du satellite japonais AKARI, prises en 2006. Ils y ont retrouv\u00e9 dans les deux le fameux objet, l\u00e9g\u00e8rement d\u00e9cal\u00e9 de 47,4 minutes d&rsquo;arc en vingt-trois ans de trajectoire. Selon les scientifiques, ce lent mouvement orbital serait coh\u00e9rent avec le lent mouvement orbital attendu d&rsquo;un objet aussi \u00e9loign\u00e9.<\/p>\n<p>Pour les chercheurs, l&rsquo;objet d\u00e9tect\u00e9 pourrait \u00eatre encore plus volumineux que <a href=\"https:\/\/www.geo.fr\/environnement\/de-nouvelles-images-revelent-laspect-reel-de-neptune-et-duranus-218259\" rel=\"nofollow noopener\" target=\"_blank\">Neptune<\/a>, dont la masse \u00e9quivaut \u00e0 17 fois celle de la Terre, alors qu&rsquo;ils s&rsquo;attendaient simplement \u00e0 une \u00ab\u00a0super-Terre\u00a0\u00bb. Son \u00e9clat, visible dans les deux relev\u00e9s, sugg\u00e8re en effet une taille imposante, mais c&rsquo;est surtout son orbite potentielle qui intrigue. L\u00e0 o\u00f9 Neptune gravite \u00e0 30 unit\u00e9s astronomiques (UA) du Soleil, cette myst\u00e9rieuse plan\u00e8te pourrait osciller entre 280 et 1 120 UA, soit plus de 100 milliards de kilom\u00e8tres dans son \u00e9loignement maximal. Cette \u00e9trange trajectoire soul\u00e8ve des questions sur ses origines. Cette plan\u00e8te serait-elle n\u00e9e dans notre syst\u00e8me solaire ou captur\u00e9e d&rsquo;un autre ?<\/p>\n<p>WISE ne l&rsquo;a pas vue<\/p>\n<p>Pour l&rsquo;instant, il ne s&rsquo;agit pas d&rsquo;une d\u00e9couverte formelle, mais d&rsquo;un indice solide. Si cette plan\u00e8te existe bel et bien, elle serait le premier corps c\u00e9leste rep\u00e9r\u00e9 non pas par une observation directe, mais par l&rsquo;analyse patiente de donn\u00e9es anciennes. Reste encore \u00e0 attendre une confirmation suppl\u00e9mentaire. Les observations plus r\u00e9centes du satellite WISE n&rsquo;ont, par exemple, pas retrouv\u00e9 cet objet, peut-\u00eatre parce qu&rsquo;il s&rsquo;est d\u00e9plac\u00e9 depuis 2006, rendant sa position actuelle incertaine.<\/p>\n<p>Malgr\u00e9 les incertitudes, les chercheurs restent optimistes. \u00ab\u00a0La v\u00e9rification de l&rsquo;existence de la Plan\u00e8te Neuf par des \u00e9tudes d&rsquo;observation futures contribuera \u00e0 notre compr\u00e9hension de l&rsquo;\u00e9volution et de la dynamique structurelle du syst\u00e8me solaire\u00a0\u00bb, concluent-ils.<\/p>\n","protected":false},"excerpt":{"rendered":"Et si notre syst\u00e8me solaire ne comptait pas seulement huit plan\u00e8tes ? Depuis que Pluton a \u00e9t\u00e9 r\u00e9trograd\u00e9e&hellip;\n","protected":false},"author":2,"featured_media":76741,"comment_status":"","ping_status":"","sticky":false,"template":"","format":"standard","meta":{"footnotes":""},"categories":[7],"tags":[48,2022,386,1011,27,18226,43,40,41,39,18227,42,44],"class_list":{"0":"post-76740","1":"post","2":"type-post","3":"status-publish","4":"format-standard","5":"has-post-thumbnail","7":"category-sciences-et-technologies","8":"tag-astronomie","9":"tag-du00e9couverte","10":"tag-espace","11":"tag-fr","12":"tag-france","13":"tag-planu00e8te","14":"tag-science","15":"tag-science-and-technology","16":"tag-sciences","17":"tag-sciences-et-technologies","18":"tag-systu00e8me-solaire","19":"tag-technologies","20":"tag-technology"},"share_on_mastodon":{"url":"https:\/\/pubeurope.com\/@fr\/114455481250851727","error":""},"_links":{"self":[{"href":"https:\/\/www.europesays.com\/fr\/wp-json\/wp\/v2\/posts\/76740","targetHints":{"allow":["GET"]}}],"collection":[{"href":"https:\/\/www.europesays.com\/fr\/wp-json\/wp\/v2\/posts"}],"about":[{"href":"https:\/\/www.europesays.com\/fr\/wp-json\/wp\/v2\/types\/post"}],"author":[{"embeddable":true,"href":"https:\/\/www.europesays.com\/fr\/wp-json\/wp\/v2\/users\/2"}],"replies":[{"embeddable":true,"href":"https:\/\/www.europesays.com\/fr\/wp-json\/wp\/v2\/comments?post=76740"}],"version-history":[{"count":0,"href":"https:\/\/www.europesays.com\/fr\/wp-json\/wp\/v2\/posts\/76740\/revisions"}],"wp:featuredmedia":[{"embeddable":true,"href":"https:\/\/www.europesays.com\/fr\/wp-json\/wp\/v2\/media\/76741"}],"wp:attachment":[{"href":"https:\/\/www.europesays.com\/fr\/wp-json\/wp\/v2\/media?parent=76740"}],"wp:term":[{"taxonomy":"category","embeddable":true,"href":"https:\/\/www.europesays.com\/fr\/wp-json\/wp\/v2\/categories?post=76740"},{"taxonomy":"post_tag","embeddable":true,"href":"https:\/\/www.europesays.com\/fr\/wp-json\/wp\/v2\/tags?post=76740"}],"curies":[{"name":"wp","href":"https:\/\/api.w.org\/{rel}","templated":true}]}}