{"id":76755,"date":"2025-05-05T13:40:12","date_gmt":"2025-05-05T13:40:12","guid":{"rendered":"https:\/\/www.europesays.com\/fr\/76755\/"},"modified":"2025-05-05T13:40:12","modified_gmt":"2025-05-05T13:40:12","slug":"la-joie-de-platini-apres-la-montee-de-nancy-en-ligue-2","status":"publish","type":"post","link":"https:\/\/www.europesays.com\/fr\/76755\/","title":{"rendered":"la joie de Platini apr\u00e8s la mont\u00e9e de Nancy en Ligue 2"},"content":{"rendered":"<p><img decoding=\"async\" class=\"caas-img caas-lazy has-preview\" src=\"https:\/\/www.europesays.com\/fr\/wp-content\/uploads\/2025\/05\/0c293f20065b640f4f9a0c3e5a6fbb75.jpeg\"\/><\/p>\n<p>\u00ab\u00a0Le d\u00e9but d&rsquo;un nouveau cycle positif\u00a0\u00bb: la joie de Platini apr\u00e8s la mont\u00e9e de Nancy en Ligue 2<\/p>\n<p>Le retour de Nancy en Ligue 2 donne du baume au coeur \u00e0 Michel Platini. L&rsquo;ancien joueur de l&rsquo;ASNL (214 matchs entre 1972 et 1979), avec qui il a remport\u00e9 le titre de champion de D2 en 1975 et la Coupe de France en 1978, estime que le retour du club lorrain dans le monde professionnel est \u00ab\u00a0plus conforme \u00e0 son standing et \u00e0 son histoire\u00a0\u00bb, comme il l&rsquo;a confi\u00e9 dans les colonnes de l&rsquo;<a href=\"https:\/\/www.estrepublicain.fr\/sport\/2025\/05\/04\/michel-platini-quand-j-ai-appris-la-montee-de-l-as-nancy-lorraine-j-ai-pense-a-mon-papa-aldo\" rel=\"nofollow noopener\" target=\"_blank\" data-ylk=\"slk:Est R\u00e9publicain;elm:context_link;itc:0;sec:content-canvas\" class=\"link \">Est R\u00e9publicain<\/a>. \u00a0\u00bb Quand j&rsquo;ai appris la mont\u00e9e de l&rsquo;ASNL, j&rsquo;ai pens\u00e9 \u00e0 mon papa Aldo (disparu en 2017). Je me suis dit que, si mon p\u00e8re \u00e9tait encore l\u00e0, je lui aurais pass\u00e9 un coup de fil pour partager ce moment avec lui.\u00a0\u00bb<\/p>\n<p>Correa, l&rsquo;homme d&rsquo;un club<\/p>\n<p>S&rsquo;il esp\u00e8re que ce retour en Ligue 2 &#8211; apr\u00e8s trois ans en National &#8211; est \u00ab\u00a0le d\u00e9but d&rsquo;un nouveau cycle positif\u00a0\u00bb, Michel Platini a tenu \u00e0 saluer le travail de Pablo Correa, \u00ab\u00a0un super meneur d&rsquo;hommes, un entra\u00eeneur qui conna\u00eet tr\u00e8s bien le football et qui a Nancy dans le coeur\u00a0\u00bb. Apr\u00e8s un premier passage sur le banc entre 2002 et 2011, puis un deuxi\u00e8me entre 2013 et 2018, le coach avait rappel\u00e9 une troisi\u00e8me fois fin 2023, pendant que l&rsquo;ASNL \u00e9tait 17e de National, pour impulser une nouvelle marche en avant. Une t\u00e2che r\u00e9ussie, alors que le club revient de loin.<\/p>\n<p>Rel\u00e9gu\u00e9 par la DCNG en National\u00a02 puis National\u00a03 \u00e0 l&rsquo;\u00e9t\u00e9 2023, le club lorrain avait sauv\u00e9 sa place en National gr\u00e2ce un apport de fond et la chute libre de Sedan, <a href=\"https:\/\/fr.news.yahoo.com\/apr%C3%A8s-dettes-rel%C3%A9gation-liquidation-judiciaire-154014242.html\" data-ylk=\"slk:lui, banni en R3;elm:context_link;itc:0;sec:content-canvas;outcm:mb_qualified_link;_E:mb_qualified_link;ct:story;\" class=\"link  yahoo-link\" target=\"_blank\" rel=\"noopener\">lui, banni en R3<\/a>.<\/p>\n<p><a href=\"https:\/\/rmcsport.bfmtv.com\/football\/ligue-2\/le-debut-d-un-nouveau-cycle-positif-la-joie-de-platini-apres-la-montee-de-nancy-en-ligue-2_AV-202505050477.html#xtor=AL-68\" rel=\"nofollow noopener\" target=\"_blank\" data-ylk=\"slk:Article original publi\u00e9 sur RMC Sport;elm:context_link;itc:0;sec:content-canvas\" class=\"link \">Article original publi\u00e9 sur RMC Sport<\/a><\/p>\n","protected":false},"excerpt":{"rendered":"\u00ab\u00a0Le d\u00e9but d&rsquo;un nouveau cycle positif\u00a0\u00bb: la joie de Platini apr\u00e8s la mont\u00e9e de Nancy en Ligue 2&hellip;\n","protected":false},"author":2,"featured_media":76756,"comment_status":"","ping_status":"","sticky":false,"template":"","format":"standard","meta":{"footnotes":""},"categories":[9635],"tags":[1111,11,18230,83,1777,674,1011,27,775,446,18229,1702,12,11849,25],"class_list":{"0":"post-76755","1":"post","2":"type-post","3":"status-publish","4":"format-standard","5":"has-post-thumbnail","7":"category-nancy","8":"tag-actu","9":"tag-actualites","10":"tag-correa","11":"tag-coupe-de-france","12":"tag-eu","13":"tag-europe","14":"tag-fr","15":"tag-france","16":"tag-grand-est","17":"tag-ligue-2","18":"tag-michel-platini","19":"tag-nancy","20":"tag-news","21":"tag-pablo-correa","22":"tag-republique-francaise"},"share_on_mastodon":{"url":"https:\/\/pubeurope.com\/@fr\/114455512571247967","error":""},"_links":{"self":[{"href":"https:\/\/www.europesays.com\/fr\/wp-json\/wp\/v2\/posts\/76755","targetHints":{"allow":["GET"]}}],"collection":[{"href":"https:\/\/www.europesays.com\/fr\/wp-json\/wp\/v2\/posts"}],"about":[{"href":"https:\/\/www.europesays.com\/fr\/wp-json\/wp\/v2\/types\/post"}],"author":[{"embeddable":true,"href":"https:\/\/www.europesays.com\/fr\/wp-json\/wp\/v2\/users\/2"}],"replies":[{"embeddable":true,"href":"https:\/\/www.europesays.com\/fr\/wp-json\/wp\/v2\/comments?post=76755"}],"version-history":[{"count":0,"href":"https:\/\/www.europesays.com\/fr\/wp-json\/wp\/v2\/posts\/76755\/revisions"}],"wp:featuredmedia":[{"embeddable":true,"href":"https:\/\/www.europesays.com\/fr\/wp-json\/wp\/v2\/media\/76756"}],"wp:attachment":[{"href":"https:\/\/www.europesays.com\/fr\/wp-json\/wp\/v2\/media?parent=76755"}],"wp:term":[{"taxonomy":"category","embeddable":true,"href":"https:\/\/www.europesays.com\/fr\/wp-json\/wp\/v2\/categories?post=76755"},{"taxonomy":"post_tag","embeddable":true,"href":"https:\/\/www.europesays.com\/fr\/wp-json\/wp\/v2\/tags?post=76755"}],"curies":[{"name":"wp","href":"https:\/\/api.w.org\/{rel}","templated":true}]}}